{"id":271,"date":"2024-05-08T00:43:49","date_gmt":"2024-05-08T00:43:49","guid":{"rendered":"https:\/\/blogs.gazetaesportiva.com\/arbitragem\/?p=271"},"modified":"2024-05-08T00:44:09","modified_gmt":"2024-05-08T00:44:09","slug":"tire-suas-duvidas-sobre-a-atuacao-da-arbitragem-em-bragantino-x-flamengo","status":"publish","type":"post","link":"https:\/\/blogs.gazetaesportiva.com\/arbitragem\/2024\/05\/08\/tire-suas-duvidas-sobre-a-atuacao-da-arbitragem-em-bragantino-x-flamengo\/","title":{"rendered":"Tire suas d\u00favidas sobre a atua\u00e7\u00e3o da arbitragem em Bragantino x Flamengo"},"content":{"rendered":"<p>O jogo entre Red Bull Bragantino e Flamengo, v\u00e1lido pela quinta rodada do Campeonato Brasileiro, foi marcado pela intensa reclama\u00e7\u00e3o em rela\u00e7\u00e3o ao trabalho do \u00e1rbitro Paulo C\u00e9sar Zanovelli. Assista ao v\u00eddeo abaixo e tire todas as suas d\u00favidas sobre a atua\u00e7\u00e3o do juiz:<\/p>\n<div><script src=\"https:\/\/geo.dailymotion.com\/player\/xb6tv.js\" data-video=\"k3eVmOqBxuRW4OACx4Q\"><\/script><\/div>\n","protected":false},"excerpt":{"rendered":"<p>O jogo entre Red Bull Bragantino e Flamengo, v\u00e1lido pela quinta rodada do Campeonato Brasileiro, foi marcado pela intensa reclama\u00e7\u00e3o em rela\u00e7\u00e3o ao trabalho do <a class=\"read-more\" href=\"https:\/\/blogs.gazetaesportiva.com\/arbitragem\/2024\/05\/08\/tire-suas-duvidas-sobre-a-atuacao-da-arbitragem-em-bragantino-x-flamengo\/\">leia mais<\/a><\/p>\n","protected":false},"author":1,"featured_media":272,"comment_status":"open","ping_status":"open","sticky":false,"template":"","format":"standard","meta":{"_jetpack_memberships_contains_paid_content":false,"footnotes":""},"categories":[1],"tags":[],"class_list":["post-271","post","type-post","status-publish","format-standard","has-post-thumbnail","hentry","category-sem-categoria"],"jetpack_featured_media_url":"https:\/\/blogs.gazetaesportiva.com\/arbitragem\/files\/2024\/05\/WhatsApp-Image-2024-05-07-at-21.42.08.jpeg","jetpack_sharing_enabled":true,"_links":{"self":[{"href":"https:\/\/blogs.gazetaesportiva.com\/arbitragem\/wp-json\/wp\/v2\/posts\/271","targetHints":{"allow":["GET"]}}],"collection":[{"href":"https:\/\/blogs.gazetaesportiva.com\/arbitragem\/wp-json\/wp\/v2\/posts"}],"about":[{"href":"https:\/\/blogs.gazetaesportiva.com\/arbitragem\/wp-json\/wp\/v2\/types\/post"}],"author":[{"embeddable":true,"href":"https:\/\/blogs.gazetaesportiva.com\/arbitragem\/wp-json\/wp\/v2\/users\/1"}],"replies":[{"embeddable":true,"href":"https:\/\/blogs.gazetaesportiva.com\/arbitragem\/wp-json\/wp\/v2\/comments?post=271"}],"version-history":[{"count":0,"href":"https:\/\/blogs.gazetaesportiva.com\/arbitragem\/wp-json\/wp\/v2\/posts\/271\/revisions"}],"wp:featuredmedia":[{"embeddable":true,"href":"https:\/\/blogs.gazetaesportiva.com\/arbitragem\/wp-json\/wp\/v2\/media\/272"}],"wp:attachment":[{"href":"https:\/\/blogs.gazetaesportiva.com\/arbitragem\/wp-json\/wp\/v2\/media?parent=271"}],"wp:term":[{"taxonomy":"category","embeddable":true,"href":"https:\/\/blogs.gazetaesportiva.com\/arbitragem\/wp-json\/wp\/v2\/categories?post=271"},{"taxonomy":"post_tag","embeddable":true,"href":"https:\/\/blogs.gazetaesportiva.com\/arbitragem\/wp-json\/wp\/v2\/tags?post=271"}],"curies":[{"name":"wp","href":"https:\/\/api.w.org\/{rel}","templated":true}]}}