{"id":269,"date":"2024-05-08T00:25:09","date_gmt":"2024-05-08T00:25:09","guid":{"rendered":"https:\/\/blogs.gazetaesportiva.com\/arbitragem\/?p=269"},"modified":"2024-05-08T00:25:56","modified_gmt":"2024-05-08T00:25:56","slug":"bravatas-de-john-textor-criam-nevoa-negativa-para-o-futebol-brasileiro","status":"publish","type":"post","link":"https:\/\/blogs.gazetaesportiva.com\/arbitragem\/2024\/05\/08\/bravatas-de-john-textor-criam-nevoa-negativa-para-o-futebol-brasileiro\/","title":{"rendered":"Bravatas de John Textor criam n\u00e9voa negativa para o futebol brasileiro"},"content":{"rendered":"<p>Dono da SAF do Botafogo, John Textor vem fazendo supostas den\u00fancias sobre manipula\u00e7\u00e3o de resultados. As bravatas do empres\u00e1rio norte-americano criam uma n\u00e9voa muito negativa para todo o futebol brasileiro. Assista ao v\u00eddeo abaixo e confira a an\u00e1lise detalhada do assunto:<\/p>\n<div><script src=\"https:\/\/geo.dailymotion.com\/player\/xb6tv.js\" data-video=\"kkPfmqv49Wc6BhACwSy\"><\/script><\/div>\n","protected":false},"excerpt":{"rendered":"<p>Dono da SAF do Botafogo, John Textor vem fazendo supostas den\u00fancias sobre manipula\u00e7\u00e3o de resultados. As bravatas do empres\u00e1rio norte-americano criam uma n\u00e9voa muito negativa <a class=\"read-more\" href=\"https:\/\/blogs.gazetaesportiva.com\/arbitragem\/2024\/05\/08\/bravatas-de-john-textor-criam-nevoa-negativa-para-o-futebol-brasileiro\/\">leia mais<\/a><\/p>\n","protected":false},"author":1,"featured_media":270,"comment_status":"open","ping_status":"open","sticky":false,"template":"","format":"standard","meta":{"_jetpack_memberships_contains_paid_content":false,"footnotes":""},"categories":[1],"tags":[],"class_list":["post-269","post","type-post","status-publish","format-standard","has-post-thumbnail","hentry","category-sem-categoria"],"jetpack_featured_media_url":"https:\/\/blogs.gazetaesportiva.com\/arbitragem\/files\/2024\/05\/53663995340_e908214d94_k.jpg","jetpack_sharing_enabled":true,"_links":{"self":[{"href":"https:\/\/blogs.gazetaesportiva.com\/arbitragem\/wp-json\/wp\/v2\/posts\/269","targetHints":{"allow":["GET"]}}],"collection":[{"href":"https:\/\/blogs.gazetaesportiva.com\/arbitragem\/wp-json\/wp\/v2\/posts"}],"about":[{"href":"https:\/\/blogs.gazetaesportiva.com\/arbitragem\/wp-json\/wp\/v2\/types\/post"}],"author":[{"embeddable":true,"href":"https:\/\/blogs.gazetaesportiva.com\/arbitragem\/wp-json\/wp\/v2\/users\/1"}],"replies":[{"embeddable":true,"href":"https:\/\/blogs.gazetaesportiva.com\/arbitragem\/wp-json\/wp\/v2\/comments?post=269"}],"version-history":[{"count":0,"href":"https:\/\/blogs.gazetaesportiva.com\/arbitragem\/wp-json\/wp\/v2\/posts\/269\/revisions"}],"wp:featuredmedia":[{"embeddable":true,"href":"https:\/\/blogs.gazetaesportiva.com\/arbitragem\/wp-json\/wp\/v2\/media\/270"}],"wp:attachment":[{"href":"https:\/\/blogs.gazetaesportiva.com\/arbitragem\/wp-json\/wp\/v2\/media?parent=269"}],"wp:term":[{"taxonomy":"category","embeddable":true,"href":"https:\/\/blogs.gazetaesportiva.com\/arbitragem\/wp-json\/wp\/v2\/categories?post=269"},{"taxonomy":"post_tag","embeddable":true,"href":"https:\/\/blogs.gazetaesportiva.com\/arbitragem\/wp-json\/wp\/v2\/tags?post=269"}],"curies":[{"name":"wp","href":"https:\/\/api.w.org\/{rel}","templated":true}]}}