{"id":264,"date":"2024-04-15T16:44:27","date_gmt":"2024-04-15T16:44:27","guid":{"rendered":"https:\/\/blogs.gazetaesportiva.com\/arbitragem\/?p=264"},"modified":"2024-04-15T16:44:27","modified_gmt":"2024-04-15T16:44:27","slug":"manoel-serapiao-analisa-polemica-arbitragem-da-1a-rodada-do-brasileirao","status":"publish","type":"post","link":"https:\/\/blogs.gazetaesportiva.com\/arbitragem\/2024\/04\/15\/manoel-serapiao-analisa-polemica-arbitragem-da-1a-rodada-do-brasileirao\/","title":{"rendered":"Manoel Serapi\u00e3o analisa pol\u00eamica arbitragem da 1\u00aa rodada do Brasileir\u00e3o"},"content":{"rendered":"<p>Ex-\u00e1rbitro Fifa comentou sobre os lances que geraram muitas contesta\u00e7\u00f5es por parte de alguns clubes, que discordaram com as marca\u00e7\u00f5es da arbitragem em seus respectivos jogos nesta primeira rodada de Campeonato Brasileiro.<\/p>\n<div style=\"position: relative; padding-bottom: 56.25%;\"><iframe loading=\"lazy\" style=\"width: 100%; height: 100%; position: absolute; left: 0px; top: 0px; overflow: hidden;\" title=\"Dailymotion video player \u2013 Manoel Serapi\u00e3o analisa pol\u00eamica arbitragem da 1\u00aa rodada do Brasileir\u00e3o\" src=\"https:\/\/geo.dailymotion.com\/player\/xb6tv.html?video=x8wun2g\" width=\"100%\" height=\"100%\" frameborder=\"0\" allowfullscreen=\"allowfullscreen\"><\/iframe><\/div>\n","protected":false},"excerpt":{"rendered":"<p>Ex-\u00e1rbitro Fifa comentou sobre os lances que geraram muitas contesta\u00e7\u00f5es por parte de alguns clubes, que discordaram com as marca\u00e7\u00f5es da arbitragem em seus respectivos <a class=\"read-more\" href=\"https:\/\/blogs.gazetaesportiva.com\/arbitragem\/2024\/04\/15\/manoel-serapiao-analisa-polemica-arbitragem-da-1a-rodada-do-brasileirao\/\">leia mais<\/a><\/p>\n","protected":false},"author":1,"featured_media":265,"comment_status":"open","ping_status":"open","sticky":false,"template":"","format":"standard","meta":{"_jetpack_memberships_contains_paid_content":false,"footnotes":""},"categories":[1],"tags":[],"class_list":["post-264","post","type-post","status-publish","format-standard","has-post-thumbnail","hentry","category-sem-categoria"],"jetpack_featured_media_url":"https:\/\/blogs.gazetaesportiva.com\/arbitragem\/files\/2024\/04\/serapiao.jpg","jetpack_sharing_enabled":true,"_links":{"self":[{"href":"https:\/\/blogs.gazetaesportiva.com\/arbitragem\/wp-json\/wp\/v2\/posts\/264","targetHints":{"allow":["GET"]}}],"collection":[{"href":"https:\/\/blogs.gazetaesportiva.com\/arbitragem\/wp-json\/wp\/v2\/posts"}],"about":[{"href":"https:\/\/blogs.gazetaesportiva.com\/arbitragem\/wp-json\/wp\/v2\/types\/post"}],"author":[{"embeddable":true,"href":"https:\/\/blogs.gazetaesportiva.com\/arbitragem\/wp-json\/wp\/v2\/users\/1"}],"replies":[{"embeddable":true,"href":"https:\/\/blogs.gazetaesportiva.com\/arbitragem\/wp-json\/wp\/v2\/comments?post=264"}],"version-history":[{"count":0,"href":"https:\/\/blogs.gazetaesportiva.com\/arbitragem\/wp-json\/wp\/v2\/posts\/264\/revisions"}],"wp:featuredmedia":[{"embeddable":true,"href":"https:\/\/blogs.gazetaesportiva.com\/arbitragem\/wp-json\/wp\/v2\/media\/265"}],"wp:attachment":[{"href":"https:\/\/blogs.gazetaesportiva.com\/arbitragem\/wp-json\/wp\/v2\/media?parent=264"}],"wp:term":[{"taxonomy":"category","embeddable":true,"href":"https:\/\/blogs.gazetaesportiva.com\/arbitragem\/wp-json\/wp\/v2\/categories?post=264"},{"taxonomy":"post_tag","embeddable":true,"href":"https:\/\/blogs.gazetaesportiva.com\/arbitragem\/wp-json\/wp\/v2\/tags?post=264"}],"curies":[{"name":"wp","href":"https:\/\/api.w.org\/{rel}","templated":true}]}}