{"id":260,"date":"2024-04-11T22:42:56","date_gmt":"2024-04-11T22:42:56","guid":{"rendered":"https:\/\/blogs.gazetaesportiva.com\/arbitragem\/?p=260"},"modified":"2024-04-11T23:02:21","modified_gmt":"2024-04-11T23:02:21","slug":"ainda-sobre-as-perspectivas-para-a-arbitragem-de-2024","status":"publish","type":"post","link":"https:\/\/blogs.gazetaesportiva.com\/arbitragem\/2024\/04\/11\/ainda-sobre-as-perspectivas-para-a-arbitragem-de-2024\/","title":{"rendered":"Ainda sobre as perspectivas para a arbitragem de 2024"},"content":{"rendered":"<figure id=\"attachment_261\" aria-describedby=\"caption-attachment-261\" style=\"width: 2048px\" class=\"wp-caption alignnone\"><img loading=\"lazy\" decoding=\"async\" class=\"size-full wp-image-261\" src=\"https:\/\/blogs.gazetaesportiva.com\/arbitragem\/files\/2024\/04\/53639891094_3205ee4d7e_k.jpg\" alt=\"\" width=\"2048\" height=\"1365\" srcset=\"https:\/\/blogs.gazetaesportiva.com\/arbitragem\/files\/2024\/04\/53639891094_3205ee4d7e_k.jpg 2048w, https:\/\/blogs.gazetaesportiva.com\/arbitragem\/files\/2024\/04\/53639891094_3205ee4d7e_k-300x200.jpg 300w, https:\/\/blogs.gazetaesportiva.com\/arbitragem\/files\/2024\/04\/53639891094_3205ee4d7e_k-1024x683.jpg 1024w, https:\/\/blogs.gazetaesportiva.com\/arbitragem\/files\/2024\/04\/53639891094_3205ee4d7e_k-768x512.jpg 768w, https:\/\/blogs.gazetaesportiva.com\/arbitragem\/files\/2024\/04\/53639891094_3205ee4d7e_k-1536x1024.jpg 1536w\" sizes=\"auto, (max-width: 2048px) 100vw, 2048px\" \/><figcaption id=\"caption-attachment-261\" class=\"wp-caption-text\">(Foto: Renato Pizutto\/Ag. Paulist\u00e3o)<\/figcaption><\/figure>\n<p>Com os principais torneios estaduais devidamente encerrados, o foco do futebol brasileiro est\u00e1 concentrado no come\u00e7o das S\u00e9ries A e B do campeonato nacional. Assista ao v\u00eddeo abaixo e confira as expectativas para arbitragem nos torneios organizados pela CBF:<\/p>\n<div><script src=\"https:\/\/geo.dailymotion.com\/player\/xb6tv.js\" data-video=\"k7kvSP51lvkpWGAs1Oq\"><\/script><\/div>\n","protected":false},"excerpt":{"rendered":"<p>Com os principais torneios estaduais devidamente encerrados, o foco do futebol brasileiro est\u00e1 concentrado no come\u00e7o das S\u00e9ries A e B do campeonato nacional. Assista <a class=\"read-more\" href=\"https:\/\/blogs.gazetaesportiva.com\/arbitragem\/2024\/04\/11\/ainda-sobre-as-perspectivas-para-a-arbitragem-de-2024\/\">leia mais<\/a><\/p>\n","protected":false},"author":1,"featured_media":261,"comment_status":"open","ping_status":"open","sticky":false,"template":"","format":"standard","meta":{"_jetpack_memberships_contains_paid_content":false,"footnotes":""},"categories":[1],"tags":[],"class_list":["post-260","post","type-post","status-publish","format-standard","has-post-thumbnail","hentry","category-sem-categoria"],"jetpack_featured_media_url":"https:\/\/blogs.gazetaesportiva.com\/arbitragem\/files\/2024\/04\/53639891094_3205ee4d7e_k.jpg","jetpack_sharing_enabled":true,"_links":{"self":[{"href":"https:\/\/blogs.gazetaesportiva.com\/arbitragem\/wp-json\/wp\/v2\/posts\/260","targetHints":{"allow":["GET"]}}],"collection":[{"href":"https:\/\/blogs.gazetaesportiva.com\/arbitragem\/wp-json\/wp\/v2\/posts"}],"about":[{"href":"https:\/\/blogs.gazetaesportiva.com\/arbitragem\/wp-json\/wp\/v2\/types\/post"}],"author":[{"embeddable":true,"href":"https:\/\/blogs.gazetaesportiva.com\/arbitragem\/wp-json\/wp\/v2\/users\/1"}],"replies":[{"embeddable":true,"href":"https:\/\/blogs.gazetaesportiva.com\/arbitragem\/wp-json\/wp\/v2\/comments?post=260"}],"version-history":[{"count":0,"href":"https:\/\/blogs.gazetaesportiva.com\/arbitragem\/wp-json\/wp\/v2\/posts\/260\/revisions"}],"wp:featuredmedia":[{"embeddable":true,"href":"https:\/\/blogs.gazetaesportiva.com\/arbitragem\/wp-json\/wp\/v2\/media\/261"}],"wp:attachment":[{"href":"https:\/\/blogs.gazetaesportiva.com\/arbitragem\/wp-json\/wp\/v2\/media?parent=260"}],"wp:term":[{"taxonomy":"category","embeddable":true,"href":"https:\/\/blogs.gazetaesportiva.com\/arbitragem\/wp-json\/wp\/v2\/categories?post=260"},{"taxonomy":"post_tag","embeddable":true,"href":"https:\/\/blogs.gazetaesportiva.com\/arbitragem\/wp-json\/wp\/v2\/tags?post=260"}],"curies":[{"name":"wp","href":"https:\/\/api.w.org\/{rel}","templated":true}]}}