{"id":257,"date":"2024-04-10T23:19:16","date_gmt":"2024-04-10T23:19:16","guid":{"rendered":"https:\/\/blogs.gazetaesportiva.com\/arbitragem\/?p=257"},"modified":"2024-04-10T23:19:16","modified_gmt":"2024-04-10T23:19:16","slug":"confira-as-expectativas-para-a-arbitragem-no-campeonato-brasileiro-2024","status":"publish","type":"post","link":"https:\/\/blogs.gazetaesportiva.com\/arbitragem\/2024\/04\/10\/confira-as-expectativas-para-a-arbitragem-no-campeonato-brasileiro-2024\/","title":{"rendered":"Confira as expectativas para a arbitragem no Campeonato Brasileiro 2024"},"content":{"rendered":"<figure id=\"attachment_258\" aria-describedby=\"caption-attachment-258\" style=\"width: 2560px\" class=\"wp-caption alignnone\"><img loading=\"lazy\" decoding=\"async\" class=\"size-full wp-image-258\" src=\"https:\/\/blogs.gazetaesportiva.com\/arbitragem\/files\/2024\/04\/20240408-001308_2023848_3047-1-scaled.jpg\" alt=\"\" width=\"2560\" height=\"1708\" srcset=\"https:\/\/blogs.gazetaesportiva.com\/arbitragem\/files\/2024\/04\/20240408-001308_2023848_3047-1-scaled.jpg 2560w, https:\/\/blogs.gazetaesportiva.com\/arbitragem\/files\/2024\/04\/20240408-001308_2023848_3047-1-300x200.jpg 300w, https:\/\/blogs.gazetaesportiva.com\/arbitragem\/files\/2024\/04\/20240408-001308_2023848_3047-1-1024x683.jpg 1024w, https:\/\/blogs.gazetaesportiva.com\/arbitragem\/files\/2024\/04\/20240408-001308_2023848_3047-1-768x512.jpg 768w, https:\/\/blogs.gazetaesportiva.com\/arbitragem\/files\/2024\/04\/20240408-001308_2023848_3047-1-1536x1025.jpg 1536w, https:\/\/blogs.gazetaesportiva.com\/arbitragem\/files\/2024\/04\/20240408-001308_2023848_3047-1-2048x1366.jpg 2048w\" sizes=\"auto, (max-width: 2560px) 100vw, 2560px\" \/><figcaption id=\"caption-attachment-258\" class=\"wp-caption-text\">(Foto: Ettore Chiereguini\/ Agif\/Gazeta Press)<\/figcaption><\/figure>\n<p>A edi\u00e7\u00e3o de 2024 do Campeonato Brasileiro ser\u00e1 iniciada neste s\u00e1bado, com a realiza\u00e7\u00e3o de quatro partidas. Uma semana depois, \u00e9 a vez da S\u00e9rie B. As expectativas para a arbitragem dos torneios, infelizmente, n\u00e3o s\u00e3o das melhores. Assista ao v\u00eddeo abaixo e confira an\u00e1lise detalhada:<\/p>\n<div><script src=\"https:\/\/geo.dailymotion.com\/player\/xb6tv.js\" data-video=\"k1BgjgRhHNrdxKArE4s\"><\/script><\/div>\n","protected":false},"excerpt":{"rendered":"<p>A edi\u00e7\u00e3o de 2024 do Campeonato Brasileiro ser\u00e1 iniciada neste s\u00e1bado, com a realiza\u00e7\u00e3o de quatro partidas. Uma semana depois, \u00e9 a vez da S\u00e9rie <a class=\"read-more\" href=\"https:\/\/blogs.gazetaesportiva.com\/arbitragem\/2024\/04\/10\/confira-as-expectativas-para-a-arbitragem-no-campeonato-brasileiro-2024\/\">leia mais<\/a><\/p>\n","protected":false},"author":1,"featured_media":258,"comment_status":"open","ping_status":"open","sticky":false,"template":"","format":"standard","meta":{"_jetpack_memberships_contains_paid_content":false,"footnotes":""},"categories":[1],"tags":[],"class_list":["post-257","post","type-post","status-publish","format-standard","has-post-thumbnail","hentry","category-sem-categoria"],"jetpack_featured_media_url":"https:\/\/blogs.gazetaesportiva.com\/arbitragem\/files\/2024\/04\/20240408-001308_2023848_3047-1-scaled.jpg","jetpack_sharing_enabled":true,"_links":{"self":[{"href":"https:\/\/blogs.gazetaesportiva.com\/arbitragem\/wp-json\/wp\/v2\/posts\/257","targetHints":{"allow":["GET"]}}],"collection":[{"href":"https:\/\/blogs.gazetaesportiva.com\/arbitragem\/wp-json\/wp\/v2\/posts"}],"about":[{"href":"https:\/\/blogs.gazetaesportiva.com\/arbitragem\/wp-json\/wp\/v2\/types\/post"}],"author":[{"embeddable":true,"href":"https:\/\/blogs.gazetaesportiva.com\/arbitragem\/wp-json\/wp\/v2\/users\/1"}],"replies":[{"embeddable":true,"href":"https:\/\/blogs.gazetaesportiva.com\/arbitragem\/wp-json\/wp\/v2\/comments?post=257"}],"version-history":[{"count":0,"href":"https:\/\/blogs.gazetaesportiva.com\/arbitragem\/wp-json\/wp\/v2\/posts\/257\/revisions"}],"wp:featuredmedia":[{"embeddable":true,"href":"https:\/\/blogs.gazetaesportiva.com\/arbitragem\/wp-json\/wp\/v2\/media\/258"}],"wp:attachment":[{"href":"https:\/\/blogs.gazetaesportiva.com\/arbitragem\/wp-json\/wp\/v2\/media?parent=257"}],"wp:term":[{"taxonomy":"category","embeddable":true,"href":"https:\/\/blogs.gazetaesportiva.com\/arbitragem\/wp-json\/wp\/v2\/categories?post=257"},{"taxonomy":"post_tag","embeddable":true,"href":"https:\/\/blogs.gazetaesportiva.com\/arbitragem\/wp-json\/wp\/v2\/tags?post=257"}],"curies":[{"name":"wp","href":"https:\/\/api.w.org\/{rel}","templated":true}]}}