{"id":254,"date":"2024-04-08T19:44:40","date_gmt":"2024-04-08T19:44:40","guid":{"rendered":"https:\/\/blogs.gazetaesportiva.com\/arbitragem\/?p=254"},"modified":"2024-04-08T19:45:33","modified_gmt":"2024-04-08T19:45:33","slug":"nao-houve-penalti-sobre-endrick-e-gomez-deveria-ter-sido-expulso","status":"publish","type":"post","link":"https:\/\/blogs.gazetaesportiva.com\/arbitragem\/2024\/04\/08\/nao-houve-penalti-sobre-endrick-e-gomez-deveria-ter-sido-expulso\/","title":{"rendered":"N\u00e3o houve p\u00eanalti sobre Endrick e G\u00f3mez deveria ter sido expulso"},"content":{"rendered":"<figure id=\"attachment_255\" aria-describedby=\"caption-attachment-255\" style=\"width: 2560px\" class=\"wp-caption alignnone\"><img loading=\"lazy\" decoding=\"async\" class=\"size-full wp-image-255\" src=\"https:\/\/blogs.gazetaesportiva.com\/arbitragem\/files\/2024\/04\/20240408-001308_2023848_3047-scaled.jpg\" alt=\"\" width=\"2560\" height=\"1708\" srcset=\"https:\/\/blogs.gazetaesportiva.com\/arbitragem\/files\/2024\/04\/20240408-001308_2023848_3047-scaled.jpg 2560w, https:\/\/blogs.gazetaesportiva.com\/arbitragem\/files\/2024\/04\/20240408-001308_2023848_3047-300x200.jpg 300w, https:\/\/blogs.gazetaesportiva.com\/arbitragem\/files\/2024\/04\/20240408-001308_2023848_3047-1024x683.jpg 1024w, https:\/\/blogs.gazetaesportiva.com\/arbitragem\/files\/2024\/04\/20240408-001308_2023848_3047-768x512.jpg 768w, https:\/\/blogs.gazetaesportiva.com\/arbitragem\/files\/2024\/04\/20240408-001308_2023848_3047-1536x1025.jpg 1536w, https:\/\/blogs.gazetaesportiva.com\/arbitragem\/files\/2024\/04\/20240408-001308_2023848_3047-2048x1366.jpg 2048w\" sizes=\"auto, (max-width: 2560px) 100vw, 2560px\" \/><figcaption id=\"caption-attachment-255\" class=\"wp-caption-text\">(Foto: Ettore Chiereguini\/AGIF)<\/figcaption><\/figure>\n<p>Os santistas ficaram insatisfeitos com o trabalho de Raphael Claus na derrota por 2 a 0 para o Palmeiras, pela decis\u00e3o do Campeonato Paulista. De fato, o \u00e1rbitro errou ao marcar p\u00eanalti sobre Endrick e ao n\u00e3o expulsar Gustavo G\u00f3mez em lance envolvendo Guilherme. Assista ao v\u00eddeo abaixo e confira an\u00e1lise detalhada das jogadas pol\u00eamicas ocorridas no Allianz Parque:<\/p>\n<div><script src=\"https:\/\/geo.dailymotion.com\/player\/xb6tv.js\" data-video=\"k5vlUsiOOFGdJCAqVHO\"><\/script><\/div>\n","protected":false},"excerpt":{"rendered":"<p>Os santistas ficaram insatisfeitos com o trabalho de Raphael Claus na derrota por 2 a 0 para o Palmeiras, pela decis\u00e3o do Campeonato Paulista. De <a class=\"read-more\" href=\"https:\/\/blogs.gazetaesportiva.com\/arbitragem\/2024\/04\/08\/nao-houve-penalti-sobre-endrick-e-gomez-deveria-ter-sido-expulso\/\">leia mais<\/a><\/p>\n","protected":false},"author":1,"featured_media":255,"comment_status":"open","ping_status":"open","sticky":false,"template":"","format":"standard","meta":{"_jetpack_memberships_contains_paid_content":false,"footnotes":""},"categories":[1],"tags":[],"class_list":["post-254","post","type-post","status-publish","format-standard","has-post-thumbnail","hentry","category-sem-categoria"],"jetpack_featured_media_url":"https:\/\/blogs.gazetaesportiva.com\/arbitragem\/files\/2024\/04\/20240408-001308_2023848_3047-scaled.jpg","jetpack_sharing_enabled":true,"_links":{"self":[{"href":"https:\/\/blogs.gazetaesportiva.com\/arbitragem\/wp-json\/wp\/v2\/posts\/254","targetHints":{"allow":["GET"]}}],"collection":[{"href":"https:\/\/blogs.gazetaesportiva.com\/arbitragem\/wp-json\/wp\/v2\/posts"}],"about":[{"href":"https:\/\/blogs.gazetaesportiva.com\/arbitragem\/wp-json\/wp\/v2\/types\/post"}],"author":[{"embeddable":true,"href":"https:\/\/blogs.gazetaesportiva.com\/arbitragem\/wp-json\/wp\/v2\/users\/1"}],"replies":[{"embeddable":true,"href":"https:\/\/blogs.gazetaesportiva.com\/arbitragem\/wp-json\/wp\/v2\/comments?post=254"}],"version-history":[{"count":0,"href":"https:\/\/blogs.gazetaesportiva.com\/arbitragem\/wp-json\/wp\/v2\/posts\/254\/revisions"}],"wp:featuredmedia":[{"embeddable":true,"href":"https:\/\/blogs.gazetaesportiva.com\/arbitragem\/wp-json\/wp\/v2\/media\/255"}],"wp:attachment":[{"href":"https:\/\/blogs.gazetaesportiva.com\/arbitragem\/wp-json\/wp\/v2\/media?parent=254"}],"wp:term":[{"taxonomy":"category","embeddable":true,"href":"https:\/\/blogs.gazetaesportiva.com\/arbitragem\/wp-json\/wp\/v2\/categories?post=254"},{"taxonomy":"post_tag","embeddable":true,"href":"https:\/\/blogs.gazetaesportiva.com\/arbitragem\/wp-json\/wp\/v2\/tags?post=254"}],"curies":[{"name":"wp","href":"https:\/\/api.w.org\/{rel}","templated":true}]}}