{"id":9703,"date":"2017-11-06T19:15:07","date_gmt":"2017-11-06T21:15:07","guid":{"rendered":"https:\/\/blogs.gazetaesportiva.com\/albertohelena\/?p=9703"},"modified":"2017-11-06T19:30:51","modified_gmt":"2017-11-06T21:30:51","slug":"o-signo-guardiola","status":"publish","type":"post","link":"https:\/\/blogs.gazetaesportiva.com\/albertohelena\/2017\/11\/06\/o-signo-guardiola\/","title":{"rendered":"O signo Guardiola"},"content":{"rendered":"<figure id=\"attachment_9704\" aria-describedby=\"caption-attachment-9704\" style=\"width: 1200px\" class=\"wp-caption aligncenter\"><a href=\"https:\/\/blogs.gazetaesportiva.com\/albertohelena\/files\/2017\/11\/guardiola.jpg\"><img loading=\"lazy\" decoding=\"async\" data-attachment-id=\"9704\" data-permalink=\"https:\/\/blogs.gazetaesportiva.com\/albertohelena\/2017\/11\/06\/o-signo-guardiola\/fbl-eng-pr-man-city-arsenal\/\" data-orig-file=\"https:\/\/blogs.gazetaesportiva.com\/albertohelena\/files\/2017\/11\/guardiola.jpg\" data-orig-size=\"1200,800\" data-comments-opened=\"1\" data-image-meta=\"{&quot;aperture&quot;:&quot;0&quot;,&quot;credit&quot;:&quot;AFP&quot;,&quot;camera&quot;:&quot;&quot;,&quot;caption&quot;:&quot;Manchester City&#039;s Spanish manager Pep Guardiola gestures on the touchline during the English Premier League football match between Manchester City and Arsenal at the Etihad Stadium in Manchester, north west England, on November 5, 2017. \\\/ AFP PHOTO \\\/ Oli SCARFF \\\/ RESTRICTED TO EDITORIAL USE. No use with unauthorized audio, video, data, fixture lists, club\\\/league logos or &#039;live&#039; services. Online in-match use limited to 75 images, no video emulation. No use in betting, games or single club\\\/league\\\/player publications.  \\\/&quot;,&quot;created_timestamp&quot;:&quot;1509895502&quot;,&quot;copyright&quot;:&quot;AFP or licensors&quot;,&quot;focal_length&quot;:&quot;0&quot;,&quot;iso&quot;:&quot;0&quot;,&quot;shutter_speed&quot;:&quot;0&quot;,&quot;title&quot;:&quot;FBL-ENG-PR-MAN CITY-ARSENAL&quot;,&quot;orientation&quot;:&quot;1&quot;}\" data-image-title=\"FBL-ENG-PR-MAN CITY-ARSENAL\" data-image-description=\"\" data-image-caption=\"&lt;p&gt;Foto: Oli SCARFF\/AFP&lt;\/p&gt;\n\" data-medium-file=\"https:\/\/blogs.gazetaesportiva.com\/albertohelena\/files\/2017\/11\/guardiola-300x200.jpg\" data-large-file=\"https:\/\/blogs.gazetaesportiva.com\/albertohelena\/files\/2017\/11\/guardiola-1024x683.jpg\" class=\"size-full wp-image-9704\" src=\"https:\/\/blogs.gazetaesportiva.com\/albertohelena\/files\/2017\/11\/guardiola.jpg\" alt=\"\" width=\"1200\" height=\"800\" srcset=\"https:\/\/blogs.gazetaesportiva.com\/albertohelena\/files\/2017\/11\/guardiola.jpg 1200w, https:\/\/blogs.gazetaesportiva.com\/albertohelena\/files\/2017\/11\/guardiola-300x200.jpg 300w, https:\/\/blogs.gazetaesportiva.com\/albertohelena\/files\/2017\/11\/guardiola-768x512.jpg 768w, https:\/\/blogs.gazetaesportiva.com\/albertohelena\/files\/2017\/11\/guardiola-1024x683.jpg 1024w, https:\/\/blogs.gazetaesportiva.com\/albertohelena\/files\/2017\/11\/guardiola-120x80.jpg 120w\" sizes=\"auto, (max-width: 1200px) 100vw, 1200px\" \/><\/a><figcaption id=\"caption-attachment-9704\" class=\"wp-caption-text\">Foto: Oli SCARFF\/AFP<\/figcaption><\/figure>\n<p>O t\u00e9cnico Guardiola \u00e9 muito badalado, mas poucos entendem a extens\u00e3o do seu trabalho. A come\u00e7ar pelo conceito inicial desse extraordin\u00e1rio treinador catal\u00e3o, justamente aquele pelo qual se justifica a exist\u00eancia do futebol: o espet\u00e1culo. O resultado do jogo deve ser consequ\u00eancia, n\u00e3o objetivo primordial.<\/p>\n<p>O futebol toca as multid\u00f5es do mundo inteiro porque se trata de um jogo como a vida. H\u00e1, claro, na vida, um forte apelo pela sobreviv\u00eancia. Mas, isso n\u00e3o basta. \u00c9 preciso que ela seja revestida de bem-estar, prazer, divers\u00e3o, essas coisas que v\u00eam acompanhadas de um trabalho, no m\u00ednimo, satisfat\u00f3rio. Com grana, melhor ainda, \u00f3bvio.<\/p>\n<p>Para tanto, os homens se congregaram em sociedades; isto \u00e9, uma conviv\u00eancia em grupo, mas, sem perder o essencial &#8211; a individualidade de cada um. N\u00e3o h\u00e1 dois seres na hist\u00f3ria da humanidade com as mesmas digitais, por exemplo. Contudo, \u00e9 necess\u00e1rio, at\u00e9 por uma quest\u00e3o de sobreviv\u00eancia da esp\u00e9cie, conviver com seus semelhantes o mais harmonicamente poss\u00edvel.<\/p>\n<p>Essa discrep\u00e2ncia entre o indiv\u00edduo e o grupo \u00e9 controlada pelas leis sociais ou religiosas, n\u00e3o importa.E a cada um cabe uma tarefa complementar a outra na sociedade, de acordo com as habilidades e voca\u00e7\u00e3o de cada um.<\/p>\n<p>Ora, transportando isso para o campo da bola, que nada mais \u00e9 do que palco onde o cotidiano se dramatiza em torno de uma esfera de curso imprevis\u00edvel, podemos mais ou menos dimensionar o alcance do trabalho de Guardiola.<\/p>\n<p>Num mundo em que cresce a trucul\u00eancia por todos os lados e em que se buscam os atalhos mais obscuros pra se atingir objetivos ainda mais sombrios, a tend\u00eancia natural \u00e9 o futebol reproduzir esses par\u00e2metros a uma plateia cada vez mais obtusa, fruto da paix\u00e3o tribal e dos h\u00e1bitos di\u00e1rios.<\/p>\n<p>Da mesma forma que na vida real a educa\u00e7\u00e3o \u00e9 fundamental para o avan\u00e7o das sociedades e, sobretudo, dos indiv\u00edduos, o futebol carece de reeduca\u00e7\u00e3o diante do quadro atual.<\/p>\n<p>\u00c9 exatamente isso que Guardiola est\u00e1 fazendo. Fez na Espanha, na Alemanha e est\u00e1 fazendo na Inglaterra, que anda amea\u00e7ando um passo atr\u00e1s com Conte e a conquista do \u00faltimo campeonato, com seus tr\u00eas zagueiros e toda aquela concep\u00e7\u00e3o defensiva da tradi\u00e7\u00e3o de seu pa\u00eds de origem, a It\u00e1lia de meus antepassados.<\/p>\n<p>E o que faz Guardiola, em contrapartida? Arma seu City pra oferecer um espet\u00e1culo digno da pr\u00f3pria ess\u00eancia do jogo. Isto \u00e9: em vez de pensar obsessivamente em se defender para obter o resultado (o empate j\u00e1 t\u00e1 legal, pois \u00e9 um ponto conquistado, melhor do que nada), distribui as tarefas de seus jogadores de acordo com suas habilidades e voca\u00e7\u00e3o, de forma a dominar a bola e o esp\u00edrito do jogo, em busca do maior de todos os espet\u00e1culos &#8211; o gol.<\/p>\n<p>Escala um goleiro, o brasileiro Ederson, que sabe sair jogando com os p\u00e9s. Coloca \u00e0 sua frente, dois zagueiros que tamb\u00e9m sabem passar, n\u00e3o s\u00f3 desarmar e dar chut\u00f5es, pois a harmonia de um time come\u00e7a exatamente no toque inicial. Solta seus dois laterais e arma seu meio de campo com um volante apenas, leve nos movimentos, que sabe atacar, postando mais \u00e0 frente dele dois verdadeiros meias-armadores e de chegada &#8211; De Bruyne e David Silva, um destro e outro canhoto. E, l\u00e1 na frente, tr\u00eas atacantes de fato &#8211; dois pontas velozes e incisivos, e um centroavante m\u00f3vel, que sabe sair da \u00e1rea e jogar bola -, Sterling, Aguero ou Gabriel Jesus e San\u00e9.<\/p>\n<p>E d\u00e1-lhe goleada sobre goleada, tanto no campeonato ingl\u00eas quanto na Liga dos Campe\u00f5es, onde o City lidera com folga. O resultado \u00e9 um sorriso no rosto dos espectadores, mesmo que disfar\u00e7ado no dos advers\u00e1rios.<\/p>\n<p>PS: N\u00e3o \u00e9 por acaso que Guardiola, tempos atr\u00e1s, quando ainda iniciando seu trabalho no Bar\u00e7a, declarou pra quem quis ouvir, quando perguntado sobre em que se inspirou para adotar aquele estilo de jogo t\u00e3o encantador por um rep\u00f3rter brasileiro, respondeu que se espantava com quem perguntava. Afinal, procurava apenas reproduzir aquele estilo bem brasileiro, expresso na Sele\u00e7\u00e3o de 70, conforme ouvira de\u00a0 seu av\u00f4 e seu pai. T\u00e1 mais do que na hora de nossos treinadores ouvirem seus\u00a0 pais e av\u00f3s.<\/p>\n<p>&nbsp;<\/p>\n<p>&nbsp;<\/p>\n<p>&nbsp;<\/p>\n<p>&nbsp;<\/p>\n<p>&nbsp;<\/p>\n<p>&nbsp;<\/p>\n<p>&nbsp;<\/p>\n<p>&nbsp;<\/p>\n<p>&nbsp;<\/p>\n<p>&nbsp;<\/p>\n<p>&nbsp;<\/p>\n","protected":false},"excerpt":{"rendered":"<p>O t\u00e9cnico Guardiola \u00e9 muito badalado, mas poucos entendem a extens\u00e3o do seu trabalho. A come\u00e7ar pelo conceito inicial desse extraordin\u00e1rio treinador catal\u00e3o, justamente aquele <a class=\"read-more\" href=\"https:\/\/blogs.gazetaesportiva.com\/albertohelena\/2017\/11\/06\/o-signo-guardiola\/\">leia mais<\/a><\/p>\n","protected":false},"author":46,"featured_media":9704,"comment_status":"open","ping_status":"open","sticky":false,"template":"","format":"standard","meta":{"_jetpack_newsletter_access":"","_jetpack_dont_email_post_to_subs":false,"_jetpack_newsletter_tier_id":0,"_jetpack_memberships_contains_paywalled_content":false,"_jetpack_memberships_contains_paid_content":false,"footnotes":""},"categories":[1],"tags":[],"class_list":["post-9703","post","type-post","status-publish","format-standard","has-post-thumbnail","hentry","category-sem-categoria"],"jetpack_featured_media_url":"https:\/\/blogs.gazetaesportiva.com\/albertohelena\/files\/2017\/11\/guardiola.jpg","jetpack_sharing_enabled":true,"jetpack_shortlink":"https:\/\/wp.me\/pekB7q-2wv","_links":{"self":[{"href":"https:\/\/blogs.gazetaesportiva.com\/albertohelena\/wp-json\/wp\/v2\/posts\/9703","targetHints":{"allow":["GET"]}}],"collection":[{"href":"https:\/\/blogs.gazetaesportiva.com\/albertohelena\/wp-json\/wp\/v2\/posts"}],"about":[{"href":"https:\/\/blogs.gazetaesportiva.com\/albertohelena\/wp-json\/wp\/v2\/types\/post"}],"author":[{"embeddable":true,"href":"https:\/\/blogs.gazetaesportiva.com\/albertohelena\/wp-json\/wp\/v2\/users\/46"}],"replies":[{"embeddable":true,"href":"https:\/\/blogs.gazetaesportiva.com\/albertohelena\/wp-json\/wp\/v2\/comments?post=9703"}],"version-history":[{"count":0,"href":"https:\/\/blogs.gazetaesportiva.com\/albertohelena\/wp-json\/wp\/v2\/posts\/9703\/revisions"}],"wp:featuredmedia":[{"embeddable":true,"href":"https:\/\/blogs.gazetaesportiva.com\/albertohelena\/wp-json\/wp\/v2\/media\/9704"}],"wp:attachment":[{"href":"https:\/\/blogs.gazetaesportiva.com\/albertohelena\/wp-json\/wp\/v2\/media?parent=9703"}],"wp:term":[{"taxonomy":"category","embeddable":true,"href":"https:\/\/blogs.gazetaesportiva.com\/albertohelena\/wp-json\/wp\/v2\/categories?post=9703"},{"taxonomy":"post_tag","embeddable":true,"href":"https:\/\/blogs.gazetaesportiva.com\/albertohelena\/wp-json\/wp\/v2\/tags?post=9703"}],"curies":[{"name":"wp","href":"https:\/\/api.w.org\/{rel}","templated":true}]}}