{"id":9700,"date":"2017-11-05T19:31:08","date_gmt":"2017-11-05T21:31:08","guid":{"rendered":"https:\/\/blogs.gazetaesportiva.com\/albertohelena\/?p=9700"},"modified":"2017-11-05T19:36:48","modified_gmt":"2017-11-05T21:36:48","slug":"timao-3-a-2-palpite-mero-palpite","status":"publish","type":"post","link":"https:\/\/blogs.gazetaesportiva.com\/albertohelena\/2017\/11\/05\/timao-3-a-2-palpite-mero-palpite\/","title":{"rendered":"Tim\u00e3o, 3 a 2. Palpite, mero palpite."},"content":{"rendered":"<figure id=\"attachment_9702\" aria-describedby=\"caption-attachment-9702\" style=\"width: 1200px\" class=\"wp-caption aligncenter\"><a href=\"https:\/\/blogs.gazetaesportiva.com\/albertohelena\/files\/2017\/11\/01056193.jpg\"><img loading=\"lazy\" decoding=\"async\" data-attachment-id=\"9702\" data-permalink=\"https:\/\/blogs.gazetaesportiva.com\/albertohelena\/2017\/11\/05\/timao-3-a-2-palpite-mero-palpite\/campeonato-brasileiro-2017-corinthians-x-palmeiras-2\/\" data-orig-file=\"https:\/\/blogs.gazetaesportiva.com\/albertohelena\/files\/2017\/11\/01056193.jpg\" data-orig-size=\"1200,799\" data-comments-opened=\"1\" data-image-meta=\"{&quot;aperture&quot;:&quot;6.3&quot;,&quot;credit&quot;:&quot;SERGIO BARZAGHI&quot;,&quot;camera&quot;:&quot;NIKON D4S&quot;,&quot;caption&quot;:&quot;J\\u00f4 cobra penalti durante Corinthians X Palmeiras,pelo campeonato brasileiro,na Arena Itaquera ,em Sao Paulo,SP 05\\\/11\\\/2017 Foto: Sergio Barzaghi\\\/Gazeta Press&quot;,&quot;created_timestamp&quot;:&quot;1509900007&quot;,&quot;copyright&quot;:&quot;&quot;,&quot;focal_length&quot;:&quot;400&quot;,&quot;iso&quot;:&quot;2200&quot;,&quot;shutter_speed&quot;:&quot;0.001&quot;,&quot;title&quot;:&quot;CAMPEONATO BRASILEIRO 2017: CORINTHIANS X PALMEIRAS&quot;,&quot;orientation&quot;:&quot;1&quot;}\" data-image-title=\"CAMPEONATO BRASILEIRO 2017: CORINTHIANS X PALMEIRAS\" data-image-description=\"\" data-image-caption=\"&lt;p&gt;Foto: Sergio Barzaghi\/Gazeta Press&lt;\/p&gt;\n\" data-medium-file=\"https:\/\/blogs.gazetaesportiva.com\/albertohelena\/files\/2017\/11\/01056193-300x200.jpg\" data-large-file=\"https:\/\/blogs.gazetaesportiva.com\/albertohelena\/files\/2017\/11\/01056193-1024x682.jpg\" class=\"size-full wp-image-9702\" src=\"https:\/\/blogs.gazetaesportiva.com\/albertohelena\/files\/2017\/11\/01056193.jpg\" alt=\"\" width=\"1200\" height=\"799\" srcset=\"https:\/\/blogs.gazetaesportiva.com\/albertohelena\/files\/2017\/11\/01056193.jpg 1200w, https:\/\/blogs.gazetaesportiva.com\/albertohelena\/files\/2017\/11\/01056193-300x200.jpg 300w, https:\/\/blogs.gazetaesportiva.com\/albertohelena\/files\/2017\/11\/01056193-768x511.jpg 768w, https:\/\/blogs.gazetaesportiva.com\/albertohelena\/files\/2017\/11\/01056193-1024x682.jpg 1024w, https:\/\/blogs.gazetaesportiva.com\/albertohelena\/files\/2017\/11\/01056193-120x80.jpg 120w\" sizes=\"auto, (max-width: 1200px) 100vw, 1200px\" \/><\/a><figcaption id=\"caption-attachment-9702\" class=\"wp-caption-text\">Foto: Sergio Barzaghi\/Gazeta Press<\/figcaption><\/figure>\n<p>O g\u00eanio da ra\u00e7a, Noel Rosa, o Fil\u00f3sofo da Vila, dizia num samba que palpite nasceu no cr\u00e2nio de quem teve meningite. Digo, no entanto, que palpite \u00e9 um sopro do inconsciente, onde se armazenam todos os dados da realidade a que n\u00e3o temos acesso no n\u00edvel do racioc\u00ednio superficial.<\/p>\n<p>Pois meu palpite, na v\u00e9spera. sobre esse Derbi decisivo era o de que o Tim\u00e3o sairia vencedor em Itaquera diante do Palmeiras, atendendo \u00e0 ordem de nossa editora Michelle Gianella.<\/p>\n<p>Pois, n\u00e3o deu outra: o Tim\u00e3o venceu o Verd\u00e3o por 3 a 2, num cl\u00e1ssico digno de sua gloriosa hist\u00f3ria, gra\u00e7as, sobretudo, ao empenho de quem se achava acuado num canto e, diante do perigo iminente, decidiu reagir pra valer. Trocou sua postura defensiva, que adotou ao longo do campeonato, para o bem ou para o mal, e resolveu atacar o advers\u00e1rio.<\/p>\n<p>A come\u00e7ar pela marca\u00e7\u00e3o avan\u00e7ada, recurso do qual o Corinthians n\u00e3o se utilizava nem quando ia bem, nem quando ia mal. Enfim, jogava como se estivesse decidindo o t\u00edtulo brasileiro, o que, de certa forma, era o caso mesmo.<\/p>\n<p>Com Clayson, um atacante ativo, h\u00e1bil e incisivo pela esquerda, no lugar do ab\u00falico meia Jadson, e Camacho, um volante mais progressivo do que Maycon, o Tim\u00e3o passou a ser um time mais equilibrado de fato.<\/p>\n<p>E saiu na frente, aos 24 minutos de bola rolando com Romero (impedido, diga-se), em cruzamento de Rodriguinho. E ampliou o placar logo em seguida, em corner cobrado por Clayson da esquerda que quicou no peito de Balbuena e foi \u00e0s redes de Prass.<\/p>\n<p>A partir da\u00ed, o cl\u00e1ssico atingiu o paroxismo com a bola l\u00e1 e c\u00e1, rondando as duas metas, at\u00e9 que, aos 35 minutos, o zagueiro Mina, de cabe\u00e7a, reduzisse o marcador para 2 a 1.<\/p>\n<p>Eis que nem deu tempo pra celebra\u00e7\u00e3o verde, pois espie s\u00f3 Jo, em seguida, sendo derrubado por Edu Dracena. P\u00eanalti, que o pr\u00f3prio artilheiro transformou no terceiro gol do Tim\u00e3o.<\/p>\n<p>Quer dizer, ent\u00e3o, que o Palmeiras est\u00e1 morto?<\/p>\n<p>Que nada! No segundo tempo, a entrada de Guedes no lugar de Keno n\u00e3o alterou coisa alguma. Mas, a de Guerra no lugar de Bruno Henrique, sim, j\u00e1 que faltava um toque de classe no meio de campo verde, com os tr\u00eas volantes. Resultado: Mois\u00e9s passou a vir de tr\u00e1s, como \u00e9 seu estilo, e acabou l\u00e1 na \u00e1rea marcando o segundo gol do seu time, aos 22 minutos da etapa final, na m\u00e1 rebatida de Balbuena que ele aproveitou num giro espetacular.<\/p>\n<p>Como consequ\u00eancia l\u00f3gica, o Verd\u00e3o se debru\u00e7ou no campo advers\u00e1rio e s\u00f3 n\u00e3o chegou ao empate por pouco, como naquele disparo final de Guedes que C\u00e1ssio conjurou, embora o Tim\u00e3o respondesse sempre com perigo.<\/p>\n<p>Assim, o Corinthians folgou novamente no topo da tabela, nesta reta final do campeonato. J\u00e1 pode vestir a faixa? Palpite, mero palpite: ainda n\u00e3o, mas falta pouco, pois um novo Peixe vem subindo a correnteza.<\/p>\n","protected":false},"excerpt":{"rendered":"<p>O g\u00eanio da ra\u00e7a, Noel Rosa, o Fil\u00f3sofo da Vila, dizia num samba que palpite nasceu no cr\u00e2nio de quem teve meningite. Digo, no entanto, <a class=\"read-more\" href=\"https:\/\/blogs.gazetaesportiva.com\/albertohelena\/2017\/11\/05\/timao-3-a-2-palpite-mero-palpite\/\">leia mais<\/a><\/p>\n","protected":false},"author":46,"featured_media":9702,"comment_status":"open","ping_status":"open","sticky":false,"template":"","format":"standard","meta":{"_jetpack_newsletter_access":"","_jetpack_dont_email_post_to_subs":false,"_jetpack_newsletter_tier_id":0,"_jetpack_memberships_contains_paywalled_content":false,"_jetpack_memberships_contains_paid_content":false,"footnotes":""},"categories":[1],"tags":[],"class_list":["post-9700","post","type-post","status-publish","format-standard","has-post-thumbnail","hentry","category-sem-categoria"],"jetpack_featured_media_url":"https:\/\/blogs.gazetaesportiva.com\/albertohelena\/files\/2017\/11\/01056193.jpg","jetpack_sharing_enabled":true,"jetpack_shortlink":"https:\/\/wp.me\/pekB7q-2ws","_links":{"self":[{"href":"https:\/\/blogs.gazetaesportiva.com\/albertohelena\/wp-json\/wp\/v2\/posts\/9700","targetHints":{"allow":["GET"]}}],"collection":[{"href":"https:\/\/blogs.gazetaesportiva.com\/albertohelena\/wp-json\/wp\/v2\/posts"}],"about":[{"href":"https:\/\/blogs.gazetaesportiva.com\/albertohelena\/wp-json\/wp\/v2\/types\/post"}],"author":[{"embeddable":true,"href":"https:\/\/blogs.gazetaesportiva.com\/albertohelena\/wp-json\/wp\/v2\/users\/46"}],"replies":[{"embeddable":true,"href":"https:\/\/blogs.gazetaesportiva.com\/albertohelena\/wp-json\/wp\/v2\/comments?post=9700"}],"version-history":[{"count":0,"href":"https:\/\/blogs.gazetaesportiva.com\/albertohelena\/wp-json\/wp\/v2\/posts\/9700\/revisions"}],"wp:featuredmedia":[{"embeddable":true,"href":"https:\/\/blogs.gazetaesportiva.com\/albertohelena\/wp-json\/wp\/v2\/media\/9702"}],"wp:attachment":[{"href":"https:\/\/blogs.gazetaesportiva.com\/albertohelena\/wp-json\/wp\/v2\/media?parent=9700"}],"wp:term":[{"taxonomy":"category","embeddable":true,"href":"https:\/\/blogs.gazetaesportiva.com\/albertohelena\/wp-json\/wp\/v2\/categories?post=9700"},{"taxonomy":"post_tag","embeddable":true,"href":"https:\/\/blogs.gazetaesportiva.com\/albertohelena\/wp-json\/wp\/v2\/tags?post=9700"}],"curies":[{"name":"wp","href":"https:\/\/api.w.org\/{rel}","templated":true}]}}