{"id":9698,"date":"2017-11-04T20:59:34","date_gmt":"2017-11-04T22:59:34","guid":{"rendered":"https:\/\/blogs.gazetaesportiva.com\/albertohelena\/?p=9698"},"modified":"2017-11-04T21:41:56","modified_gmt":"2017-11-04T23:41:56","slug":"tricolor-1-a-0-afrouxando-o-laco","status":"publish","type":"post","link":"https:\/\/blogs.gazetaesportiva.com\/albertohelena\/2017\/11\/04\/tricolor-1-a-0-afrouxando-o-laco\/","title":{"rendered":"Tricolor, 1 a 0, afrouxando o la\u00e7o"},"content":{"rendered":"<figure id=\"attachment_9699\" aria-describedby=\"caption-attachment-9699\" style=\"width: 800px\" class=\"wp-caption aligncenter\"><a href=\"https:\/\/blogs.gazetaesportiva.com\/albertohelena\/files\/2017\/11\/8407_crop_galeria.jpg\"><img loading=\"lazy\" decoding=\"async\" data-attachment-id=\"9699\" data-permalink=\"https:\/\/blogs.gazetaesportiva.com\/albertohelena\/2017\/11\/04\/tricolor-1-a-0-afrouxando-o-laco\/8407_crop_galeria\/\" data-orig-file=\"https:\/\/blogs.gazetaesportiva.com\/albertohelena\/files\/2017\/11\/8407_crop_galeria.jpg\" data-orig-size=\"800,515\" data-comments-opened=\"1\" data-image-meta=\"{&quot;aperture&quot;:&quot;0&quot;,&quot;credit&quot;:&quot;&quot;,&quot;camera&quot;:&quot;&quot;,&quot;caption&quot;:&quot;&quot;,&quot;created_timestamp&quot;:&quot;0&quot;,&quot;copyright&quot;:&quot;&quot;,&quot;focal_length&quot;:&quot;0&quot;,&quot;iso&quot;:&quot;0&quot;,&quot;shutter_speed&quot;:&quot;0&quot;,&quot;title&quot;:&quot;&quot;,&quot;orientation&quot;:&quot;0&quot;}\" data-image-title=\"8407_crop_galeria\" data-image-description=\"\" data-image-caption=\"&lt;p&gt;(Foto: Rubens Chiri\/SPFC)&lt;\/p&gt;\n\" data-medium-file=\"https:\/\/blogs.gazetaesportiva.com\/albertohelena\/files\/2017\/11\/8407_crop_galeria-300x193.jpg\" data-large-file=\"https:\/\/blogs.gazetaesportiva.com\/albertohelena\/files\/2017\/11\/8407_crop_galeria.jpg\" class=\"size-full wp-image-9699\" src=\"https:\/\/blogs.gazetaesportiva.com\/albertohelena\/files\/2017\/11\/8407_crop_galeria.jpg\" alt=\"\" width=\"800\" height=\"515\" srcset=\"https:\/\/blogs.gazetaesportiva.com\/albertohelena\/files\/2017\/11\/8407_crop_galeria.jpg 800w, https:\/\/blogs.gazetaesportiva.com\/albertohelena\/files\/2017\/11\/8407_crop_galeria-300x193.jpg 300w, https:\/\/blogs.gazetaesportiva.com\/albertohelena\/files\/2017\/11\/8407_crop_galeria-768x494.jpg 768w\" sizes=\"auto, (max-width: 800px) 100vw, 800px\" \/><\/a><figcaption id=\"caption-attachment-9699\" class=\"wp-caption-text\">(Foto: Rubens Chiri\/SPFC)<\/figcaption><\/figure>\n<p>A\u00ed, ent\u00e3o, voc\u00ea deixa a Vila estampando no rosto um sorriso beato e desembarca de imediato no Serra Dourada, gra\u00e7as \u00e0 magia da tecnologia atual. Conforme a bola rola, o sorriso vai se apagando, cedendo lugar a uma ruga na testa.<\/p>\n<p>Jogo morno, um tanto insosso, fruto, talvez, do estado de esp\u00edrito de dois times com a corda no pesco\u00e7o &#8211; Atl\u00e9tico GO e S\u00e3o Paulo.<\/p>\n<p>Sim, claro, o Tricolor j\u00e1 afrouxou o la\u00e7o e n\u00e3o apenas respira aliviado como j\u00e1 engendra um salto em dire\u00e7\u00e3o a uma vaga na Libertadores. Mas, de qualquer jeito, n\u00e3o acelera essa caminhada no Serra Dourada.<\/p>\n<p>Contudo, semeia nova esperan\u00e7a, com o gol de peito de Hernanes, ainda no primeiro tempo, em bola cruzada por Pratto, depois de s\u00e1bia troca de bola entre Petros e demais companheiros: 1 a 0. Desfaz-se a ruga e um ar de t\u00e9dio vai lentamente cinzelando seu semblante.<\/p>\n<p>E, assim, vida que segue, como diria o genial Rosa, na mesma toada, segundo tempo adiante: o S\u00e3o Paulo, protegendo o placar e o Atl\u00e9tico, de lanterna na m\u00e3o, sem compet\u00eancia pra iluminar esse cen\u00e1rio cinzento.<\/p>\n<p>O espet\u00e1culo, de fato, n\u00e3o se desenrolava no campo de jogo, mas, sim, nas arquibancadas, onde a torcida tricolor dava o tom, como se estivesse em pleno Morumbi. Ali\u00e1s, se o S\u00e3o Paulo escapar dignamente dos perigos deste Brasileir\u00e3o, a diretoria deveria separar um bicho especial para os seus torcedores (refiro-me, claro, aos abnegados, n\u00e3o aos profissionais).<\/p>\n<p>De qualquer forma, o Tricolor vai se distanciando da zona da humilha\u00e7\u00e3o e at\u00e9 come\u00e7a a lustrar uma t\u00edmida esperan\u00e7a de chegar \u00e0 Libertadores, obsess\u00e3o de sua torcida desde os tempos do bi mundial. Esse seria o bicho ideal que ela merecia.<\/p>\n<p>&nbsp;<\/p>\n","protected":false},"excerpt":{"rendered":"<p>A\u00ed, ent\u00e3o, voc\u00ea deixa a Vila estampando no rosto um sorriso beato e desembarca de imediato no Serra Dourada, gra\u00e7as \u00e0 magia da tecnologia atual. <a class=\"read-more\" href=\"https:\/\/blogs.gazetaesportiva.com\/albertohelena\/2017\/11\/04\/tricolor-1-a-0-afrouxando-o-laco\/\">leia mais<\/a><\/p>\n","protected":false},"author":46,"featured_media":9699,"comment_status":"open","ping_status":"open","sticky":false,"template":"","format":"standard","meta":{"_jetpack_newsletter_access":"","_jetpack_dont_email_post_to_subs":false,"_jetpack_newsletter_tier_id":0,"_jetpack_memberships_contains_paywalled_content":false,"_jetpack_memberships_contains_paid_content":false,"footnotes":""},"categories":[1],"tags":[],"class_list":["post-9698","post","type-post","status-publish","format-standard","has-post-thumbnail","hentry","category-sem-categoria"],"jetpack_featured_media_url":"https:\/\/blogs.gazetaesportiva.com\/albertohelena\/files\/2017\/11\/8407_crop_galeria.jpg","jetpack_sharing_enabled":true,"jetpack_shortlink":"https:\/\/wp.me\/pekB7q-2wq","_links":{"self":[{"href":"https:\/\/blogs.gazetaesportiva.com\/albertohelena\/wp-json\/wp\/v2\/posts\/9698","targetHints":{"allow":["GET"]}}],"collection":[{"href":"https:\/\/blogs.gazetaesportiva.com\/albertohelena\/wp-json\/wp\/v2\/posts"}],"about":[{"href":"https:\/\/blogs.gazetaesportiva.com\/albertohelena\/wp-json\/wp\/v2\/types\/post"}],"author":[{"embeddable":true,"href":"https:\/\/blogs.gazetaesportiva.com\/albertohelena\/wp-json\/wp\/v2\/users\/46"}],"replies":[{"embeddable":true,"href":"https:\/\/blogs.gazetaesportiva.com\/albertohelena\/wp-json\/wp\/v2\/comments?post=9698"}],"version-history":[{"count":0,"href":"https:\/\/blogs.gazetaesportiva.com\/albertohelena\/wp-json\/wp\/v2\/posts\/9698\/revisions"}],"wp:featuredmedia":[{"embeddable":true,"href":"https:\/\/blogs.gazetaesportiva.com\/albertohelena\/wp-json\/wp\/v2\/media\/9699"}],"wp:attachment":[{"href":"https:\/\/blogs.gazetaesportiva.com\/albertohelena\/wp-json\/wp\/v2\/media?parent=9698"}],"wp:term":[{"taxonomy":"category","embeddable":true,"href":"https:\/\/blogs.gazetaesportiva.com\/albertohelena\/wp-json\/wp\/v2\/categories?post=9698"},{"taxonomy":"post_tag","embeddable":true,"href":"https:\/\/blogs.gazetaesportiva.com\/albertohelena\/wp-json\/wp\/v2\/tags?post=9698"}],"curies":[{"name":"wp","href":"https:\/\/api.w.org\/{rel}","templated":true}]}}