{"id":9696,"date":"2017-11-04T19:13:01","date_gmt":"2017-11-04T21:13:01","guid":{"rendered":"https:\/\/blogs.gazetaesportiva.com\/albertohelena\/?p=9696"},"modified":"2017-11-04T19:17:50","modified_gmt":"2017-11-04T21:17:50","slug":"deu-peixe-em-belo-jogo","status":"publish","type":"post","link":"https:\/\/blogs.gazetaesportiva.com\/albertohelena\/2017\/11\/04\/deu-peixe-em-belo-jogo\/","title":{"rendered":"Deu Peixe em belo jogo"},"content":{"rendered":"<figure id=\"attachment_9697\" aria-describedby=\"caption-attachment-9697\" style=\"width: 900px\" class=\"wp-caption aligncenter\"><a href=\"https:\/\/blogs.gazetaesportiva.com\/albertohelena\/files\/2017\/11\/santosblog.jpg\"><img loading=\"lazy\" decoding=\"async\" data-attachment-id=\"9697\" data-permalink=\"https:\/\/blogs.gazetaesportiva.com\/albertohelena\/2017\/11\/04\/deu-peixe-em-belo-jogo\/campeonato-brasileiro-2017-santos-fc-x-atla%e2%80%b0tico-mg\/\" data-orig-file=\"https:\/\/blogs.gazetaesportiva.com\/albertohelena\/files\/2017\/11\/santosblog.jpg\" data-orig-size=\"900,600\" data-comments-opened=\"1\" data-image-meta=\"{&quot;aperture&quot;:&quot;5&quot;,&quot;credit&quot;:&quot;SERGIO BARZAGHI&quot;,&quot;camera&quot;:&quot;NIKON D4S&quot;,&quot;caption&quot;:&quot;durante Santos X Atletico Mineiro,pelo campeonato brasileiro,na Vila Belmiro ,em Sao Paulo,SP 04\\\/11\\\/2017 Foto: Sergio Barzaghi\\\/Gazeta Press&quot;,&quot;created_timestamp&quot;:&quot;1509813989&quot;,&quot;copyright&quot;:&quot;&quot;,&quot;focal_length&quot;:&quot;400&quot;,&quot;iso&quot;:&quot;1400&quot;,&quot;shutter_speed&quot;:&quot;0.0008&quot;,&quot;title&quot;:&quot;CAMPEONATO BRASILEIRO 2017: SANTOS FC X ATL\\u00c3\\u2030TICO-MG&quot;,&quot;orientation&quot;:&quot;1&quot;}\" data-image-title=\"CAMPEONATO BRASILEIRO 2017: SANTOS FC X ATL\u00c3\u2030TICO-MG\" data-image-description=\"\" data-image-caption=\"&lt;p&gt;(Foto: Sergio Barzaghi\/Gazeta Press)&lt;\/p&gt;\n\" data-medium-file=\"https:\/\/blogs.gazetaesportiva.com\/albertohelena\/files\/2017\/11\/santosblog-300x200.jpg\" data-large-file=\"https:\/\/blogs.gazetaesportiva.com\/albertohelena\/files\/2017\/11\/santosblog.jpg\" class=\"size-full wp-image-9697\" src=\"https:\/\/blogs.gazetaesportiva.com\/albertohelena\/files\/2017\/11\/santosblog.jpg\" alt=\"\" width=\"900\" height=\"600\" srcset=\"https:\/\/blogs.gazetaesportiva.com\/albertohelena\/files\/2017\/11\/santosblog.jpg 900w, https:\/\/blogs.gazetaesportiva.com\/albertohelena\/files\/2017\/11\/santosblog-300x200.jpg 300w, https:\/\/blogs.gazetaesportiva.com\/albertohelena\/files\/2017\/11\/santosblog-768x512.jpg 768w, https:\/\/blogs.gazetaesportiva.com\/albertohelena\/files\/2017\/11\/santosblog-120x80.jpg 120w\" sizes=\"auto, (max-width: 900px) 100vw, 900px\" \/><\/a><figcaption id=\"caption-attachment-9697\" class=\"wp-caption-text\">(Foto: Sergio Barzaghi\/Gazeta Press)<\/figcaption><\/figure>\n<p>Bola rolando, logo se viu um outro Santos, bem pr\u00f3ximo ao seu estilo tradicional. Com Renato mais desenvolto depois de longa recupera\u00e7\u00e3o, um Lucas Lima ativo, Bruno Henrique deslocado pra direita, enquanto na esquerda entrava o menino Artur Gomes, t\u00e3o preterido na gest\u00e3o Levir, o Peixe, sob o comando do interino Elano, tomou conta do jogo diante do Galo, na Vila.<\/p>\n<p>Insinuante pelos lados, sobretudo, o Santos foi criando chances, todas desperdi\u00e7adas por isto ou aquilo, at\u00e9 que em duas jogadas g\u00eameas, j\u00e1 no finzinho da etapa inicial, o menino Artur chegou ao gol, de cabe\u00e7a, em cruzamento da direita de Bruno Henrique (pouco antes, Artur chegara tarde pra finaliza\u00e7\u00e3o).<\/p>\n<p>O lance mais curioso nesse per\u00edodo, por\u00e9m, foi aquele toque de bra\u00e7o de Fabio Santos, \u00e0 entrada da \u00e1rea mineira. Foi p\u00eanalti, n\u00e3o foi, o juiz corre pra c\u00e1, pra l\u00e1, acompanhado de um cortejo de jogadores; por fim, marca certo a falta fora da \u00e1rea. Mas, e o tempo que levou pra tomar sua decis\u00e3o? Compare com as decis\u00f5es dos ju\u00edzes que s\u00e3o respaldados pelo juiz de v\u00eddeo no resto do mundo.<\/p>\n<p>Pois, os retr\u00f3grados que ainda combatem essa nova pr\u00e1tica justificam sua\u00a0 tese por conta do tempo em demasia que a consulta de juiz a juiz levaria. Na Alemanha, por exemplo, n\u00e3o passa de trinta segundos, meu!<\/p>\n<p>E o Galo? Bem, o Galo que havia sido submetido ao Peixe durante todo o primeiro tempo, logo aos 5 minutos do segundo, chegou ao gol de empate: Robinho escapa pela direita e mete a bola na cabe\u00e7a de Fred: 1 a 1.<\/p>\n<p>O Santos, no entanto, n\u00e3o perdeu a cad\u00eancia e logo responderia com a cabe\u00e7ada fatal de Braz em cobran\u00e7a de escanteio por Lucas Lima da esquerda.<\/p>\n<p>Pouco antes, Elano trocara Artur por Daniel Guedes, passando Victor Ferraz para o meio, enquanto Osvaldo Oliveira respondera com as entradas de Luan e Vald\u00edvia, nos postos de Otero e Cazares, o que deu mais leveza ao time mineiro.<\/p>\n<p>Pra complicar ainda mais a vida dos cai\u00e7aras, Renato sai machucado, cedendo seu lugar pra Iuri, o que refor\u00e7a a defesa (leia-se, Santos mais recuado).<\/p>\n<p>E o primeiro sinal disso, o disparo\u00a0 de fora da \u00e1rea de Robinho que se choca no poste direito. O mesmo em que Leonardo Silva, na sequ\u00eancia, envia de cabe\u00e7a.<\/p>\n<p>No contra-ataque, Ricardo Oliveira, que j\u00e1 havia perdido gol feito antes, joga pra fora mais um. Isso \u00e9 de deixar um artilheiro mordendo a l\u00edngua. Mas, artilheiro \u00e9 artilheiro: perde uma, duas, mas na terceira, caixa! &#8211; Bruno Henrique ataca pela esquerda, d\u00e1 uma banda no defensor e cruza na medida para Ricardo Oliveira, de cabe\u00e7a, marcar o terceiro gol de seu time.<\/p>\n<p>\u00cah, joguinho bom de se ver, meu!<\/p>\n<p>E, nessa. o Peixe se mant\u00e9m numa luta matem\u00e1tica pelo t\u00edtulo, reassumindo temporariamente a vice-lideran\u00e7a, que \u00e9 sua desde a temporada passada.<\/p>\n<p>&nbsp;<\/p>\n<p>&nbsp;<\/p>\n","protected":false},"excerpt":{"rendered":"<p>Bola rolando, logo se viu um outro Santos, bem pr\u00f3ximo ao seu estilo tradicional. Com Renato mais desenvolto depois de longa recupera\u00e7\u00e3o, um Lucas Lima <a class=\"read-more\" href=\"https:\/\/blogs.gazetaesportiva.com\/albertohelena\/2017\/11\/04\/deu-peixe-em-belo-jogo\/\">leia mais<\/a><\/p>\n","protected":false},"author":46,"featured_media":9697,"comment_status":"open","ping_status":"open","sticky":false,"template":"","format":"standard","meta":{"_jetpack_newsletter_access":"","_jetpack_dont_email_post_to_subs":false,"_jetpack_newsletter_tier_id":0,"_jetpack_memberships_contains_paywalled_content":false,"_jetpack_memberships_contains_paid_content":false,"footnotes":""},"categories":[1],"tags":[],"class_list":["post-9696","post","type-post","status-publish","format-standard","has-post-thumbnail","hentry","category-sem-categoria"],"jetpack_featured_media_url":"https:\/\/blogs.gazetaesportiva.com\/albertohelena\/files\/2017\/11\/santosblog.jpg","jetpack_sharing_enabled":true,"jetpack_shortlink":"https:\/\/wp.me\/pekB7q-2wo","_links":{"self":[{"href":"https:\/\/blogs.gazetaesportiva.com\/albertohelena\/wp-json\/wp\/v2\/posts\/9696","targetHints":{"allow":["GET"]}}],"collection":[{"href":"https:\/\/blogs.gazetaesportiva.com\/albertohelena\/wp-json\/wp\/v2\/posts"}],"about":[{"href":"https:\/\/blogs.gazetaesportiva.com\/albertohelena\/wp-json\/wp\/v2\/types\/post"}],"author":[{"embeddable":true,"href":"https:\/\/blogs.gazetaesportiva.com\/albertohelena\/wp-json\/wp\/v2\/users\/46"}],"replies":[{"embeddable":true,"href":"https:\/\/blogs.gazetaesportiva.com\/albertohelena\/wp-json\/wp\/v2\/comments?post=9696"}],"version-history":[{"count":0,"href":"https:\/\/blogs.gazetaesportiva.com\/albertohelena\/wp-json\/wp\/v2\/posts\/9696\/revisions"}],"wp:featuredmedia":[{"embeddable":true,"href":"https:\/\/blogs.gazetaesportiva.com\/albertohelena\/wp-json\/wp\/v2\/media\/9697"}],"wp:attachment":[{"href":"https:\/\/blogs.gazetaesportiva.com\/albertohelena\/wp-json\/wp\/v2\/media?parent=9696"}],"wp:term":[{"taxonomy":"category","embeddable":true,"href":"https:\/\/blogs.gazetaesportiva.com\/albertohelena\/wp-json\/wp\/v2\/categories?post=9696"},{"taxonomy":"post_tag","embeddable":true,"href":"https:\/\/blogs.gazetaesportiva.com\/albertohelena\/wp-json\/wp\/v2\/tags?post=9696"}],"curies":[{"name":"wp","href":"https:\/\/api.w.org\/{rel}","templated":true}]}}