{"id":9646,"date":"2017-10-16T22:20:26","date_gmt":"2017-10-17T00:20:26","guid":{"rendered":"https:\/\/blogs.gazetaesportiva.com\/albertohelena\/?p=9646"},"modified":"2017-10-16T22:23:45","modified_gmt":"2017-10-17T00:23:45","slug":"peixe-empata-e-perde-a-vice","status":"publish","type":"post","link":"https:\/\/blogs.gazetaesportiva.com\/albertohelena\/2017\/10\/16\/peixe-empata-e-perde-a-vice\/","title":{"rendered":"Peixe empata e perde a vice"},"content":{"rendered":"<figure id=\"attachment_9647\" aria-describedby=\"caption-attachment-9647\" style=\"width: 1200px\" class=\"wp-caption aligncenter\"><a href=\"https:\/\/blogs.gazetaesportiva.com\/albertohelena\/files\/2017\/10\/01049508.jpg\"><img loading=\"lazy\" decoding=\"async\" data-attachment-id=\"9647\" data-permalink=\"https:\/\/blogs.gazetaesportiva.com\/albertohelena\/2017\/10\/16\/peixe-empata-e-perde-a-vice\/attachment\/01049508\/\" data-orig-file=\"https:\/\/blogs.gazetaesportiva.com\/albertohelena\/files\/2017\/10\/01049508.jpg\" data-orig-size=\"1200,496\" data-comments-opened=\"1\" data-image-meta=\"{&quot;aperture&quot;:&quot;2.8&quot;,&quot;credit&quot;:&quot;&quot;,&quot;camera&quot;:&quot;NIKON D4S&quot;,&quot;caption&quot;:&quot;durante Santos X Vitoria,pelo campeonato brasileiro,no estadio do Pacaembu,em Sao Paulo,SP 16\\\/10\\\/2017 Foto: Sergio Barzaghi\\\/Gazeta Press&quot;,&quot;created_timestamp&quot;:&quot;1508180844&quot;,&quot;copyright&quot;:&quot;&quot;,&quot;focal_length&quot;:&quot;400&quot;,&quot;iso&quot;:&quot;8000&quot;,&quot;shutter_speed&quot;:&quot;0.00125&quot;,&quot;title&quot;:&quot;&quot;,&quot;orientation&quot;:&quot;1&quot;}\" data-image-title=\"01049508\" data-image-description=\"\" data-image-caption=\"&lt;p&gt;Foto: Sergio Barzaghi\/Gazeta Press&lt;\/p&gt;\n\" data-medium-file=\"https:\/\/blogs.gazetaesportiva.com\/albertohelena\/files\/2017\/10\/01049508-300x124.jpg\" data-large-file=\"https:\/\/blogs.gazetaesportiva.com\/albertohelena\/files\/2017\/10\/01049508-1024x423.jpg\" class=\"size-full wp-image-9647\" src=\"https:\/\/blogs.gazetaesportiva.com\/albertohelena\/files\/2017\/10\/01049508.jpg\" alt=\"\" width=\"1200\" height=\"496\" srcset=\"https:\/\/blogs.gazetaesportiva.com\/albertohelena\/files\/2017\/10\/01049508.jpg 1200w, https:\/\/blogs.gazetaesportiva.com\/albertohelena\/files\/2017\/10\/01049508-300x124.jpg 300w, https:\/\/blogs.gazetaesportiva.com\/albertohelena\/files\/2017\/10\/01049508-768x317.jpg 768w, https:\/\/blogs.gazetaesportiva.com\/albertohelena\/files\/2017\/10\/01049508-1024x423.jpg 1024w\" sizes=\"auto, (max-width: 1200px) 100vw, 1200px\" \/><\/a><figcaption id=\"caption-attachment-9647\" class=\"wp-caption-text\">Foto: Sergio Barzaghi\/Gazeta Press<\/figcaption><\/figure>\n<p>Pelo visto, a turma est\u00e1 mesmo decidida a entregar a faixa ao Corinthians. Basta o l\u00edder trope\u00e7ar &#8211; o que, ali\u00e1s, vem fazendo com frequ\u00eancia neste segundo turno -, e seus perseguidores v\u00e3o tamb\u00e9m de cambulhada.<\/p>\n<p>Desta vez, foi o Santos, que estava ali, \u00f3, de se aproximar do Tim\u00e3o, e derrapou no Pacaembu diante de um s\u00e9rio candidato ao descenso, o Vit\u00f3ria: 2 a 2, num jogo disputado em que os baianos foram melhores e mais incisivos do que os cai\u00e7aras.<\/p>\n<p>E tudo come\u00e7ou aos 23 minutos de jogo, quando Copete perdeu a bola na intermedi\u00e1ria advers\u00e1ria propiciando o contragolpe &#8211; tr\u00eas contra tr\u00eas &#8211; feito de r\u00e1pida troca de bolas, finalizada por David, depois de limpar Vanderlei. Belo gol.<\/p>\n<p>Mas, aos 35,\u00a0 o baixinho Jean Mota enfiou-se por baixo da mesa para emergir na cara do gol com um cabeceio certeiro em cruzamento de Zeca: 1 a 1.<\/p>\n<p>E, logo aos 6 minutos do segundo tempo, Ricardo Oliveira, o artilheiro, desperdi\u00e7ou por duas vezes em seguida diante de Ca\u00edque: na cabe\u00e7ada rebatida pelo goleiro e no chute, cara a cara, pra fora.<\/p>\n<p>O Vit\u00f3ria, por\u00e9m, n\u00e3o se abateu e respondeu na sequ\u00eancia com aquele tiro de Ne\u00edlton na trave santista.<\/p>\n<p>Eis, ent\u00e3o, que Levir resolve trocar Copete por Serginho e Mateus Jesus por Vecchio, E, quando parecia que o Santos acertaria o passe e o passo, corner da direita e espie s\u00f3 o bec\u00e3o Wallace ganhando de cabe\u00e7a de Braz: 2 a 1.<\/p>\n<p>O Peixe, contudo, n\u00e3o se desesperou, e logo ap\u00f3s, aos 24 minutos, empatou com um gol contra de Ram\u00f3n: 2 a 2.<\/p>\n<p>E isso foi tudo, pelo que o Corinthians agradece penhorado. Ah, sim, e tamb\u00e9m o Gr\u00eamio, que venceu seu jogo de v\u00e9spera na bacia das almas e retomou a vice-lideran\u00e7a do Santos.<\/p>\n<p>&nbsp;<\/p>\n","protected":false},"excerpt":{"rendered":"<p>Pelo visto, a turma est\u00e1 mesmo decidida a entregar a faixa ao Corinthians. Basta o l\u00edder trope\u00e7ar &#8211; o que, ali\u00e1s, vem fazendo com frequ\u00eancia <a class=\"read-more\" href=\"https:\/\/blogs.gazetaesportiva.com\/albertohelena\/2017\/10\/16\/peixe-empata-e-perde-a-vice\/\">leia mais<\/a><\/p>\n","protected":false},"author":46,"featured_media":9647,"comment_status":"open","ping_status":"open","sticky":false,"template":"","format":"standard","meta":{"_jetpack_newsletter_access":"","_jetpack_dont_email_post_to_subs":false,"_jetpack_newsletter_tier_id":0,"_jetpack_memberships_contains_paywalled_content":false,"_jetpack_memberships_contains_paid_content":false,"footnotes":""},"categories":[1],"tags":[],"class_list":["post-9646","post","type-post","status-publish","format-standard","has-post-thumbnail","hentry","category-sem-categoria"],"jetpack_featured_media_url":"https:\/\/blogs.gazetaesportiva.com\/albertohelena\/files\/2017\/10\/01049508.jpg","jetpack_sharing_enabled":true,"jetpack_shortlink":"https:\/\/wp.me\/pekB7q-2vA","_links":{"self":[{"href":"https:\/\/blogs.gazetaesportiva.com\/albertohelena\/wp-json\/wp\/v2\/posts\/9646","targetHints":{"allow":["GET"]}}],"collection":[{"href":"https:\/\/blogs.gazetaesportiva.com\/albertohelena\/wp-json\/wp\/v2\/posts"}],"about":[{"href":"https:\/\/blogs.gazetaesportiva.com\/albertohelena\/wp-json\/wp\/v2\/types\/post"}],"author":[{"embeddable":true,"href":"https:\/\/blogs.gazetaesportiva.com\/albertohelena\/wp-json\/wp\/v2\/users\/46"}],"replies":[{"embeddable":true,"href":"https:\/\/blogs.gazetaesportiva.com\/albertohelena\/wp-json\/wp\/v2\/comments?post=9646"}],"version-history":[{"count":0,"href":"https:\/\/blogs.gazetaesportiva.com\/albertohelena\/wp-json\/wp\/v2\/posts\/9646\/revisions"}],"wp:featuredmedia":[{"embeddable":true,"href":"https:\/\/blogs.gazetaesportiva.com\/albertohelena\/wp-json\/wp\/v2\/media\/9647"}],"wp:attachment":[{"href":"https:\/\/blogs.gazetaesportiva.com\/albertohelena\/wp-json\/wp\/v2\/media?parent=9646"}],"wp:term":[{"taxonomy":"category","embeddable":true,"href":"https:\/\/blogs.gazetaesportiva.com\/albertohelena\/wp-json\/wp\/v2\/categories?post=9646"},{"taxonomy":"post_tag","embeddable":true,"href":"https:\/\/blogs.gazetaesportiva.com\/albertohelena\/wp-json\/wp\/v2\/tags?post=9646"}],"curies":[{"name":"wp","href":"https:\/\/api.w.org\/{rel}","templated":true}]}}