{"id":9644,"date":"2017-10-15T21:10:57","date_gmt":"2017-10-15T23:10:57","guid":{"rendered":"https:\/\/blogs.gazetaesportiva.com\/albertohelena\/?p=9644"},"modified":"2017-10-16T13:51:46","modified_gmt":"2017-10-16T15:51:46","slug":"verdao-e-timao-o-contraste","status":"publish","type":"post","link":"https:\/\/blogs.gazetaesportiva.com\/albertohelena\/2017\/10\/15\/verdao-e-timao-o-contraste\/","title":{"rendered":"Verd\u00e3o e Tim\u00e3o, o contraste"},"content":{"rendered":"<figure id=\"attachment_9645\" aria-describedby=\"caption-attachment-9645\" style=\"width: 2048px\" class=\"wp-caption aligncenter\"><a href=\"https:\/\/blogs.gazetaesportiva.com\/albertohelena\/files\/2017\/10\/blog-helena151017.jpg\"><img loading=\"lazy\" decoding=\"async\" data-attachment-id=\"9645\" data-permalink=\"https:\/\/blogs.gazetaesportiva.com\/albertohelena\/2017\/10\/15\/verdao-e-timao-o-contraste\/spo-26\/\" data-orig-file=\"https:\/\/blogs.gazetaesportiva.com\/albertohelena\/files\/2017\/10\/blog-helena151017.jpg\" data-orig-size=\"2048,1365\" data-comments-opened=\"1\" data-image-meta=\"{&quot;aperture&quot;:&quot;8&quot;,&quot;credit&quot;:&quot;() \\u00a9 Jr., Daniel Augusto&quot;,&quot;camera&quot;:&quot;Canon EOS-1D X Mark II&quot;,&quot;caption&quot;:&quot;durante o jogo entre Bahia\\\/BA x Corinthians\\\/SP, realizado esta noite na Arena Fonte Nova, valido pela 28a. rodada do Campeonato Brasileiro de 2017. Juiz: RICARDO MARQUES RIBEIRO . Sao Paulo\\\/SP\\\/Brasil - 15\\\/10\\\/2017. Foto: \\u00a9 Daniel Augusto Jr. \\\/ Ag. Corinthians&quot;,&quot;created_timestamp&quot;:&quot;1508102866&quot;,&quot;copyright&quot;:&quot;Esta imagem tem autor e \\u00e9 protegida pela Lei do Direito autoral 9610\\\/98. Seu uso mutilada, sem cr\\u00e9dito e n\\u00e3o autorizado const&quot;,&quot;focal_length&quot;:&quot;420&quot;,&quot;iso&quot;:&quot;8000&quot;,&quot;shutter_speed&quot;:&quot;0.0015625&quot;,&quot;title&quot;:&quot;()  SPO&quot;,&quot;orientation&quot;:&quot;0&quot;}\" data-image-title=\"()  SPO\" data-image-description=\"\" data-image-caption=\"&lt;p&gt;Foto: Daniel Augusto Jr. \/ Ag. Corinthians&lt;\/p&gt;\n\" data-medium-file=\"https:\/\/blogs.gazetaesportiva.com\/albertohelena\/files\/2017\/10\/blog-helena151017-300x200.jpg\" data-large-file=\"https:\/\/blogs.gazetaesportiva.com\/albertohelena\/files\/2017\/10\/blog-helena151017-1024x683.jpg\" class=\"size-full wp-image-9645\" src=\"https:\/\/blogs.gazetaesportiva.com\/albertohelena\/files\/2017\/10\/blog-helena151017.jpg\" alt=\"\" width=\"2048\" height=\"1365\" srcset=\"https:\/\/blogs.gazetaesportiva.com\/albertohelena\/files\/2017\/10\/blog-helena151017.jpg 2048w, https:\/\/blogs.gazetaesportiva.com\/albertohelena\/files\/2017\/10\/blog-helena151017-300x200.jpg 300w, https:\/\/blogs.gazetaesportiva.com\/albertohelena\/files\/2017\/10\/blog-helena151017-768x512.jpg 768w, https:\/\/blogs.gazetaesportiva.com\/albertohelena\/files\/2017\/10\/blog-helena151017-1024x683.jpg 1024w, https:\/\/blogs.gazetaesportiva.com\/albertohelena\/files\/2017\/10\/blog-helena151017-120x80.jpg 120w\" sizes=\"auto, (max-width: 2048px) 100vw, 2048px\" \/><\/a><figcaption id=\"caption-attachment-9645\" class=\"wp-caption-text\">Foto: Daniel Augusto Jr. \/ Ag. Corinthians<\/figcaption><\/figure>\n<p>Neste domingo, o futebol paulistano se desenrolou l\u00e1 fora. Em Goi\u00e2nia, o Palmeiras; em Salvador, o Corinthians.<\/p>\n<p>Enquanto a tarde paulistana se deprimia sob um c\u00e9u cinzento e aquele ventinho frio de h\u00e1bito nesta virada de esta\u00e7\u00f5es, em Goi\u00e2nia, o sol ardente e a alta umidade t\u00edpica da regi\u00e3o, mais a rea\u00e7\u00e3o do Atl\u00e9tico no campeonato, amea\u00e7avam esse Verd\u00e3o sob nova dire\u00e7\u00e3o, com a sa\u00edda de Cuca e a entrada tempor\u00e1ria de Alberto Valentim, enquanto Seu Mano n\u00e3o vem.<\/p>\n<p>A n\u00e3o ser que meu xar\u00e1 consiga um prod\u00edgio daqueles at\u00e9 que as coisas se definam no Parque.<\/p>\n<p>E o in\u00edcio foi promissor, pois o Verd\u00e3o meteu 3 a 1, com direito a v\u00e1rias chances desperdi\u00e7adas. E o fez gra\u00e7as, sobretudo, \u00e0 forma\u00e7\u00e3o da equipe, com Keno pela direita (nos tempos anteriores, jogava sempre pela esquerda), Willian de centroavante m\u00f3vel e Dudu, pela esquerda.\u00a0 No meio de campo, Bruno Henrique, Tch\u00ea, Tch\u00ea e Mois\u00e9s.<\/p>\n<p>Dessa forma, o Palmeiras tinha o controle do jogo no meio de campo e era sempre muito veloz e agressivo quando atacava.<\/p>\n<p>Assim, aos 20 minutos, em jogada esperta de Keno, que se livrou de dois e rolou para Willian, sozinho, tocar para as redes. Sozinho, porque um \u00e1timo antes Dudu empurrou com as duas m\u00e3os o defensor Jonathan, tirando-o da jogada. O juiz deveria ter anulado o lance, marcando falta para o Atl\u00e9tico.<\/p>\n<p>Mas, pelo andar da carruagem, o Verd\u00e3o n\u00e3o precisava tanto dessa vantagem, pois seguiu dominando a partida e, aos 40, novamente Keno assume a cena, com uma cavadinha inesperada que coloca Mois\u00e9s na cara do gol: 2 a 0.<\/p>\n<p>E, logo aos 15 do segundo tempo, Dudu, de peixinho, ampliou o placar pra 3 a 0, em jogada bem tramada entre Willian e, novamente, Keno, o melhor do jogo. Pena que ele tenha sido substitu\u00eddo, por les\u00e3o, logo ap\u00f3s, o que reduziu o poder ofensivo verde, ainda mais com as subsequentes substitui\u00e7\u00f5es de Mois\u00e9s e de Willian. Esta \u00faltima, certamente para Alberto atender a torcida, que pedia Borja, e tentar manter o equil\u00edbrio do grupo.<\/p>\n<p>Pelo sim, pelo n\u00e3o, o Atl\u00e9tico melhorou e chegou ao seu gol de honra, com Walter cobrando com estilo p\u00eanalti cometido por Mayke em Jorginho.<\/p>\n<p>J\u00e1, noite descendo sobre Salvador de Todos os Santos, o Corinthians foi submetido a uma avassaladora press\u00e3o do Bahia durante praticamente todo o primeiro tempo. Basta dizer que, ao longo dos primeiros 30 minutos, o Tim\u00e3o mal conseguiu sair de sua zona de defesa. Per\u00edodo em que, sob o comando de Z\u00e9 Rafael (que bom jogador \u00e9 esse, meu!), criou algumas boas oportunidades &#8211; numa delas, defesa sensacional de C\u00e1ssio.<\/p>\n<p>Mas, a melhor de todas na partida, at\u00e9 ent\u00e3o, esteve na cabe\u00e7a de J\u00f4, l\u00e1 adiante, que o goleiro conjurou, numa das raras escapadas do Corinthians.<\/p>\n<p>Bem que Carille tentou mudar o cen\u00e1rio no decorrer do segundo tempo, colocando em campo Marquinhos Gabriel e Clayson, nos lugares do ab\u00falico Jadson e de Romero. Mas, n\u00e3o houve tempo pra que as substitui\u00e7\u00f5es surtissem efeito, pois, numa falha de sa\u00edda de bola de Fagner, na \u00e1rea, Vinicius se aproveitou e abriu a contagem: 1 a 0.<\/p>\n<p>Pra empurrar seu time mais \u00e0 frente, em busca do empate, Carille trocou o volante Maycon pelo meia Giovanni Augusto. \u00c9 sempre assim: t\u00e9cnico brasileiro s\u00f3 abre m\u00e3o da praga dos dois volantes no desespero, quando est\u00e1 perdendo e o tempo escoando.<\/p>\n<p>Por falar em desespero, espie s\u00f3 esse lance. Falta em Marquinhos Gabriel na direita, o que chama o goleiro C\u00e1ssio para a \u00e1rea baiana. Cobran\u00e7a in\u00fatil, na sequ\u00eancia, contragolpe tricolor que R\u00e9gis finaliza com o gol aberto: 2 a 0.<\/p>\n<p>Mas, n\u00e3o se desespere amigo da Fiel. Embora o Corinthians dever\u00e1 cumprir o resto deste segundo turno assim &#8211; vence uma, perde outra, empata aquela l\u00e1 &#8211; a faixa j\u00e1 est\u00e1 virtualmente no peito alvinegro.<\/p>\n<p>A n\u00e3o ser, claro, que Santos, Gr\u00eamio ou Palmeiras, de repente, sejam ungidos pelo milagre da perfei\u00e7\u00e3o daqui at\u00e9 o fim do Brasileir\u00e3o.<\/p>\n<p>&nbsp;<\/p>\n","protected":false},"excerpt":{"rendered":"<p>Neste domingo, o futebol paulistano se desenrolou l\u00e1 fora. Em Goi\u00e2nia, o Palmeiras; em Salvador, o Corinthians. Enquanto a tarde paulistana se deprimia sob um <a class=\"read-more\" href=\"https:\/\/blogs.gazetaesportiva.com\/albertohelena\/2017\/10\/15\/verdao-e-timao-o-contraste\/\">leia mais<\/a><\/p>\n","protected":false},"author":46,"featured_media":9645,"comment_status":"open","ping_status":"open","sticky":false,"template":"","format":"standard","meta":{"_jetpack_newsletter_access":"","_jetpack_dont_email_post_to_subs":false,"_jetpack_newsletter_tier_id":0,"_jetpack_memberships_contains_paywalled_content":false,"_jetpack_memberships_contains_paid_content":false,"footnotes":""},"categories":[1],"tags":[],"class_list":["post-9644","post","type-post","status-publish","format-standard","has-post-thumbnail","hentry","category-sem-categoria"],"jetpack_featured_media_url":"https:\/\/blogs.gazetaesportiva.com\/albertohelena\/files\/2017\/10\/blog-helena151017.jpg","jetpack_sharing_enabled":true,"jetpack_shortlink":"https:\/\/wp.me\/pekB7q-2vy","_links":{"self":[{"href":"https:\/\/blogs.gazetaesportiva.com\/albertohelena\/wp-json\/wp\/v2\/posts\/9644","targetHints":{"allow":["GET"]}}],"collection":[{"href":"https:\/\/blogs.gazetaesportiva.com\/albertohelena\/wp-json\/wp\/v2\/posts"}],"about":[{"href":"https:\/\/blogs.gazetaesportiva.com\/albertohelena\/wp-json\/wp\/v2\/types\/post"}],"author":[{"embeddable":true,"href":"https:\/\/blogs.gazetaesportiva.com\/albertohelena\/wp-json\/wp\/v2\/users\/46"}],"replies":[{"embeddable":true,"href":"https:\/\/blogs.gazetaesportiva.com\/albertohelena\/wp-json\/wp\/v2\/comments?post=9644"}],"version-history":[{"count":0,"href":"https:\/\/blogs.gazetaesportiva.com\/albertohelena\/wp-json\/wp\/v2\/posts\/9644\/revisions"}],"wp:featuredmedia":[{"embeddable":true,"href":"https:\/\/blogs.gazetaesportiva.com\/albertohelena\/wp-json\/wp\/v2\/media\/9645"}],"wp:attachment":[{"href":"https:\/\/blogs.gazetaesportiva.com\/albertohelena\/wp-json\/wp\/v2\/media?parent=9644"}],"wp:term":[{"taxonomy":"category","embeddable":true,"href":"https:\/\/blogs.gazetaesportiva.com\/albertohelena\/wp-json\/wp\/v2\/categories?post=9644"},{"taxonomy":"post_tag","embeddable":true,"href":"https:\/\/blogs.gazetaesportiva.com\/albertohelena\/wp-json\/wp\/v2\/tags?post=9644"}],"curies":[{"name":"wp","href":"https:\/\/api.w.org\/{rel}","templated":true}]}}