{"id":9641,"date":"2017-10-14T23:22:01","date_gmt":"2017-10-15T02:22:01","guid":{"rendered":"https:\/\/blogs.gazetaesportiva.com\/albertohelena\/?p=9641"},"modified":"2017-10-14T23:27:25","modified_gmt":"2017-10-15T02:27:25","slug":"ufa-tricolor","status":"publish","type":"post","link":"https:\/\/blogs.gazetaesportiva.com\/albertohelena\/2017\/10\/14\/ufa-tricolor\/","title":{"rendered":"Ufa, Tricolor!"},"content":{"rendered":"<figure id=\"attachment_9642\" aria-describedby=\"caption-attachment-9642\" style=\"width: 1000px\" class=\"wp-caption aligncenter\"><a href=\"https:\/\/blogs.gazetaesportiva.com\/albertohelena\/files\/2017\/10\/blog-helena141017.jpg\"><img loading=\"lazy\" decoding=\"async\" data-attachment-id=\"9642\" data-permalink=\"https:\/\/blogs.gazetaesportiva.com\/albertohelena\/2017\/10\/14\/ufa-tricolor\/campeonato-brasileiro-2017-sao-paulo-fc-x-atletico-pr\/\" data-orig-file=\"https:\/\/blogs.gazetaesportiva.com\/albertohelena\/files\/2017\/10\/blog-helena141017.jpg\" data-orig-size=\"1000,666\" data-comments-opened=\"1\" data-image-meta=\"{&quot;aperture&quot;:&quot;2.8&quot;,&quot;credit&quot;:&quot;FERNANDO DANTAS&quot;,&quot;camera&quot;:&quot;NIKON D4S&quot;,&quot;caption&quot;:&quot;Sao Paulo x Atletico-PR, Brasileirao 2017, Pacaembu, Sao Paulo SP, 14\\\/10\\\/2017, Foto: Fernando Dantas\\\/Gazeta Press&quot;,&quot;created_timestamp&quot;:&quot;1508020795&quot;,&quot;copyright&quot;:&quot;&quot;,&quot;focal_length&quot;:&quot;400&quot;,&quot;iso&quot;:&quot;5000&quot;,&quot;shutter_speed&quot;:&quot;0.001&quot;,&quot;title&quot;:&quot;CAMPEONATO BRASILEIRO 2017: S\\u00c3O PAULO FC X ATL\\u00c9TICO-PR&quot;,&quot;orientation&quot;:&quot;0&quot;}\" data-image-title=\"CAMPEONATO BRASILEIRO 2017: S\u00c3O PAULO FC X ATL\u00c9TICO-PR\" data-image-description=\"\" data-image-caption=\"&lt;p&gt;Foto: Fernando Dantas\/Gazeta Press&lt;\/p&gt;\n\" data-medium-file=\"https:\/\/blogs.gazetaesportiva.com\/albertohelena\/files\/2017\/10\/blog-helena141017-300x200.jpg\" data-large-file=\"https:\/\/blogs.gazetaesportiva.com\/albertohelena\/files\/2017\/10\/blog-helena141017.jpg\" class=\"size-full wp-image-9642\" src=\"https:\/\/blogs.gazetaesportiva.com\/albertohelena\/files\/2017\/10\/blog-helena141017.jpg\" alt=\"\" width=\"1000\" height=\"666\" srcset=\"https:\/\/blogs.gazetaesportiva.com\/albertohelena\/files\/2017\/10\/blog-helena141017.jpg 1000w, https:\/\/blogs.gazetaesportiva.com\/albertohelena\/files\/2017\/10\/blog-helena141017-300x200.jpg 300w, https:\/\/blogs.gazetaesportiva.com\/albertohelena\/files\/2017\/10\/blog-helena141017-768x511.jpg 768w, https:\/\/blogs.gazetaesportiva.com\/albertohelena\/files\/2017\/10\/blog-helena141017-120x80.jpg 120w\" sizes=\"auto, (max-width: 1000px) 100vw, 1000px\" \/><\/a><figcaption id=\"caption-attachment-9642\" class=\"wp-caption-text\">Foto: Fernando Dantas\/Gazeta Press<\/figcaption><\/figure>\n<p>S\u00f3 faltava essa: o S\u00e3o Paulo empatar por 1 a 1 com o Furac\u00e3o, em pleno Pacaembu. Pois, correu esse risco at\u00e9 os 39 minutos do segundo, quando Cueva, numa arrancada em contragolpe, serviu a Maicosuel, que bateu certeiro no canto de Weverton, finalmente impulsionando o Tricolor \u00e0 d\u00e9cima primeira posi\u00e7\u00e3o na tabela do Brasileir\u00e3o, longe o bastante da zona do rebaixamento para que o torcedor tricolino suspire aliviado. \u00c9 verdade que ainda n\u00e3o est\u00e1 salvo de vez, pois muita bola vai rolar neste domingo e at\u00e9 o final do campeonato.<\/p>\n<p>Mas, de qualquer forma, a vit\u00f3ria por 2 a 1 foi justa, posto que o Tricolor foi melhor do que o Atl\u00e9tico PR o tempo todo, antes e depois de tomar o gol inicial de Douglas Coutinho, em m\u00e1 rebatida de Sid\u00e3o, logo aos 5 minutos da segunda etapa, e antes e depois do empate com Pratto colhendo bela enfiada de Cueva, aos 15.<\/p>\n<p>Como se v\u00ea, Cueva foi decisivo na constru\u00e7\u00e3o do placar, assim como providencial acabou sendo a entrada de Maicosuel no lugar Lucas Fernandes. N\u00e3o s\u00f3 pelo gol da vit\u00f3ria, mas porque infundiu certo senso de profundidade de que a equipe padecia, embora tivesse o controle do jogo.<\/p>\n<p>Assim como a entrada de Araruna no lugar de Milit\u00e3o conferiu maior flu\u00eancia \u00e0 lateral-direita, um defeito cr\u00f4nico desse time.<\/p>\n<p>Enfim&#8230; Ufa!<\/p>\n<p><strong>NA LINHA DO GOL<\/strong><\/p>\n<p><em>O City de Guardiola e o Bayern de volta \u00e0s m\u00e3os de Heyenk deram tom desta tarde de s\u00e1bado, ao golearem seus advers\u00e1rios por 7 a 2 e 5 a 0, Stokes e Freiburg, respectivamente. S\u00e3o a prova viva de que ainda h\u00e1 uma luz dourada iluminando os campos de futebol que, na maioria dos lugares, em especial por aqui, foram transformados em pra\u00e7a de guerra, sem ousadia nem imagina\u00e7\u00e3o. Pena que o Bar\u00e7a n\u00e3o tenha arrombado de vez a retranca simeonesca do Atl\u00e9tico de Madri no novo e belo est\u00e1dio da capital espanhola, o Wanda Metropolitano, depois de uma press\u00e3o avassaladora no segundo tempo, quando Messi perdeu duas chances claras de marcar, al\u00e9m daquela falta no travess\u00e3o, assim como Luisito Su\u00e1rez, autor do gol de empate, De qualquer forma, valeu a tarde diante da tv, enquanto o sol banhava minhas primaveras florescentes l\u00e1 fora, chamando-me para a vida.<\/em><\/p>\n","protected":false},"excerpt":{"rendered":"<p>S\u00f3 faltava essa: o S\u00e3o Paulo empatar por 1 a 1 com o Furac\u00e3o, em pleno Pacaembu. Pois, correu esse risco at\u00e9 os 39 minutos <a class=\"read-more\" href=\"https:\/\/blogs.gazetaesportiva.com\/albertohelena\/2017\/10\/14\/ufa-tricolor\/\">leia mais<\/a><\/p>\n","protected":false},"author":46,"featured_media":9642,"comment_status":"open","ping_status":"open","sticky":false,"template":"","format":"standard","meta":{"_jetpack_newsletter_access":"","_jetpack_dont_email_post_to_subs":false,"_jetpack_newsletter_tier_id":0,"_jetpack_memberships_contains_paywalled_content":false,"_jetpack_memberships_contains_paid_content":false,"footnotes":""},"categories":[1],"tags":[],"class_list":["post-9641","post","type-post","status-publish","format-standard","has-post-thumbnail","hentry","category-sem-categoria"],"jetpack_featured_media_url":"https:\/\/blogs.gazetaesportiva.com\/albertohelena\/files\/2017\/10\/blog-helena141017.jpg","jetpack_sharing_enabled":true,"jetpack_shortlink":"https:\/\/wp.me\/pekB7q-2vv","_links":{"self":[{"href":"https:\/\/blogs.gazetaesportiva.com\/albertohelena\/wp-json\/wp\/v2\/posts\/9641","targetHints":{"allow":["GET"]}}],"collection":[{"href":"https:\/\/blogs.gazetaesportiva.com\/albertohelena\/wp-json\/wp\/v2\/posts"}],"about":[{"href":"https:\/\/blogs.gazetaesportiva.com\/albertohelena\/wp-json\/wp\/v2\/types\/post"}],"author":[{"embeddable":true,"href":"https:\/\/blogs.gazetaesportiva.com\/albertohelena\/wp-json\/wp\/v2\/users\/46"}],"replies":[{"embeddable":true,"href":"https:\/\/blogs.gazetaesportiva.com\/albertohelena\/wp-json\/wp\/v2\/comments?post=9641"}],"version-history":[{"count":0,"href":"https:\/\/blogs.gazetaesportiva.com\/albertohelena\/wp-json\/wp\/v2\/posts\/9641\/revisions"}],"wp:featuredmedia":[{"embeddable":true,"href":"https:\/\/blogs.gazetaesportiva.com\/albertohelena\/wp-json\/wp\/v2\/media\/9642"}],"wp:attachment":[{"href":"https:\/\/blogs.gazetaesportiva.com\/albertohelena\/wp-json\/wp\/v2\/media?parent=9641"}],"wp:term":[{"taxonomy":"category","embeddable":true,"href":"https:\/\/blogs.gazetaesportiva.com\/albertohelena\/wp-json\/wp\/v2\/categories?post=9641"},{"taxonomy":"post_tag","embeddable":true,"href":"https:\/\/blogs.gazetaesportiva.com\/albertohelena\/wp-json\/wp\/v2\/tags?post=9641"}],"curies":[{"name":"wp","href":"https:\/\/api.w.org\/{rel}","templated":true}]}}