{"id":9639,"date":"2017-10-13T18:39:06","date_gmt":"2017-10-13T21:39:06","guid":{"rendered":"https:\/\/blogs.gazetaesportiva.com\/albertohelena\/?p=9639"},"modified":"2017-10-13T18:49:34","modified_gmt":"2017-10-13T21:49:34","slug":"professores-de-que","status":"publish","type":"post","link":"https:\/\/blogs.gazetaesportiva.com\/albertohelena\/2017\/10\/13\/professores-de-que\/","title":{"rendered":"Professores de qu\u00ea?"},"content":{"rendered":"<figure id=\"attachment_9640\" aria-describedby=\"caption-attachment-9640\" style=\"width: 1000px\" class=\"wp-caption aligncenter\"><a href=\"https:\/\/blogs.gazetaesportiva.com\/albertohelena\/files\/2017\/10\/bloghelena131017.jpg\"><img loading=\"lazy\" decoding=\"async\" data-attachment-id=\"9640\" data-permalink=\"https:\/\/blogs.gazetaesportiva.com\/albertohelena\/2017\/10\/13\/professores-de-que\/treino-do-palmeiras-9\/\" data-orig-file=\"https:\/\/blogs.gazetaesportiva.com\/albertohelena\/files\/2017\/10\/bloghelena131017.jpg\" data-orig-size=\"1000,666\" data-comments-opened=\"1\" data-image-meta=\"{&quot;aperture&quot;:&quot;2.8&quot;,&quot;credit&quot;:&quot;FERNANDO DANTAS&quot;,&quot;camera&quot;:&quot;NIKON D4S&quot;,&quot;caption&quot;:&quot;Palmeiras, Academia de Futebol, Sao Paulo SP, 16\\\/05\\\/2017, Foto: Fernando Dantas\\\/Gazeta Press&quot;,&quot;created_timestamp&quot;:&quot;1494952696&quot;,&quot;copyright&quot;:&quot;&quot;,&quot;focal_length&quot;:&quot;400&quot;,&quot;iso&quot;:&quot;800&quot;,&quot;shutter_speed&quot;:&quot;0.001&quot;,&quot;title&quot;:&quot;TREINO DO PALMEIRAS&quot;,&quot;orientation&quot;:&quot;0&quot;}\" data-image-title=\"TREINO DO PALMEIRAS\" data-image-description=\"\" data-image-caption=\"&lt;p&gt;Foto: Fernando Dantas\/Gazeta Press&lt;\/p&gt;\n\" data-medium-file=\"https:\/\/blogs.gazetaesportiva.com\/albertohelena\/files\/2017\/10\/bloghelena131017-300x200.jpg\" data-large-file=\"https:\/\/blogs.gazetaesportiva.com\/albertohelena\/files\/2017\/10\/bloghelena131017.jpg\" class=\"size-full wp-image-9640\" src=\"https:\/\/blogs.gazetaesportiva.com\/albertohelena\/files\/2017\/10\/bloghelena131017.jpg\" alt=\"\" width=\"1000\" height=\"666\" srcset=\"https:\/\/blogs.gazetaesportiva.com\/albertohelena\/files\/2017\/10\/bloghelena131017.jpg 1000w, https:\/\/blogs.gazetaesportiva.com\/albertohelena\/files\/2017\/10\/bloghelena131017-300x200.jpg 300w, https:\/\/blogs.gazetaesportiva.com\/albertohelena\/files\/2017\/10\/bloghelena131017-768x511.jpg 768w, https:\/\/blogs.gazetaesportiva.com\/albertohelena\/files\/2017\/10\/bloghelena131017-120x80.jpg 120w\" sizes=\"auto, (max-width: 1000px) 100vw, 1000px\" \/><\/a><figcaption id=\"caption-attachment-9640\" class=\"wp-caption-text\">Foto: Fernando Dantas\/Gazeta Press<\/figcaption><\/figure>\n<p>Eles s\u00e3o chamados de professores por aqui. Mais uma macaquice importada da Argentina, onde os treinadores de futebol s\u00e3o tratados de <em>maestros <\/em>(mestres, em nosso pretenso portugu\u00eas, a mais inculta e bela flor do L\u00e1cio, cada vez mais inculta, cada vez menos bela).<\/p>\n<p>Professor pressup\u00f5e um sujeito que estudou, fez um curso e pregou um diploma de mestre na parede.<\/p>\n<p>A n\u00e3o ser Tite, que cursou Comunica\u00e7\u00e3o, e Fernando Diniz, psic\u00f3logo formado, dos que andam por a\u00ed apenas uma parte carrega a certid\u00e3o de Educa\u00e7\u00e3o F\u00edsica, um curso espec\u00edfico de certa forma relacionado com os ensinamentos do futebol.<\/p>\n<p>Mas, que seja. O cara, mesmo sem curso algum, pode ser <em>professor<\/em> de futebol, caso conhe\u00e7a esse jogo profundamente, na teoria e na pr\u00e1tica.<\/p>\n<p>J\u00e1 contei e reconto aqui, a prop\u00f3sito, que, nos \u00faltimos dez anos, por baixo, tenho conversado longamente com nossos treinadores, e at\u00e9 alguns estrangeiros. E, sempre lan\u00e7o uma pegadinha: o que \u00e9 o Quadrado M\u00e1gico?<\/p>\n<p>Pois nenhum, absolutamente nenhum, dentre afamados e novatos, soube responder at\u00e9 hoje a essa quest\u00e3o b\u00e1sica, pois intimamente relacionada com a grande e inovadora mudan\u00e7a nas t\u00e1ticas do futebol, h\u00e1 mais de oitenta anos. Nem mesmo, o badalado e simp\u00e1tico colombiano, ent\u00e3o t\u00e9cnico do S\u00e3o Paulo e hoje do M\u00e9xico, Don Osorio, tido como profundo conhecedor dos segredos da bola.<\/p>\n<p>Uns ficaram calados, \u00e0 espera da resposta; outros ca\u00edram na armadilha dizendo que o Quadrado M\u00e1gico era a jun\u00e7\u00e3o de quatro jogadores de alta qualidade do meio de campo pra frente, como nossa incauta m\u00eddia replicou naquela famosa Copa das Confedera\u00e7\u00f5es a respeito de Robinho, Ronaldinho Ga\u00facho, Adriano e Kak\u00e1.<\/p>\n<p>Nada disso, meu. Quadrado M\u00e1gico era a express\u00e3o usada por Herbert Chapman, o inventor do WM para caracterizar o quarteto de meio de campo que poderia se transformar de quadrado em losango, ret\u00e2ngulo, tri\u00e2ngulo ou at\u00e9 mesmo numa linha reta, como a adotada por muitos treinadores hoje em dia, no famigerado\u00a0 4-4-2 ou 4-1-4-1.<\/p>\n<p>E o desconhecimento espec\u00edfico sobre a evolu\u00e7\u00e3o das t\u00e1ticas de grande parte dos nossos treinadores se estende, al\u00e9m, ao conhecimento geral mais comezinho.<\/p>\n<p>Certa vez, jantando com um renomado t\u00e9cnico brasileiro, este eterno aprendiz aqui discorria sobre como os sistemas e as t\u00e1ticas se desenvolveram desde o cl\u00e1ssico 2-3-5, primeira forma\u00e7\u00e3o organizada depois da zorra inicial implantada pelos ingleses no s\u00e9culo retrasado. Ao me referir ao p\u00f3s-Guerra. Eis que o ilustre ouvinte me interrompe:<\/p>\n<p>-Desculpe, de que guerra voc\u00ea est\u00e1 falando?<\/p>\n<p>-Da Segunda Guerra Mundial.<\/p>\n<p>-Era quem contra quem?<\/p>\n<p>Tive vontade de dizer que era Palmeiras contra Corinthians.<\/p>\n<p>Cuido, por\u00e9m, de inocent\u00e1-lo, pois algu\u00e9m de seus 50 anos cursou o ensino fundamental e o secund\u00e1rio certamente ainda sob o regime militar, aquele que destruiu a escola p\u00fablica para beneficiar as particulares, que, por sua vez, financiavam a repress\u00e3o. Isso lhe diz algo atual no que toca ao conluio entre empresas e governos?<\/p>\n<p>Pois \u00e9, meu. T\u00e1 na hora de os professores voltarem aos bancos escolares, como humildes e atentos alunos. E o pov\u00e3o abrir os olhos.<\/p>\n<p>&nbsp;<\/p>\n<p>&nbsp;<\/p>\n","protected":false},"excerpt":{"rendered":"<p>Eles s\u00e3o chamados de professores por aqui. Mais uma macaquice importada da Argentina, onde os treinadores de futebol s\u00e3o tratados de maestros (mestres, em nosso <a class=\"read-more\" href=\"https:\/\/blogs.gazetaesportiva.com\/albertohelena\/2017\/10\/13\/professores-de-que\/\">leia mais<\/a><\/p>\n","protected":false},"author":46,"featured_media":9640,"comment_status":"open","ping_status":"open","sticky":false,"template":"","format":"standard","meta":{"_jetpack_newsletter_access":"","_jetpack_dont_email_post_to_subs":false,"_jetpack_newsletter_tier_id":0,"_jetpack_memberships_contains_paywalled_content":false,"_jetpack_memberships_contains_paid_content":false,"footnotes":""},"categories":[1],"tags":[],"class_list":["post-9639","post","type-post","status-publish","format-standard","has-post-thumbnail","hentry","category-sem-categoria"],"jetpack_featured_media_url":"https:\/\/blogs.gazetaesportiva.com\/albertohelena\/files\/2017\/10\/bloghelena131017.jpg","jetpack_sharing_enabled":true,"jetpack_shortlink":"https:\/\/wp.me\/pekB7q-2vt","_links":{"self":[{"href":"https:\/\/blogs.gazetaesportiva.com\/albertohelena\/wp-json\/wp\/v2\/posts\/9639","targetHints":{"allow":["GET"]}}],"collection":[{"href":"https:\/\/blogs.gazetaesportiva.com\/albertohelena\/wp-json\/wp\/v2\/posts"}],"about":[{"href":"https:\/\/blogs.gazetaesportiva.com\/albertohelena\/wp-json\/wp\/v2\/types\/post"}],"author":[{"embeddable":true,"href":"https:\/\/blogs.gazetaesportiva.com\/albertohelena\/wp-json\/wp\/v2\/users\/46"}],"replies":[{"embeddable":true,"href":"https:\/\/blogs.gazetaesportiva.com\/albertohelena\/wp-json\/wp\/v2\/comments?post=9639"}],"version-history":[{"count":0,"href":"https:\/\/blogs.gazetaesportiva.com\/albertohelena\/wp-json\/wp\/v2\/posts\/9639\/revisions"}],"wp:featuredmedia":[{"embeddable":true,"href":"https:\/\/blogs.gazetaesportiva.com\/albertohelena\/wp-json\/wp\/v2\/media\/9640"}],"wp:attachment":[{"href":"https:\/\/blogs.gazetaesportiva.com\/albertohelena\/wp-json\/wp\/v2\/media?parent=9639"}],"wp:term":[{"taxonomy":"category","embeddable":true,"href":"https:\/\/blogs.gazetaesportiva.com\/albertohelena\/wp-json\/wp\/v2\/categories?post=9639"},{"taxonomy":"post_tag","embeddable":true,"href":"https:\/\/blogs.gazetaesportiva.com\/albertohelena\/wp-json\/wp\/v2\/tags?post=9639"}],"curies":[{"name":"wp","href":"https:\/\/api.w.org\/{rel}","templated":true}]}}