{"id":8720,"date":"2017-01-24T19:27:31","date_gmt":"2017-01-24T21:27:31","guid":{"rendered":"https:\/\/blogs.gazetaesportiva.com\/albertohelena\/?p=8720"},"modified":"2017-01-25T13:40:43","modified_gmt":"2017-01-25T15:40:43","slug":"tite-e-o-dogma-dos-dois-volantes","status":"publish","type":"post","link":"https:\/\/blogs.gazetaesportiva.com\/albertohelena\/2017\/01\/24\/tite-e-o-dogma-dos-dois-volantes\/","title":{"rendered":"Tite e o dogma dos dois volantes"},"content":{"rendered":"<figure id=\"attachment_8722\" aria-describedby=\"caption-attachment-8722\" style=\"width: 900px\" class=\"wp-caption aligncenter\"><a href=\"https:\/\/blogs.gazetaesportiva.com\/albertohelena\/files\/2017\/01\/titeblog.jpg\"><img loading=\"lazy\" decoding=\"async\" data-attachment-id=\"8722\" data-permalink=\"https:\/\/blogs.gazetaesportiva.com\/albertohelena\/2017\/01\/24\/tite-e-o-dogma-dos-dois-volantes\/titeblog-2\/\" data-orig-file=\"https:\/\/blogs.gazetaesportiva.com\/albertohelena\/files\/2017\/01\/titeblog.jpg\" data-orig-size=\"900,599\" data-comments-opened=\"1\" data-image-meta=\"{&quot;aperture&quot;:&quot;4&quot;,&quot;credit&quot;:&quot;Pedro Martins\\\/ MoWa Press&quot;,&quot;camera&quot;:&quot;NIKON D4&quot;,&quot;caption&quot;:&quot;durante o treino da Selecao Brasileira realizado no Estadio Nilton Santos no Rio de Janeiro, antes do amistos contra a Colombia.&quot;,&quot;created_timestamp&quot;:&quot;1485277689&quot;,&quot;copyright&quot;:&quot;Pedro Martins\\\/ MoWa Press&quot;,&quot;focal_length&quot;:&quot;400&quot;,&quot;iso&quot;:&quot;640&quot;,&quot;shutter_speed&quot;:&quot;0.001&quot;,&quot;title&quot;:&quot;&quot;,&quot;orientation&quot;:&quot;0&quot;}\" data-image-title=\"titeblog\" data-image-description=\"\" data-image-caption=\"&lt;p&gt;Foto: Pedro Martins \/ MoWA Press&lt;\/p&gt;\n\" data-medium-file=\"https:\/\/blogs.gazetaesportiva.com\/albertohelena\/files\/2017\/01\/titeblog-300x200.jpg\" data-large-file=\"https:\/\/blogs.gazetaesportiva.com\/albertohelena\/files\/2017\/01\/titeblog.jpg\" class=\"size-full wp-image-8722\" src=\"https:\/\/blogs.gazetaesportiva.com\/albertohelena\/files\/2017\/01\/titeblog.jpg\" alt=\"\" width=\"900\" height=\"599\" srcset=\"https:\/\/blogs.gazetaesportiva.com\/albertohelena\/files\/2017\/01\/titeblog.jpg 900w, https:\/\/blogs.gazetaesportiva.com\/albertohelena\/files\/2017\/01\/titeblog-300x200.jpg 300w, https:\/\/blogs.gazetaesportiva.com\/albertohelena\/files\/2017\/01\/titeblog-768x511.jpg 768w, https:\/\/blogs.gazetaesportiva.com\/albertohelena\/files\/2017\/01\/titeblog-120x80.jpg 120w\" sizes=\"auto, (max-width: 900px) 100vw, 900px\" \/><\/a><figcaption id=\"caption-attachment-8722\" class=\"wp-caption-text\">Foto: Pedro Martins \/ MoWA Press<\/figcaption><\/figure>\n<p>Pelo treino de hoje, Tite j\u00e1 definiu o time nacional que enfrentar\u00e1 a Col\u00f4mbia, nesta noite de quarta-feira. E l\u00e1 est\u00e3o os dois indefect\u00edveis volantes &#8211; Wallace e Ar\u00e3o -, dogma que rege a mente dos treinadores brasileiros como se quebr\u00e1-los iriam todos pro fundo dos infernos.<\/p>\n<p>Como Lucas Lima teria de ocupar a meia e Dudu e Robinho, as pontas, Tite optou por Diego Souza como falso centroavante. Mesmo porque a op\u00e7\u00e3o, no caso, seria Luan, igualmente um atacante que n\u00e3o \u00e9, por estilo e forma\u00e7\u00e3o, um centroavante t\u00edpico.<\/p>\n<p>Menos mal, pois Diego Souza tem porte f\u00edsico para jogar por ali, al\u00e9m de t\u00e9cnica e finaliza\u00e7\u00e3o certeira, embora o t\u00e9cnico pudesse ter optado pela presen\u00e7a de apenas um volante (Wallace ou Ar\u00e3o), com Luan na frente e Diego Souza na sua, pela meia, mais avan\u00e7ado.<\/p>\n<p>Enfim, trata-se de um amistoso beneficente, cuja renda reverter\u00e1 \u00e0s fam\u00edlias das fam\u00edlias das v\u00edtimas da trag\u00e9dia de Medellin.<\/p>\n<p>E aqui, h\u00e1 algo que n\u00e3o consigo entender.<\/p>\n<p>Se o jogo se destina a arrecadar fundos para fins beneficentes, por que n\u00e3o realiz\u00e1-lo num est\u00e1dio de maior capacidade de lota\u00e7\u00e3o? E por que n\u00e3o aproveitar o feriado paulista para que esses dois objetivos sejam alcan\u00e7ados ao mesmo tempo, com a partida sendo realizada aqui, no Allianz Parque, em Itaquera ou no Morumbi, e n\u00e3o no Engenh\u00e3o?<\/p>\n<p>Mais ainda; por que n\u00e3o tentar sensibilizar as grandes empresas e os nossos bilion\u00e1rios de praxe a colaborarem decisivamente com o evento, comprando a lota\u00e7\u00e3o do est\u00e1dio antecipadamente e distribuindo os ingressos a seus funcion\u00e1rios?<\/p>\n<p>E h\u00e1 quem ganhe verdadeiras fortunas operando no marketing dessas entidades esportivas.<\/p>\n<p><strong>NA LINHA DO GOL<\/strong><\/p>\n<p><em>Assisti \u00e0 entrevista de Luxemburgo ao Fox R\u00e1dio, sob o comando de Benjamin Back, e gostei do que disse o campeon\u00edssimo t\u00e9cnico brasileiro. Ao contr\u00e1rio de rancorosas declara\u00e7\u00f5es em programas anteriores, Luxa mostrou que est\u00e1 atento \u00e0 realidade do futebol. Por exemplo: quando diz que, do ponto de vista t\u00e1tico, n\u00e3o h\u00e1 nada de novo no futebol. Tudo j\u00e1 est\u00e1 estabelecido e esgotado, nas v\u00e1rias formas de se montar uma equipe. O que mudou foi toda a tecnologia que envolve e antepara o jogo: centros de treinamento, processo de informa\u00e7\u00e3o, prepara\u00e7\u00e3o do atleta (f\u00edsica e emocionalmente) e tal e cousa e lousa e maripousa. Onde estamos atrasados \u00e9 na administra\u00e7\u00e3o\u00a0 disso tudo. Resumindo: na cartolagem e sua incapacidade de entender os avan\u00e7os, sobretudo no campo administrativo. Dez pro Malandro e zero pra quem o considera uma pe\u00e7a de museu.<\/em><\/p>\n","protected":false},"excerpt":{"rendered":"<p>Pelo treino de hoje, Tite j\u00e1 definiu o time nacional que enfrentar\u00e1 a Col\u00f4mbia, nesta noite de quarta-feira. E l\u00e1 est\u00e3o os dois indefect\u00edveis volantes <a class=\"read-more\" href=\"https:\/\/blogs.gazetaesportiva.com\/albertohelena\/2017\/01\/24\/tite-e-o-dogma-dos-dois-volantes\/\">leia mais<\/a><\/p>\n","protected":false},"author":46,"featured_media":8722,"comment_status":"open","ping_status":"open","sticky":false,"template":"","format":"standard","meta":{"_jetpack_newsletter_access":"","_jetpack_dont_email_post_to_subs":false,"_jetpack_newsletter_tier_id":0,"_jetpack_memberships_contains_paywalled_content":false,"_jetpack_memberships_contains_paid_content":false,"footnotes":""},"categories":[1],"tags":[],"class_list":["post-8720","post","type-post","status-publish","format-standard","has-post-thumbnail","hentry","category-sem-categoria"],"jetpack_featured_media_url":"https:\/\/blogs.gazetaesportiva.com\/albertohelena\/files\/2017\/01\/titeblog.jpg","jetpack_sharing_enabled":true,"jetpack_shortlink":"https:\/\/wp.me\/pekB7q-2gE","_links":{"self":[{"href":"https:\/\/blogs.gazetaesportiva.com\/albertohelena\/wp-json\/wp\/v2\/posts\/8720","targetHints":{"allow":["GET"]}}],"collection":[{"href":"https:\/\/blogs.gazetaesportiva.com\/albertohelena\/wp-json\/wp\/v2\/posts"}],"about":[{"href":"https:\/\/blogs.gazetaesportiva.com\/albertohelena\/wp-json\/wp\/v2\/types\/post"}],"author":[{"embeddable":true,"href":"https:\/\/blogs.gazetaesportiva.com\/albertohelena\/wp-json\/wp\/v2\/users\/46"}],"replies":[{"embeddable":true,"href":"https:\/\/blogs.gazetaesportiva.com\/albertohelena\/wp-json\/wp\/v2\/comments?post=8720"}],"version-history":[{"count":0,"href":"https:\/\/blogs.gazetaesportiva.com\/albertohelena\/wp-json\/wp\/v2\/posts\/8720\/revisions"}],"wp:featuredmedia":[{"embeddable":true,"href":"https:\/\/blogs.gazetaesportiva.com\/albertohelena\/wp-json\/wp\/v2\/media\/8722"}],"wp:attachment":[{"href":"https:\/\/blogs.gazetaesportiva.com\/albertohelena\/wp-json\/wp\/v2\/media?parent=8720"}],"wp:term":[{"taxonomy":"category","embeddable":true,"href":"https:\/\/blogs.gazetaesportiva.com\/albertohelena\/wp-json\/wp\/v2\/categories?post=8720"},{"taxonomy":"post_tag","embeddable":true,"href":"https:\/\/blogs.gazetaesportiva.com\/albertohelena\/wp-json\/wp\/v2\/tags?post=8720"}],"curies":[{"name":"wp","href":"https:\/\/api.w.org\/{rel}","templated":true}]}}