{"id":8716,"date":"2017-01-23T16:40:31","date_gmt":"2017-01-23T18:40:31","guid":{"rendered":"https:\/\/blogs.gazetaesportiva.com\/albertohelena\/?p=8716"},"modified":"2017-01-23T17:32:08","modified_gmt":"2017-01-23T19:32:08","slug":"e-a-lei-do-jogo-meu","status":"publish","type":"post","link":"https:\/\/blogs.gazetaesportiva.com\/albertohelena\/2017\/01\/23\/e-a-lei-do-jogo-meu\/","title":{"rendered":"\u00c9 a lei do jogo, meu&#8230;"},"content":{"rendered":"<figure id=\"attachment_8717\" aria-describedby=\"caption-attachment-8717\" style=\"width: 657px\" class=\"wp-caption aligncenter\"><a href=\"https:\/\/blogs.gazetaesportiva.com\/albertohelena\/files\/2017\/01\/brendon.jpg\"><img loading=\"lazy\" decoding=\"async\" data-attachment-id=\"8717\" data-permalink=\"https:\/\/blogs.gazetaesportiva.com\/albertohelena\/2017\/01\/23\/e-a-lei-do-jogo-meu\/brendon\/\" data-orig-file=\"https:\/\/blogs.gazetaesportiva.com\/albertohelena\/files\/2017\/01\/brendon.jpg\" data-orig-size=\"657,520\" data-comments-opened=\"1\" data-image-meta=\"{&quot;aperture&quot;:&quot;0&quot;,&quot;credit&quot;:&quot;&quot;,&quot;camera&quot;:&quot;&quot;,&quot;caption&quot;:&quot;&quot;,&quot;created_timestamp&quot;:&quot;0&quot;,&quot;copyright&quot;:&quot;&quot;,&quot;focal_length&quot;:&quot;0&quot;,&quot;iso&quot;:&quot;0&quot;,&quot;shutter_speed&quot;:&quot;0&quot;,&quot;title&quot;:&quot;&quot;,&quot;orientation&quot;:&quot;0&quot;}\" data-image-title=\"brendon\" data-image-description=\"\" data-image-caption=\"&lt;p&gt;Foto: Reprodu\u00e7\u00e3o&lt;\/p&gt;\n\" data-medium-file=\"https:\/\/blogs.gazetaesportiva.com\/albertohelena\/files\/2017\/01\/brendon-300x237.jpg\" data-large-file=\"https:\/\/blogs.gazetaesportiva.com\/albertohelena\/files\/2017\/01\/brendon.jpg\" class=\"size-full wp-image-8717\" src=\"https:\/\/blogs.gazetaesportiva.com\/albertohelena\/files\/2017\/01\/brendon.jpg\" alt=\"\" width=\"657\" height=\"520\" srcset=\"https:\/\/blogs.gazetaesportiva.com\/albertohelena\/files\/2017\/01\/brendon.jpg 657w, https:\/\/blogs.gazetaesportiva.com\/albertohelena\/files\/2017\/01\/brendon-300x237.jpg 300w\" sizes=\"auto, (max-width: 657px) 100vw, 657px\" \/><\/a><figcaption id=\"caption-attachment-8717\" class=\"wp-caption-text\">Foto: Reprodu\u00e7\u00e3o<\/figcaption><\/figure>\n<p><em>Dura lex sed lex, no cabelo, s\u00f3 Gumex,<\/em> era o slogan de uma horrorosa graxa capilar que caiu de moda h\u00e1 muitas d\u00e9cadas pra voltar recentemente em forma de gel. A diferen\u00e7a \u00e9 que na metade do s\u00e9culo 20 o produto visava assentar a cabeleira da mo\u00e7ada; agora, \u00e9 pra arrepiar os pelos. Cada \u00e9poca com seus costumes, n\u00e9 mesmo?<\/p>\n<p>Outro d\u00edstico que ficou famoso atribu\u00eda-se a Get\u00falio Vargas: <em>Lei, ora a Lei&#8230;<\/em> Frase exata para um ditador.<\/p>\n<p>Mas, a que nunca sair\u00e1 de moda \u00e9 a velha <em>Lei \u00e9 pra ser cumprida, duela a quien dueler,<\/em> como dizia aquele ex-presidente que implantou um nariz de palha\u00e7o no nosso triste povinho, o mesmo que o ressuscitou para o Senado.<\/p>\n<p>Desta vez, doeu na alma dos meninos do Paulista de Jundia\u00ed, que, depois de terem enfiado 5 a 1 no Batatais, viram sua vaga \u00e0 decis\u00e3o da Copinha ser transferida para o perdedor. Isso, porque um dos seus garotos, pelo visto, n\u00e3o era t\u00e3o garoto assim, e, s\u00f3 jogou porque teria falsificado seus documentos. O rapaz evaporou-se, depois da den\u00fancia da mutreta, juntamente com a chance de o Paulista ir \u00e0 final do torneio.<\/p>\n<p>Justo, por\u00e9m, se o tribunal levou em conta o regulamento da disputa, que estabelece um limite de idade para seus participantes. \u00c9 a tal da <em>dura lex<\/em>.<\/p>\n<p>Caso contr\u00e1rio, mude-se a lei.<\/p>\n<p>Pois eis a\u00ed um caso em que as leis que regem o futebol brasileiro deveriam ser alteradas, algo que defendo h\u00e1 muitas d\u00e9cadas. O que \u00e9 infra\u00e7\u00e3o de jogo recai sobre o jogo; o que \u00e9 irregularidade burocr\u00e1tica, administrativa, recai sobre a \u00e1rea burocr\u00e1tica. Resumindo: n\u00e3o se deve alterar o resultado de um jogo de futebol, disputado no campo, por uma falha de ordem administrativa. Esta dever\u00e1 ser paga pelo clube respons\u00e1vel em forma de multa, puni\u00e7\u00f5es administrativas, essas coisas.<\/p>\n<p>Mas, enfim, \u00e9 o que a\u00ed est\u00e1.<\/p>\n<p>E quem exulta com isso \u00e9 o Corinthians, um time de meninos que d\u00e1 gosto de ver jogar. O melhor, disparado, em todos os sentidos, dessa Copinha, com seus Oya, Carlinhos, Pedrinho, Marquinhos e Manturan, um quinteto que o t\u00e9cnico Carille deveria promover j\u00e1, sem pestanejar, para o time principal.<\/p>\n<p>Claro, trata-se de um jogo apenas, decisivo, e, como tal, exposto a muitas vari\u00e1veis, o que pode determinar um final surpreendente, com a vit\u00f3ria do Batatais, nem que seja nos p\u00eanaltis. Mas, sem d\u00favida, a tarefa seria mais \u00e1rdua para o Corinthians, se o advers\u00e1rio fosse o Paulista, de \u00f3tima performance na competi\u00e7\u00e3o.<\/p>\n<p>\u00c9 a lei do jogo, meu.<\/p>\n","protected":false},"excerpt":{"rendered":"<p>Dura lex sed lex, no cabelo, s\u00f3 Gumex, era o slogan de uma horrorosa graxa capilar que caiu de moda h\u00e1 muitas d\u00e9cadas pra voltar <a class=\"read-more\" href=\"https:\/\/blogs.gazetaesportiva.com\/albertohelena\/2017\/01\/23\/e-a-lei-do-jogo-meu\/\">leia mais<\/a><\/p>\n","protected":false},"author":46,"featured_media":8717,"comment_status":"open","ping_status":"open","sticky":false,"template":"","format":"standard","meta":{"_jetpack_newsletter_access":"","_jetpack_dont_email_post_to_subs":false,"_jetpack_newsletter_tier_id":0,"_jetpack_memberships_contains_paywalled_content":false,"_jetpack_memberships_contains_paid_content":false,"footnotes":""},"categories":[1],"tags":[],"class_list":["post-8716","post","type-post","status-publish","format-standard","has-post-thumbnail","hentry","category-sem-categoria"],"jetpack_featured_media_url":"https:\/\/blogs.gazetaesportiva.com\/albertohelena\/files\/2017\/01\/brendon.jpg","jetpack_sharing_enabled":true,"jetpack_shortlink":"https:\/\/wp.me\/pekB7q-2gA","_links":{"self":[{"href":"https:\/\/blogs.gazetaesportiva.com\/albertohelena\/wp-json\/wp\/v2\/posts\/8716","targetHints":{"allow":["GET"]}}],"collection":[{"href":"https:\/\/blogs.gazetaesportiva.com\/albertohelena\/wp-json\/wp\/v2\/posts"}],"about":[{"href":"https:\/\/blogs.gazetaesportiva.com\/albertohelena\/wp-json\/wp\/v2\/types\/post"}],"author":[{"embeddable":true,"href":"https:\/\/blogs.gazetaesportiva.com\/albertohelena\/wp-json\/wp\/v2\/users\/46"}],"replies":[{"embeddable":true,"href":"https:\/\/blogs.gazetaesportiva.com\/albertohelena\/wp-json\/wp\/v2\/comments?post=8716"}],"version-history":[{"count":0,"href":"https:\/\/blogs.gazetaesportiva.com\/albertohelena\/wp-json\/wp\/v2\/posts\/8716\/revisions"}],"wp:featuredmedia":[{"embeddable":true,"href":"https:\/\/blogs.gazetaesportiva.com\/albertohelena\/wp-json\/wp\/v2\/media\/8717"}],"wp:attachment":[{"href":"https:\/\/blogs.gazetaesportiva.com\/albertohelena\/wp-json\/wp\/v2\/media?parent=8716"}],"wp:term":[{"taxonomy":"category","embeddable":true,"href":"https:\/\/blogs.gazetaesportiva.com\/albertohelena\/wp-json\/wp\/v2\/categories?post=8716"},{"taxonomy":"post_tag","embeddable":true,"href":"https:\/\/blogs.gazetaesportiva.com\/albertohelena\/wp-json\/wp\/v2\/tags?post=8716"}],"curies":[{"name":"wp","href":"https:\/\/api.w.org\/{rel}","templated":true}]}}