{"id":8713,"date":"2017-01-21T23:25:52","date_gmt":"2017-01-22T01:25:52","guid":{"rendered":"https:\/\/blogs.gazetaesportiva.com\/albertohelena\/?p=8713"},"modified":"2017-01-21T23:55:24","modified_gmt":"2017-01-22T01:55:24","slug":"rogerio-sempre-uma-taca","status":"publish","type":"post","link":"https:\/\/blogs.gazetaesportiva.com\/albertohelena\/2017\/01\/21\/rogerio-sempre-uma-taca\/","title":{"rendered":"Rog\u00e9rio: sempre uma ta\u00e7a&#8230;"},"content":{"rendered":"<figure id=\"attachment_8714\" aria-describedby=\"caption-attachment-8714\" style=\"width: 800px\" class=\"wp-caption aligncenter\"><a href=\"https:\/\/blogs.gazetaesportiva.com\/albertohelena\/files\/2017\/01\/Ceni-campeao.jpg\"><img loading=\"lazy\" decoding=\"async\" data-attachment-id=\"8714\" data-permalink=\"https:\/\/blogs.gazetaesportiva.com\/albertohelena\/2017\/01\/21\/rogerio-sempre-uma-taca\/ceni-campeao\/\" data-orig-file=\"https:\/\/blogs.gazetaesportiva.com\/albertohelena\/files\/2017\/01\/Ceni-campeao.jpg\" data-orig-size=\"800,515\" data-comments-opened=\"1\" data-image-meta=\"{&quot;aperture&quot;:&quot;0&quot;,&quot;credit&quot;:&quot;&quot;,&quot;camera&quot;:&quot;&quot;,&quot;caption&quot;:&quot;&quot;,&quot;created_timestamp&quot;:&quot;0&quot;,&quot;copyright&quot;:&quot;&quot;,&quot;focal_length&quot;:&quot;0&quot;,&quot;iso&quot;:&quot;0&quot;,&quot;shutter_speed&quot;:&quot;0&quot;,&quot;title&quot;:&quot;&quot;,&quot;orientation&quot;:&quot;0&quot;}\" data-image-title=\"Ceni-campeao\" data-image-description=\"\" data-image-caption=\"&lt;p&gt;Foto: Rubens Chiri\/SPFC&lt;\/p&gt;\n\" data-medium-file=\"https:\/\/blogs.gazetaesportiva.com\/albertohelena\/files\/2017\/01\/Ceni-campeao-300x193.jpg\" data-large-file=\"https:\/\/blogs.gazetaesportiva.com\/albertohelena\/files\/2017\/01\/Ceni-campeao.jpg\" class=\"size-full wp-image-8714\" src=\"https:\/\/blogs.gazetaesportiva.com\/albertohelena\/files\/2017\/01\/Ceni-campeao.jpg\" alt=\"\" width=\"800\" height=\"515\" srcset=\"https:\/\/blogs.gazetaesportiva.com\/albertohelena\/files\/2017\/01\/Ceni-campeao.jpg 800w, https:\/\/blogs.gazetaesportiva.com\/albertohelena\/files\/2017\/01\/Ceni-campeao-300x193.jpg 300w, https:\/\/blogs.gazetaesportiva.com\/albertohelena\/files\/2017\/01\/Ceni-campeao-768x494.jpg 768w\" sizes=\"auto, (max-width: 800px) 100vw, 800px\" \/><\/a><figcaption id=\"caption-attachment-8714\" class=\"wp-caption-text\">Foto: Rubens Chiri\/SPFC<\/figcaption><\/figure>\n<p>E Rog\u00e9rio Ceni levanta seu primeiro t\u00edtulo como treinador de futebol.<\/p>\n<p>\u00c9 verdade que seu time n\u00e3o ganhou nenhum dos dois jogos da Copa Fl\u00f3rida no tempo regulamentar, mas levou nos p\u00eanaltis, gra\u00e7as, sobretudo, ao seu sucessor na meta tricolor &#8211; Sid\u00e3o, que pegou dois contra o River Plate e repetiu a dose nesta noite de s\u00e1bado diante do Corinthians.<\/p>\n<p>E o cl\u00e1ssico? A bem da verdade, foi um porre, sem classe nem imagina\u00e7\u00e3o.<\/p>\n<p>Durante todo o primeiro tempo, uma sucess\u00e3o de faltinhas que culminaram com as expuls\u00f5es de Maicon e de Kazim, quando, de fato, quem deveria ter sido expulso era Bruno, que, no ch\u00e3o, chutou a cara de Marquinhos Gabriel. Maicon e Kazim s\u00f3 participaram do tradicional empurra-empurra que se segue habitualmente depois de lances como esse. Nesse caso, o juiz teria de colocar no chuveiro os dois times inteiros e nos poupado o desprazer de seguir vendo jogo t\u00e3o enfadonho.<\/p>\n<p>No segundo tempo, aquela enxurrada de substitui\u00e7\u00f5es de lado a lado, com ligeira superioridade do Tim\u00e3o, que criou as \u00fanicas duas chances reais de gol ao longo de toda a partida: uma, com Marlone, pra fora; outra, num cabeceio de Romero, que raspou o p\u00e9 do poste esquerdo.<\/p>\n<p>Bem, de qualquer forma, a conquista do trof\u00e9u d\u00e1 a Rog\u00e9rio Ceni mais espa\u00e7o pra trabalhar esse time, que carece de muito trabalho se quiser ir al\u00e9m em torneios de fato.<\/p>\n<p>Quanto a Carille, idem com batatas.<\/p>\n","protected":false},"excerpt":{"rendered":"<p>E Rog\u00e9rio Ceni levanta seu primeiro t\u00edtulo como treinador de futebol. \u00c9 verdade que seu time n\u00e3o ganhou nenhum dos dois jogos da Copa Fl\u00f3rida <a class=\"read-more\" href=\"https:\/\/blogs.gazetaesportiva.com\/albertohelena\/2017\/01\/21\/rogerio-sempre-uma-taca\/\">leia mais<\/a><\/p>\n","protected":false},"author":46,"featured_media":8714,"comment_status":"open","ping_status":"open","sticky":false,"template":"","format":"standard","meta":{"_jetpack_newsletter_access":"","_jetpack_dont_email_post_to_subs":false,"_jetpack_newsletter_tier_id":0,"_jetpack_memberships_contains_paywalled_content":false,"_jetpack_memberships_contains_paid_content":false,"footnotes":""},"categories":[1],"tags":[],"class_list":["post-8713","post","type-post","status-publish","format-standard","has-post-thumbnail","hentry","category-sem-categoria"],"jetpack_featured_media_url":"https:\/\/blogs.gazetaesportiva.com\/albertohelena\/files\/2017\/01\/Ceni-campeao.jpg","jetpack_sharing_enabled":true,"jetpack_shortlink":"https:\/\/wp.me\/pekB7q-2gx","_links":{"self":[{"href":"https:\/\/blogs.gazetaesportiva.com\/albertohelena\/wp-json\/wp\/v2\/posts\/8713","targetHints":{"allow":["GET"]}}],"collection":[{"href":"https:\/\/blogs.gazetaesportiva.com\/albertohelena\/wp-json\/wp\/v2\/posts"}],"about":[{"href":"https:\/\/blogs.gazetaesportiva.com\/albertohelena\/wp-json\/wp\/v2\/types\/post"}],"author":[{"embeddable":true,"href":"https:\/\/blogs.gazetaesportiva.com\/albertohelena\/wp-json\/wp\/v2\/users\/46"}],"replies":[{"embeddable":true,"href":"https:\/\/blogs.gazetaesportiva.com\/albertohelena\/wp-json\/wp\/v2\/comments?post=8713"}],"version-history":[{"count":0,"href":"https:\/\/blogs.gazetaesportiva.com\/albertohelena\/wp-json\/wp\/v2\/posts\/8713\/revisions"}],"wp:featuredmedia":[{"embeddable":true,"href":"https:\/\/blogs.gazetaesportiva.com\/albertohelena\/wp-json\/wp\/v2\/media\/8714"}],"wp:attachment":[{"href":"https:\/\/blogs.gazetaesportiva.com\/albertohelena\/wp-json\/wp\/v2\/media?parent=8713"}],"wp:term":[{"taxonomy":"category","embeddable":true,"href":"https:\/\/blogs.gazetaesportiva.com\/albertohelena\/wp-json\/wp\/v2\/categories?post=8713"},{"taxonomy":"post_tag","embeddable":true,"href":"https:\/\/blogs.gazetaesportiva.com\/albertohelena\/wp-json\/wp\/v2\/tags?post=8713"}],"curies":[{"name":"wp","href":"https:\/\/api.w.org\/{rel}","templated":true}]}}