{"id":8710,"date":"2017-01-21T20:14:02","date_gmt":"2017-01-21T22:14:02","guid":{"rendered":"https:\/\/blogs.gazetaesportiva.com\/albertohelena\/?p=8710"},"modified":"2017-01-21T20:25:52","modified_gmt":"2017-01-21T22:25:52","slug":"meninos-verdes","status":"publish","type":"post","link":"https:\/\/blogs.gazetaesportiva.com\/albertohelena\/2017\/01\/21\/meninos-verdes\/","title":{"rendered":"Meninos verdes"},"content":{"rendered":"<figure id=\"attachment_8712\" aria-describedby=\"caption-attachment-8712\" style=\"width: 1000px\" class=\"wp-caption aligncenter\"><a href=\"https:\/\/blogs.gazetaesportiva.com\/albertohelena\/files\/2017\/01\/chape-nova.jpg\"><img loading=\"lazy\" decoding=\"async\" data-attachment-id=\"8712\" data-permalink=\"https:\/\/blogs.gazetaesportiva.com\/albertohelena\/2017\/01\/21\/meninos-verdes\/chape-nova\/\" data-orig-file=\"https:\/\/blogs.gazetaesportiva.com\/albertohelena\/files\/2017\/01\/chape-nova.jpg\" data-orig-size=\"1000,425\" data-comments-opened=\"1\" data-image-meta=\"{&quot;aperture&quot;:&quot;0&quot;,&quot;credit&quot;:&quot;&quot;,&quot;camera&quot;:&quot;&quot;,&quot;caption&quot;:&quot;&quot;,&quot;created_timestamp&quot;:&quot;0&quot;,&quot;copyright&quot;:&quot;&quot;,&quot;focal_length&quot;:&quot;0&quot;,&quot;iso&quot;:&quot;0&quot;,&quot;shutter_speed&quot;:&quot;0&quot;,&quot;title&quot;:&quot;&quot;,&quot;orientation&quot;:&quot;0&quot;}\" data-image-title=\"chape-nova\" data-image-description=\"\" data-image-caption=\"&lt;p&gt;Foto: Nelson Almeida\/AFP&lt;\/p&gt;\n\" data-medium-file=\"https:\/\/blogs.gazetaesportiva.com\/albertohelena\/files\/2017\/01\/chape-nova-300x128.jpg\" data-large-file=\"https:\/\/blogs.gazetaesportiva.com\/albertohelena\/files\/2017\/01\/chape-nova.jpg\" class=\"size-full wp-image-8712\" src=\"https:\/\/blogs.gazetaesportiva.com\/albertohelena\/files\/2017\/01\/chape-nova.jpg\" alt=\"\" width=\"1000\" height=\"425\" srcset=\"https:\/\/blogs.gazetaesportiva.com\/albertohelena\/files\/2017\/01\/chape-nova.jpg 1000w, https:\/\/blogs.gazetaesportiva.com\/albertohelena\/files\/2017\/01\/chape-nova-300x128.jpg 300w, https:\/\/blogs.gazetaesportiva.com\/albertohelena\/files\/2017\/01\/chape-nova-768x326.jpg 768w\" sizes=\"auto, (max-width: 1000px) 100vw, 1000px\" \/><\/a><figcaption id=\"caption-attachment-8712\" class=\"wp-caption-text\">Foto: Nelson Almeida\/AFP<\/figcaption><\/figure>\n<p>Na homenagem \u00e0s v\u00edtimas da trag\u00e9dia de Medellin, algumas surpresas.<\/p>\n<p>A maior delas \u00e9 ver a regenera\u00e7\u00e3o imediata da Chapecoense, que encarou o campe\u00e3o brasileiro de frente a frente.<\/p>\n<p>Claro, n\u00e3o era o melhor Palmeiras, mas era um time verde de alta categoria, gra\u00e7as ao seu forte e abrangente elenco, com algumas estreias ilustres, como, por exemplo, a de Felipe Melo, que jogou apenas pro gasto, diga-se. Assim como a de Raphael Veiga, autor do gol de abertura do placar, apesar disso ainda um tanto discreto.<\/p>\n<p>Quem, na verdade, assumiu a cena, foi o garoto Vitinho, que entrou no segundo tempo, produziu algumas jogadas de efeito e marcou um gola\u00e7o &#8211; recebeu na esquerda, caiu pro meio, levando dois marcadores, e desferiu um tiro trai\u00e7oeiro no \u00e2ngulo: 2 a 2.<\/p>\n<p>Por falar em menino verde, que dizer de Gabriel Jesus? O garoto entrou em campo aos 36 minutos do segundo tempo, num jogo em que o City dominava e vencia o Tottenham por 2 a 0, em duas lamban\u00e7as do goleiro Lloris, e havia permitido o inesperado empate. Pois, o menino Jesus entrou, nem tomou conhecimento do clima tenso, deu um passe precioso, uma cabe\u00e7ada que por pouco n\u00e3o entrou e fez um gol que o bandeirinha anulou por um passo adiante do brasileiro antes de a bola partir,<\/p>\n<p>Ah, n\u00e3o fosse isso, e a estreia de Jesus teria sido celebrada como um verdadeiro milagre.<\/p>\n<p>&nbsp;<\/p>\n","protected":false},"excerpt":{"rendered":"<p>Na homenagem \u00e0s v\u00edtimas da trag\u00e9dia de Medellin, algumas surpresas. A maior delas \u00e9 ver a regenera\u00e7\u00e3o imediata da Chapecoense, que encarou o campe\u00e3o brasileiro <a class=\"read-more\" href=\"https:\/\/blogs.gazetaesportiva.com\/albertohelena\/2017\/01\/21\/meninos-verdes\/\">leia mais<\/a><\/p>\n","protected":false},"author":46,"featured_media":8712,"comment_status":"open","ping_status":"open","sticky":false,"template":"","format":"standard","meta":{"_jetpack_newsletter_access":"","_jetpack_dont_email_post_to_subs":false,"_jetpack_newsletter_tier_id":0,"_jetpack_memberships_contains_paywalled_content":false,"_jetpack_memberships_contains_paid_content":false,"footnotes":""},"categories":[1],"tags":[],"class_list":["post-8710","post","type-post","status-publish","format-standard","has-post-thumbnail","hentry","category-sem-categoria"],"jetpack_featured_media_url":"https:\/\/blogs.gazetaesportiva.com\/albertohelena\/files\/2017\/01\/chape-nova.jpg","jetpack_sharing_enabled":true,"jetpack_shortlink":"https:\/\/wp.me\/pekB7q-2gu","_links":{"self":[{"href":"https:\/\/blogs.gazetaesportiva.com\/albertohelena\/wp-json\/wp\/v2\/posts\/8710","targetHints":{"allow":["GET"]}}],"collection":[{"href":"https:\/\/blogs.gazetaesportiva.com\/albertohelena\/wp-json\/wp\/v2\/posts"}],"about":[{"href":"https:\/\/blogs.gazetaesportiva.com\/albertohelena\/wp-json\/wp\/v2\/types\/post"}],"author":[{"embeddable":true,"href":"https:\/\/blogs.gazetaesportiva.com\/albertohelena\/wp-json\/wp\/v2\/users\/46"}],"replies":[{"embeddable":true,"href":"https:\/\/blogs.gazetaesportiva.com\/albertohelena\/wp-json\/wp\/v2\/comments?post=8710"}],"version-history":[{"count":0,"href":"https:\/\/blogs.gazetaesportiva.com\/albertohelena\/wp-json\/wp\/v2\/posts\/8710\/revisions"}],"wp:featuredmedia":[{"embeddable":true,"href":"https:\/\/blogs.gazetaesportiva.com\/albertohelena\/wp-json\/wp\/v2\/media\/8712"}],"wp:attachment":[{"href":"https:\/\/blogs.gazetaesportiva.com\/albertohelena\/wp-json\/wp\/v2\/media?parent=8710"}],"wp:term":[{"taxonomy":"category","embeddable":true,"href":"https:\/\/blogs.gazetaesportiva.com\/albertohelena\/wp-json\/wp\/v2\/categories?post=8710"},{"taxonomy":"post_tag","embeddable":true,"href":"https:\/\/blogs.gazetaesportiva.com\/albertohelena\/wp-json\/wp\/v2\/tags?post=8710"}],"curies":[{"name":"wp","href":"https:\/\/api.w.org\/{rel}","templated":true}]}}