{"id":8707,"date":"2017-01-20T17:41:40","date_gmt":"2017-01-20T19:41:40","guid":{"rendered":"https:\/\/blogs.gazetaesportiva.com\/albertohelena\/?p=8707"},"modified":"2017-01-20T18:04:22","modified_gmt":"2017-01-20T20:04:22","slug":"as-celebracoes-do-verdao-e-da-selecao","status":"publish","type":"post","link":"https:\/\/blogs.gazetaesportiva.com\/albertohelena\/2017\/01\/20\/as-celebracoes-do-verdao-e-da-selecao\/","title":{"rendered":"As celebra\u00e7\u00f5es do Verd\u00e3o e da Sele\u00e7\u00e3o"},"content":{"rendered":"<figure id=\"attachment_8708\" aria-describedby=\"caption-attachment-8708\" style=\"width: 640px\" class=\"wp-caption aligncenter\"><a href=\"https:\/\/blogs.gazetaesportiva.com\/albertohelena\/files\/2017\/01\/melo-dantas.jpg\"><img loading=\"lazy\" decoding=\"async\" data-attachment-id=\"8708\" data-permalink=\"https:\/\/blogs.gazetaesportiva.com\/albertohelena\/2017\/01\/20\/as-celebracoes-do-verdao-e-da-selecao\/melo-dantas\/\" data-orig-file=\"https:\/\/blogs.gazetaesportiva.com\/albertohelena\/files\/2017\/01\/melo-dantas.jpg\" data-orig-size=\"4000,2662\" data-comments-opened=\"1\" data-image-meta=\"{&quot;aperture&quot;:&quot;0&quot;,&quot;credit&quot;:&quot;&quot;,&quot;camera&quot;:&quot;&quot;,&quot;caption&quot;:&quot;&quot;,&quot;created_timestamp&quot;:&quot;0&quot;,&quot;copyright&quot;:&quot;&quot;,&quot;focal_length&quot;:&quot;0&quot;,&quot;iso&quot;:&quot;0&quot;,&quot;shutter_speed&quot;:&quot;0&quot;,&quot;title&quot;:&quot;&quot;,&quot;orientation&quot;:&quot;0&quot;}\" data-image-title=\"melo-dantas\" data-image-description=\"\" data-image-caption=\"&lt;p&gt;Foto: Fernando Dantas\/Gazeta Press&lt;\/p&gt;\n\" data-medium-file=\"https:\/\/blogs.gazetaesportiva.com\/albertohelena\/files\/2017\/01\/melo-dantas-300x200.jpg\" data-large-file=\"https:\/\/blogs.gazetaesportiva.com\/albertohelena\/files\/2017\/01\/melo-dantas-1024x681.jpg\" class=\"size-large wp-image-8708\" src=\"https:\/\/blogs.gazetaesportiva.com\/albertohelena\/files\/2017\/01\/melo-dantas-1024x681.jpg\" alt=\"\" width=\"640\" height=\"426\" srcset=\"https:\/\/blogs.gazetaesportiva.com\/albertohelena\/files\/2017\/01\/melo-dantas-1024x681.jpg 1024w, https:\/\/blogs.gazetaesportiva.com\/albertohelena\/files\/2017\/01\/melo-dantas-300x200.jpg 300w, https:\/\/blogs.gazetaesportiva.com\/albertohelena\/files\/2017\/01\/melo-dantas-768x511.jpg 768w, https:\/\/blogs.gazetaesportiva.com\/albertohelena\/files\/2017\/01\/melo-dantas-120x80.jpg 120w\" sizes=\"auto, (max-width: 640px) 100vw, 640px\" \/><\/a><figcaption id=\"caption-attachment-8708\" class=\"wp-caption-text\">Foto: Fernando Dantas\/Gazeta Press<\/figcaption><\/figure>\n<p>Neste s\u00e1bado e na pr\u00f3xima quarta, teremos duas celebra\u00e7\u00f5es em mem\u00f3ria \u00e0s v\u00edtimas da trag\u00e9dia que se abateu sobre a Chapecoense recentemente: \u00e0 tarde, o amistoso entre Palmeiras e Chapecoense; e na quarta, a Sele\u00e7\u00e3o Brasileira s\u00f3 com jogadores que atuam por aqui contra a Col\u00f4mbia, pa\u00eds que deu um exemplo singular de solidariedade e amizade quando do evento tr\u00e1gico.<\/p>\n<p>Nos dois jogos, a lamentar uma aus\u00eancia &#8211; a de Mois\u00e9s, melhor volante da temporada passada e figura de proa do Palmeiras na conquista do t\u00edtulo brasileiro, ainda se recuperando de les\u00e3o.<\/p>\n<p>Para compensar, o palestrino amigo poder\u00e1 acompanhar a estreia de Felipe Melo, a mais recente e prestigiosa contrata\u00e7\u00e3o do Verd\u00e3o depois de levantar o caneco nacional.<\/p>\n<p>Jogador estigmatizado como violento (ainda mais depois da infeliz entrevista em que prometia dar tapa na cara de uruguaio, se assim exigir a Libertadores), realmente Felipe Melo exagera em campo e fora dele. Mas, joga muita bola. \u00c9 um volante de muita marca\u00e7\u00e3o, fino senso de coloca\u00e7\u00e3o em campo e \u00f3timo passe.<\/p>\n<p>Mas, ao mesmo tempo, outra estreia, a do t\u00e9cnico Eduardo Batista. E aqui paira uma grande expectativa sobre como o novo treinador saber\u00e1 lidar, t\u00e1tica e emocionalmente, com um elenco t\u00e3o ilustre e abrangente como o do atual Palmeiras.<\/p>\n<p>J\u00e1 em torno do t\u00e9cnico da Sele\u00e7\u00e3o, Tite, n\u00e3o h\u00e1 expectativas, apenas louvores de toda parte. E a chance de vermos em a\u00e7\u00e3o um time s\u00f3 com jogadores que atuam no Brasil, uma quest\u00e3o que vira e mexe provoca pol\u00eamicas nas redes sociais e na m\u00eddia em geral.<\/p>\n<p>S\u00f3 lastimo que Tite n\u00e3o tenha chamado alguns jogadores que reputo merecedores por seus desempenhos na temporada passada.<\/p>\n<p>Por exemplo: o lateral-direito Victor Ferraz. Afinal, Fagner, o preferido de Tite desde seus tempos de Corinthians, teve um claro decr\u00e9scimo de produ\u00e7\u00e3o no ano passado, enquanto o lateral do Santos foi praticamente impec\u00e1vel o tempo todo: marcou e atacou com ci\u00eancia e talento.<\/p>\n<p>Falando do Santos, mais dois do campe\u00e3o paulista e vice brasileiro que mereceriam estar na lista de Tite: o volante Thiago Maia, a grande revela\u00e7\u00e3o brasileira no setor, e seu parceiro, e o veterano Renato, que, apesar da idade, jogou todas as partidas de seu time, em alto n\u00edvel, diga-se.<\/p>\n<p>Outro que deveria estar l\u00e1 \u00e9 Tch\u00ea-Tch\u00ea, jovem e din\u00e2mico meio-campista do Palmeiras.<\/p>\n<p>Mas, enfim, com os jogadores que Tite chamou d\u00e1 pra montar um time bem interessante, imagino, mesmo sem tempo para treinamentos adequados. Digamos, algo assim: Weverton ou Muralha; Fagner, Geromel, V\u00edtor Hugo e F\u00e1bio Santos; Ar\u00e3o, Lucas Lima e Diego Souza (ou o Diego do Fla); Dudu, Luan e Robinho. Isso, claro se Tite estivesse disposto a escalar seu time com apenas um volante de of\u00edcio.<\/p>\n<p><strong>NA LINHA DO GOL<\/strong><\/p>\n<p><strong><em>Callate, Sor\u00edn! <\/em><\/strong><em>Sor\u00edn \u00e9 o lateral-esquerdo da minha Sele\u00e7\u00e3o Argentina de Todos os Tempos (ou melhor: dos que vi jogar). Al\u00e9m disso, fino comentarista de futebol na Espn. Mas, dizer que Maradona est\u00e1 acima de Pel\u00e9 s\u00f3 pode ser fruto de pachequismo portenho misturado com absoluta ignor\u00e2ncia sobre o que jogou Pel\u00e9 ao longo de quase vinte anos. Sor\u00edn \u00e9 jovem demais pra ter visto Pel\u00e9 em a\u00e7\u00e3o, sobretudo no seu auge. Ali\u00e1s, as pessoas, principalmente os comunicadores, deveriam se abster de opinar sobre essas compara\u00e7\u00f5es esp\u00farias, a n\u00e3o ser que tivessem acompanhado de perto e com a necess\u00e1ria frequ\u00eancia a performance de ambos. Como de Pel\u00e9 restam poucas imagens, \u00e9 imposs\u00edvel algu\u00e9m julg\u00e1-lo, a n\u00e3o ser em cima das estat\u00edsticas. E estas s\u00e3o esmagadoras: mais de mil gols e tr\u00eas Copas do Mundo em quatro disputadas. <\/em><\/p>\n<p><strong>Foi-se o nosso Carlos Alberto Silva, de tantos t\u00edtulos, inclusive o do Guarani campe\u00e3o brasileiro. Mas, talvez, o maior feito de Carlos Alberto Silva tenha sido revelar Careca, um dos maiores centroavantes da nossa hist\u00f3ria. \u00c0s v\u00e9speras da fase decisiva do Campeonato Nacional de 78, sem poder contar com seu centroavante titular, Carlos Alberto foi buscar na base um meia-direita de refinado e contundente futebol, transformando-o no centroavante que encantou o mundo.<\/strong><\/p>\n<p><em>Parece que est\u00e1 tudo certo entre o S\u00e3o Paulo e o volante Jucilei, aquele, lembra-se?, de \u00f3tima passagem pelo Corinthians, h\u00e1 uns seis anos. N\u00e3o sei como anda o rapaz l\u00e1 pelos estrangeiros onde passou esse tempo todo. S\u00f3 sei que, de volante, o S\u00e3o Paulo est\u00e1 repleto. Faltam, de fato, um outro meia-armador para se revezar ou atuar ao lado de Cueva e um centroavante de porte t\u00e9cnico. Mas, enfim, que Jucilei justifique os anseios de Rog\u00e9rio Ceni. <\/em><\/p>\n<p>&nbsp;<\/p>\n","protected":false},"excerpt":{"rendered":"<p>Neste s\u00e1bado e na pr\u00f3xima quarta, teremos duas celebra\u00e7\u00f5es em mem\u00f3ria \u00e0s v\u00edtimas da trag\u00e9dia que se abateu sobre a Chapecoense recentemente: \u00e0 tarde, o <a class=\"read-more\" href=\"https:\/\/blogs.gazetaesportiva.com\/albertohelena\/2017\/01\/20\/as-celebracoes-do-verdao-e-da-selecao\/\">leia mais<\/a><\/p>\n","protected":false},"author":46,"featured_media":8708,"comment_status":"open","ping_status":"open","sticky":false,"template":"","format":"standard","meta":{"_jetpack_newsletter_access":"","_jetpack_dont_email_post_to_subs":false,"_jetpack_newsletter_tier_id":0,"_jetpack_memberships_contains_paywalled_content":false,"_jetpack_memberships_contains_paid_content":false,"footnotes":""},"categories":[1],"tags":[],"class_list":["post-8707","post","type-post","status-publish","format-standard","has-post-thumbnail","hentry","category-sem-categoria"],"jetpack_featured_media_url":"https:\/\/blogs.gazetaesportiva.com\/albertohelena\/files\/2017\/01\/melo-dantas.jpg","jetpack_sharing_enabled":true,"jetpack_shortlink":"https:\/\/wp.me\/pekB7q-2gr","_links":{"self":[{"href":"https:\/\/blogs.gazetaesportiva.com\/albertohelena\/wp-json\/wp\/v2\/posts\/8707","targetHints":{"allow":["GET"]}}],"collection":[{"href":"https:\/\/blogs.gazetaesportiva.com\/albertohelena\/wp-json\/wp\/v2\/posts"}],"about":[{"href":"https:\/\/blogs.gazetaesportiva.com\/albertohelena\/wp-json\/wp\/v2\/types\/post"}],"author":[{"embeddable":true,"href":"https:\/\/blogs.gazetaesportiva.com\/albertohelena\/wp-json\/wp\/v2\/users\/46"}],"replies":[{"embeddable":true,"href":"https:\/\/blogs.gazetaesportiva.com\/albertohelena\/wp-json\/wp\/v2\/comments?post=8707"}],"version-history":[{"count":0,"href":"https:\/\/blogs.gazetaesportiva.com\/albertohelena\/wp-json\/wp\/v2\/posts\/8707\/revisions"}],"wp:featuredmedia":[{"embeddable":true,"href":"https:\/\/blogs.gazetaesportiva.com\/albertohelena\/wp-json\/wp\/v2\/media\/8708"}],"wp:attachment":[{"href":"https:\/\/blogs.gazetaesportiva.com\/albertohelena\/wp-json\/wp\/v2\/media?parent=8707"}],"wp:term":[{"taxonomy":"category","embeddable":true,"href":"https:\/\/blogs.gazetaesportiva.com\/albertohelena\/wp-json\/wp\/v2\/categories?post=8707"},{"taxonomy":"post_tag","embeddable":true,"href":"https:\/\/blogs.gazetaesportiva.com\/albertohelena\/wp-json\/wp\/v2\/tags?post=8707"}],"curies":[{"name":"wp","href":"https:\/\/api.w.org\/{rel}","templated":true}]}}