{"id":8705,"date":"2017-01-20T00:43:35","date_gmt":"2017-01-20T02:43:35","guid":{"rendered":"https:\/\/blogs.gazetaesportiva.com\/albertohelena\/?p=8705"},"modified":"2017-01-20T00:58:51","modified_gmt":"2017-01-20T02:58:51","slug":"o-tricolor-na-estreia-de-ceni","status":"publish","type":"post","link":"https:\/\/blogs.gazetaesportiva.com\/albertohelena\/2017\/01\/20\/o-tricolor-na-estreia-de-ceni\/","title":{"rendered":"O Tricolor, na estreia de Ceni"},"content":{"rendered":"<figure id=\"attachment_8706\" aria-describedby=\"caption-attachment-8706\" style=\"width: 900px\" class=\"wp-caption aligncenter\"><a href=\"https:\/\/blogs.gazetaesportiva.com\/albertohelena\/files\/2017\/01\/sidao1.jpg\"><img loading=\"lazy\" decoding=\"async\" data-attachment-id=\"8706\" data-permalink=\"https:\/\/blogs.gazetaesportiva.com\/albertohelena\/2017\/01\/20\/o-tricolor-na-estreia-de-ceni\/corinthians-vs-vasco-da-gama-florida-cup-soccer-2\/\" data-orig-file=\"https:\/\/blogs.gazetaesportiva.com\/albertohelena\/files\/2017\/01\/sidao1.jpg\" data-orig-size=\"900,408\" data-comments-opened=\"1\" data-image-meta=\"{&quot;aperture&quot;:&quot;0&quot;,&quot;credit&quot;:&quot;AFP&quot;,&quot;camera&quot;:&quot;&quot;,&quot;caption&quot;:&quot;Goal keeper Sidao of Brazilian club Sao Paulo FC blocks a penalty kick by Matias Moya of Argentine side River Plate for the game winning save during their Florida Cup semifinal soccer game at Al Lang Stadium in St. Petersburg, Florida on January 19, 2017.  \\\/ AFP PHOTO \\\/ Gregg Newton&quot;,&quot;created_timestamp&quot;:&quot;1484860301&quot;,&quot;copyright&quot;:&quot;&quot;,&quot;focal_length&quot;:&quot;0&quot;,&quot;iso&quot;:&quot;0&quot;,&quot;shutter_speed&quot;:&quot;0&quot;,&quot;title&quot;:&quot;Corinthians vs Vasco da Gama Florida Cup soccer&quot;,&quot;orientation&quot;:&quot;0&quot;}\" data-image-title=\"Corinthians vs Vasco da Gama Florida Cup soccer\" data-image-description=\"\" data-image-caption=\"&lt;p&gt;(Foto: Gregg Newton\/AFP)&lt;\/p&gt;\n\" data-medium-file=\"https:\/\/blogs.gazetaesportiva.com\/albertohelena\/files\/2017\/01\/sidao1-300x136.jpg\" data-large-file=\"https:\/\/blogs.gazetaesportiva.com\/albertohelena\/files\/2017\/01\/sidao1.jpg\" class=\"size-full wp-image-8706\" src=\"https:\/\/blogs.gazetaesportiva.com\/albertohelena\/files\/2017\/01\/sidao1.jpg\" alt=\"\" width=\"900\" height=\"408\" srcset=\"https:\/\/blogs.gazetaesportiva.com\/albertohelena\/files\/2017\/01\/sidao1.jpg 900w, https:\/\/blogs.gazetaesportiva.com\/albertohelena\/files\/2017\/01\/sidao1-300x136.jpg 300w, https:\/\/blogs.gazetaesportiva.com\/albertohelena\/files\/2017\/01\/sidao1-768x348.jpg 768w\" sizes=\"auto, (max-width: 900px) 100vw, 900px\" \/><\/a><figcaption id=\"caption-attachment-8706\" class=\"wp-caption-text\">(Foto: Gregg Newton\/AFP)<\/figcaption><\/figure>\n<p>Depois de uma s\u00e9rie intermin\u00e1vel de cobran\u00e7as de p\u00eanaltis, o S\u00e3o Paulo se classificou para a decis\u00e3o de s\u00e1bado da Copa Fl\u00f3rida diante do Corinthians, gra\u00e7as ao estreante Sid\u00e3o, que pegou duas bolas.<\/p>\n<p>Mas, ao contr\u00e1rio do Corinthians na v\u00e9spera, que cresceu no segundo tempo diante do Vasco, o Tricolor cumpriu uma etapa inicial excelente para cair no marasmo na segunda.<\/p>\n<p>No primeiro tempo, com tr\u00eas zagueiros, mas com um meio de campo mais t\u00e9cnico e ofensivo, o time do estreante Rog\u00e9rio Ceni foi incisivo, criou v\u00e1rias chances de gols, meteu bola no poste com Buffarini e desperdi\u00e7ou p\u00eanalti com Cueva.<\/p>\n<p>No segundo per\u00edodo, Rog\u00e9rio alterou praticamente toda a equipe, a exemplo do que havia feito na v\u00e9spera o Corinthians. Tirou um dos zagueiros, mas lotou seu meio de campo e ataque de volantes. Resultado, o time n\u00e3o conseguiu evoluir e esteve a pique de cair fora da disputa, no finalzinho, quando Martinez disparou na trave gol feito.<\/p>\n<p>Claro, nem pensar em julgar o trabalho inicial de Rog\u00e9rio por esse exemplo. Mesmo porque ele haver\u00e1 de mudar seu time titular, \u00e0 medida em que jogadores como C\u00edcero e Cueva estejam nos trinques, fisicamente.<\/p>\n<p>De qualquer forma, \u00e9 de se ver esse Majestoso florido de s\u00e1bado entre tantas expectativas.<\/p>\n<p><strong>NA LINHA DO GOL<\/strong><\/p>\n<p><em>A Fiel, que j\u00e1 estava em festa com a surpreendente apresenta\u00e7\u00e3o inicial do Tim\u00e3o, l\u00e1 na Fl\u00f3rida, redobrou a folia em torno dos meninos de Itaquera, que se classificaram para a semifinal da Cop\u00ednha, batendo o Flamengo por 2 a 1. E, olhe que sem a joia Carlinhos, artilheiro da equipe e grande promessa da base, suspenso. Mais ainda: passou por um Flamengo de a\u00e7o, sobretudo pela presen\u00e7a do garoto de ouro Vin\u00edcius Jr. Mesmo porque, se n\u00e3o tinha Carlinhos, contava com Pedrinho, que fez um gol antol\u00f3gico, al\u00e9m dos demais.<\/em><\/p>\n<p><strong>Outro que emocionou a Zona Leste da cidade foi o Moleque Travesso, que, com um gol nascido de uma s\u00e9rie de acasos e erros, passou pelo Bragantino na Javar\u00ed. Ah, a Javar\u00ed, quantas lembran\u00e7as! Todas elas encerradas na declara\u00e7\u00e3o do presidente do Juventus ao meu querido Alexandre Silvestre, na Gazeta. Quando perguntado se aceitaria jogar em Itaquera contra o Corinthians, caso esse fosse o vencedor \u00e0 noite, respondeu naquele t\u00edpico mooqu\u00eas: &#8220;Contra o Corinthians, tudo bem. Mas, se for o Flamengo, vou mandar of\u00edcio \u00e0 Federa\u00e7\u00e3o pedindo que o jogo seja aqui na Javar\u00ed&#8221;. Of\u00edcio, ele disse. Como nos bons tempos da v\u00e1rzea paulistana, quando um time mandava of\u00edcio para outro, marcando jogo para o domingo seguinte. Imut\u00e1vel e saborosa Mooca da Passarella e dos cannoli inesquec\u00edveis. <\/strong><\/p>\n<p>&nbsp;<\/p>\n<p>&nbsp;<\/p>\n","protected":false},"excerpt":{"rendered":"<p>Depois de uma s\u00e9rie intermin\u00e1vel de cobran\u00e7as de p\u00eanaltis, o S\u00e3o Paulo se classificou para a decis\u00e3o de s\u00e1bado da Copa Fl\u00f3rida diante do Corinthians, <a class=\"read-more\" href=\"https:\/\/blogs.gazetaesportiva.com\/albertohelena\/2017\/01\/20\/o-tricolor-na-estreia-de-ceni\/\">leia mais<\/a><\/p>\n","protected":false},"author":46,"featured_media":8706,"comment_status":"open","ping_status":"open","sticky":false,"template":"","format":"standard","meta":{"_jetpack_newsletter_access":"","_jetpack_dont_email_post_to_subs":false,"_jetpack_newsletter_tier_id":0,"_jetpack_memberships_contains_paywalled_content":false,"_jetpack_memberships_contains_paid_content":false,"footnotes":""},"categories":[1],"tags":[],"class_list":["post-8705","post","type-post","status-publish","format-standard","has-post-thumbnail","hentry","category-sem-categoria"],"jetpack_featured_media_url":"https:\/\/blogs.gazetaesportiva.com\/albertohelena\/files\/2017\/01\/sidao1.jpg","jetpack_sharing_enabled":true,"jetpack_shortlink":"https:\/\/wp.me\/pekB7q-2gp","_links":{"self":[{"href":"https:\/\/blogs.gazetaesportiva.com\/albertohelena\/wp-json\/wp\/v2\/posts\/8705","targetHints":{"allow":["GET"]}}],"collection":[{"href":"https:\/\/blogs.gazetaesportiva.com\/albertohelena\/wp-json\/wp\/v2\/posts"}],"about":[{"href":"https:\/\/blogs.gazetaesportiva.com\/albertohelena\/wp-json\/wp\/v2\/types\/post"}],"author":[{"embeddable":true,"href":"https:\/\/blogs.gazetaesportiva.com\/albertohelena\/wp-json\/wp\/v2\/users\/46"}],"replies":[{"embeddable":true,"href":"https:\/\/blogs.gazetaesportiva.com\/albertohelena\/wp-json\/wp\/v2\/comments?post=8705"}],"version-history":[{"count":0,"href":"https:\/\/blogs.gazetaesportiva.com\/albertohelena\/wp-json\/wp\/v2\/posts\/8705\/revisions"}],"wp:featuredmedia":[{"embeddable":true,"href":"https:\/\/blogs.gazetaesportiva.com\/albertohelena\/wp-json\/wp\/v2\/media\/8706"}],"wp:attachment":[{"href":"https:\/\/blogs.gazetaesportiva.com\/albertohelena\/wp-json\/wp\/v2\/media?parent=8705"}],"wp:term":[{"taxonomy":"category","embeddable":true,"href":"https:\/\/blogs.gazetaesportiva.com\/albertohelena\/wp-json\/wp\/v2\/categories?post=8705"},{"taxonomy":"post_tag","embeddable":true,"href":"https:\/\/blogs.gazetaesportiva.com\/albertohelena\/wp-json\/wp\/v2\/tags?post=8705"}],"curies":[{"name":"wp","href":"https:\/\/api.w.org\/{rel}","templated":true}]}}