{"id":8703,"date":"2017-01-19T00:52:42","date_gmt":"2017-01-19T02:52:42","guid":{"rendered":"https:\/\/blogs.gazetaesportiva.com\/albertohelena\/?p=8703"},"modified":"2017-01-19T00:58:20","modified_gmt":"2017-01-19T02:58:20","slug":"timao-ja-entra-goleando-creia","status":"publish","type":"post","link":"https:\/\/blogs.gazetaesportiva.com\/albertohelena\/2017\/01\/19\/timao-ja-entra-goleando-creia\/","title":{"rendered":"Tim\u00e3o j\u00e1 entra goleando, creia!"},"content":{"rendered":"<figure id=\"attachment_8704\" aria-describedby=\"caption-attachment-8704\" style=\"width: 900px\" class=\"wp-caption aligncenter\"><a href=\"https:\/\/blogs.gazetaesportiva.com\/albertohelena\/files\/2017\/01\/corinthians_albertohelena.jpg\"><img loading=\"lazy\" decoding=\"async\" data-attachment-id=\"8704\" data-permalink=\"https:\/\/blogs.gazetaesportiva.com\/albertohelena\/2017\/01\/19\/timao-ja-entra-goleando-creia\/corinthians-vs-vasco-da-gama-florida-cup-soccer\/\" data-orig-file=\"https:\/\/blogs.gazetaesportiva.com\/albertohelena\/files\/2017\/01\/corinthians_albertohelena.jpg\" data-orig-size=\"900,633\" data-comments-opened=\"1\" data-image-meta=\"{&quot;aperture&quot;:&quot;0&quot;,&quot;credit&quot;:&quot;AFP&quot;,&quot;camera&quot;:&quot;&quot;,&quot;caption&quot;:&quot;Midfielder Guilherme Camacho of Brazilian club Corinthians (C) celebrates with teammates Rodrigo Marinho (L) and Jonathan Azevedo after scoring a first half goal against Brazilian team Vasco da Gama during their Florida Cup semifinal game at Brighthouse Networks Stadium in Orlando, Florida on January 18, 2017.    \\\/ AFP PHOTO \\\/ Gregg Newton&quot;,&quot;created_timestamp&quot;:&quot;1484767360&quot;,&quot;copyright&quot;:&quot;&quot;,&quot;focal_length&quot;:&quot;0&quot;,&quot;iso&quot;:&quot;0&quot;,&quot;shutter_speed&quot;:&quot;0&quot;,&quot;title&quot;:&quot;Corinthians vs Vasco da Gama Florida Cup soccer&quot;,&quot;orientation&quot;:&quot;0&quot;}\" data-image-title=\"Corinthians vs Vasco da Gama Florida Cup soccer\" data-image-description=\"\" data-image-caption=\"&lt;p&gt;(Foto: Gregg Newton\/AFP)&lt;\/p&gt;\n\" data-medium-file=\"https:\/\/blogs.gazetaesportiva.com\/albertohelena\/files\/2017\/01\/corinthians_albertohelena-300x211.jpg\" data-large-file=\"https:\/\/blogs.gazetaesportiva.com\/albertohelena\/files\/2017\/01\/corinthians_albertohelena.jpg\" class=\"size-full wp-image-8704\" src=\"https:\/\/blogs.gazetaesportiva.com\/albertohelena\/files\/2017\/01\/corinthians_albertohelena.jpg\" alt=\"\" width=\"900\" height=\"633\" srcset=\"https:\/\/blogs.gazetaesportiva.com\/albertohelena\/files\/2017\/01\/corinthians_albertohelena.jpg 900w, https:\/\/blogs.gazetaesportiva.com\/albertohelena\/files\/2017\/01\/corinthians_albertohelena-300x211.jpg 300w, https:\/\/blogs.gazetaesportiva.com\/albertohelena\/files\/2017\/01\/corinthians_albertohelena-768x540.jpg 768w\" sizes=\"auto, (max-width: 900px) 100vw, 900px\" \/><\/a><figcaption id=\"caption-attachment-8704\" class=\"wp-caption-text\">(Foto: Gregg Newton\/AFP)<\/figcaption><\/figure>\n<p>E n\u00e3o \u00e9 que o Tim\u00e3o inaugurou o ano com uma goleada sobre o Vasco l\u00e1 no luxuoso asilo de velhinhos a c\u00e9u aberto do Imp\u00e9rio?<\/p>\n<p>Ah, mas o Vasco n\u00e3o conta!, dir\u00e1 o anti corintiano amigo. O Vasco mal acaba de sair da Segundona e tal e cousa e lousa e maripousa.<\/p>\n<p>\u00c9, mas o Almirante j\u00e1 desembarcara antes na Fl\u00f3rida e at\u00e9 venceu o Barcelona&#8230; de Guaiaquil, \u00e9 verdade. N\u00e3o importa. O importante \u00e9 que o Vasco j\u00e1 estava um passo adiante do Corinthians nesta pr\u00e9-temporada.<\/p>\n<p>E, durante todo o primeiro tempo, esteve assim, \u00f3, pau a pau, com o Tim\u00e3o, que abriu a contagem em bela investida de Camacho, na tabelinha esperta com Rodriguinho. O Vasco, por\u00e9m, empatou em seguida, num gola\u00e7o de Eder Liu\u00eds &#8211; aquele! Bola no \u00e2ngulo, indefens\u00e1vel, de fora da \u00e1rea.<\/p>\n<p>Antes de o juiz, por\u00e9m, apitar o fim da fase inicial, em jogada parecida com a do primeiro gol, Marlone tabelou com Romero e tirou do goleiro.<\/p>\n<p>No segundo tempo, o Corinthians voltou todo alterado, do goleiro ao ponjta-esquerda. E olhe que jogou melhor at\u00e9 do que antes. Mais veloz e incisivo, completou a goleada, com Kazim e Marquinhos Gabriel, em troca de gentilezas entre ambos.<\/p>\n<p>A d\u00favida que restou: no fim das contas, qual \u00e9 o novo time titular do Corinthians &#8211; o da primeira fase ou o da segunda?<\/p>\n<p>S\u00f3 o tempo dir\u00e1.<\/p>\n<p>&nbsp;<\/p>\n","protected":false},"excerpt":{"rendered":"<p>E n\u00e3o \u00e9 que o Tim\u00e3o inaugurou o ano com uma goleada sobre o Vasco l\u00e1 no luxuoso asilo de velhinhos a c\u00e9u aberto do <a class=\"read-more\" href=\"https:\/\/blogs.gazetaesportiva.com\/albertohelena\/2017\/01\/19\/timao-ja-entra-goleando-creia\/\">leia mais<\/a><\/p>\n","protected":false},"author":46,"featured_media":8704,"comment_status":"open","ping_status":"open","sticky":false,"template":"","format":"standard","meta":{"_jetpack_newsletter_access":"","_jetpack_dont_email_post_to_subs":false,"_jetpack_newsletter_tier_id":0,"_jetpack_memberships_contains_paywalled_content":false,"_jetpack_memberships_contains_paid_content":false,"footnotes":""},"categories":[1],"tags":[],"class_list":["post-8703","post","type-post","status-publish","format-standard","has-post-thumbnail","hentry","category-sem-categoria"],"jetpack_featured_media_url":"https:\/\/blogs.gazetaesportiva.com\/albertohelena\/files\/2017\/01\/corinthians_albertohelena.jpg","jetpack_sharing_enabled":true,"jetpack_shortlink":"https:\/\/wp.me\/pekB7q-2gn","_links":{"self":[{"href":"https:\/\/blogs.gazetaesportiva.com\/albertohelena\/wp-json\/wp\/v2\/posts\/8703","targetHints":{"allow":["GET"]}}],"collection":[{"href":"https:\/\/blogs.gazetaesportiva.com\/albertohelena\/wp-json\/wp\/v2\/posts"}],"about":[{"href":"https:\/\/blogs.gazetaesportiva.com\/albertohelena\/wp-json\/wp\/v2\/types\/post"}],"author":[{"embeddable":true,"href":"https:\/\/blogs.gazetaesportiva.com\/albertohelena\/wp-json\/wp\/v2\/users\/46"}],"replies":[{"embeddable":true,"href":"https:\/\/blogs.gazetaesportiva.com\/albertohelena\/wp-json\/wp\/v2\/comments?post=8703"}],"version-history":[{"count":0,"href":"https:\/\/blogs.gazetaesportiva.com\/albertohelena\/wp-json\/wp\/v2\/posts\/8703\/revisions"}],"wp:featuredmedia":[{"embeddable":true,"href":"https:\/\/blogs.gazetaesportiva.com\/albertohelena\/wp-json\/wp\/v2\/media\/8704"}],"wp:attachment":[{"href":"https:\/\/blogs.gazetaesportiva.com\/albertohelena\/wp-json\/wp\/v2\/media?parent=8703"}],"wp:term":[{"taxonomy":"category","embeddable":true,"href":"https:\/\/blogs.gazetaesportiva.com\/albertohelena\/wp-json\/wp\/v2\/categories?post=8703"},{"taxonomy":"post_tag","embeddable":true,"href":"https:\/\/blogs.gazetaesportiva.com\/albertohelena\/wp-json\/wp\/v2\/tags?post=8703"}],"curies":[{"name":"wp","href":"https:\/\/api.w.org\/{rel}","templated":true}]}}