{"id":8701,"date":"2017-01-16T16:12:34","date_gmt":"2017-01-16T18:12:34","guid":{"rendered":"https:\/\/blogs.gazetaesportiva.com\/albertohelena\/?p=8701"},"modified":"2017-01-16T16:57:56","modified_gmt":"2017-01-16T18:57:56","slug":"ja-pensaram-jadson-servindo-a-drogba","status":"publish","type":"post","link":"https:\/\/blogs.gazetaesportiva.com\/albertohelena\/2017\/01\/16\/ja-pensaram-jadson-servindo-a-drogba\/","title":{"rendered":"J\u00e1 pensaram Jadson servindo a Drogba?"},"content":{"rendered":"<figure id=\"attachment_8702\" aria-describedby=\"caption-attachment-8702\" style=\"width: 640px\" class=\"wp-caption aligncenter\"><a href=\"https:\/\/blogs.gazetaesportiva.com\/albertohelena\/files\/2017\/01\/00835445-1024x548.jpg\"><img loading=\"lazy\" decoding=\"async\" data-attachment-id=\"8702\" data-permalink=\"https:\/\/blogs.gazetaesportiva.com\/albertohelena\/2017\/01\/16\/ja-pensaram-jadson-servindo-a-drogba\/00835445-1024x548\/\" data-orig-file=\"https:\/\/blogs.gazetaesportiva.com\/albertohelena\/files\/2017\/01\/00835445-1024x548.jpg\" data-orig-size=\"1024,548\" data-comments-opened=\"1\" data-image-meta=\"{&quot;aperture&quot;:&quot;0&quot;,&quot;credit&quot;:&quot;&quot;,&quot;camera&quot;:&quot;&quot;,&quot;caption&quot;:&quot;&quot;,&quot;created_timestamp&quot;:&quot;0&quot;,&quot;copyright&quot;:&quot;&quot;,&quot;focal_length&quot;:&quot;0&quot;,&quot;iso&quot;:&quot;0&quot;,&quot;shutter_speed&quot;:&quot;0&quot;,&quot;title&quot;:&quot;&quot;,&quot;orientation&quot;:&quot;0&quot;}\" data-image-title=\"00835445-1024&amp;#215;548\" data-image-description=\"\" data-image-caption=\"&lt;p&gt;(Foto: Sergio Barzaghi\/Gazeta Press)&lt;\/p&gt;\n\" data-medium-file=\"https:\/\/blogs.gazetaesportiva.com\/albertohelena\/files\/2017\/01\/00835445-1024x548-300x161.jpg\" data-large-file=\"https:\/\/blogs.gazetaesportiva.com\/albertohelena\/files\/2017\/01\/00835445-1024x548-1024x548.jpg\" class=\"size-large wp-image-8702\" src=\"https:\/\/blogs.gazetaesportiva.com\/albertohelena\/files\/2017\/01\/00835445-1024x548-1024x548.jpg\" alt=\"\" width=\"640\" height=\"343\" srcset=\"https:\/\/blogs.gazetaesportiva.com\/albertohelena\/files\/2017\/01\/00835445-1024x548.jpg 1024w, https:\/\/blogs.gazetaesportiva.com\/albertohelena\/files\/2017\/01\/00835445-1024x548-300x161.jpg 300w, https:\/\/blogs.gazetaesportiva.com\/albertohelena\/files\/2017\/01\/00835445-1024x548-768x411.jpg 768w\" sizes=\"auto, (max-width: 640px) 100vw, 640px\" \/><\/a><figcaption id=\"caption-attachment-8702\" class=\"wp-caption-text\">(Foto: Sergio Barzaghi\/Gazeta Press)<\/figcaption><\/figure>\n<p>Se a vinda de Drogba para Itaquera (desejo do departamento de marketing) fica mais nebulosa, abre-se, de outro lado, a perspectiva da volta de Jadson, sonho da diretoria de futebol.<\/p>\n<p>Afinal, da China vem a not\u00edcia do rompimento do v\u00ednculo do craque com o clube de l\u00e1 que o levou ainda outro dia.<\/p>\n<p>Drogba e Jadson s\u00e3o dois polos opostos que se juntariam harmoniosamente nesse t\u00e3o desarm\u00f4nico Tim\u00e3o.<\/p>\n<p>Jadson \u00e9 aquele meia preparador de jogadas, enquanto Drogba \u00e9 o centroavante goleador.<\/p>\n<p>N\u00e3o sei exatamente as raz\u00f5es que fizeram Jadson romper seu contrato na China. Suponho que seja por raz\u00f5es pessoais &#8211; falta de adapta\u00e7\u00e3o a um universo t\u00e3o diferente do nosso, essas coisas, embora ele tenha vivido um bom tempo no Leste Europeu, tamb\u00e9m um mundo distinto.<\/p>\n<p>Tampouco sei se o atual Corinthians, mergulhado em d\u00edvidas insol\u00faveis, teria bala pra trazer de volta Jadson, um jogador de carreira um tanto reticente. No S\u00e3o Paulo, n\u00e3o correspondeu ao esperado; j\u00e1, no Tim\u00e3o, foi muito bem, obrigado.<\/p>\n<p>E a quest\u00e3o se complica na medida em que o Galo entra na parada.<\/p>\n<p>\u00c9 esperar pra ver.<\/p>\n<p><strong>NA LINHA DO GOL<\/strong><\/p>\n<p><em>Enquanto Felipe Melo come\u00e7a a treinar no Parque, o Fla apresenta seu \u00faltimo contratado de escol: R\u00f4mulo, revelado pelo Vasco e que chegou a jogar na Sele\u00e7\u00e3o nos tempos de Mano Menezes, ultimamente atuando l\u00e1 fora. S\u00e3o dois volantes de estilos semelhantes, que marcam muito e sabem jogar, dois refor\u00e7os valiosos das duas equipes, teoricamente, mais bem preparadas para esta temporada t\u00e3o longa e rica em desafios. Vai ser briga de cachorro grande.<\/em><\/p>\n<p>&nbsp;<\/p>\n<p>&nbsp;<\/p>\n","protected":false},"excerpt":{"rendered":"<p>Se a vinda de Drogba para Itaquera (desejo do departamento de marketing) fica mais nebulosa, abre-se, de outro lado, a perspectiva da volta de Jadson, <a class=\"read-more\" href=\"https:\/\/blogs.gazetaesportiva.com\/albertohelena\/2017\/01\/16\/ja-pensaram-jadson-servindo-a-drogba\/\">leia mais<\/a><\/p>\n","protected":false},"author":46,"featured_media":8702,"comment_status":"open","ping_status":"open","sticky":false,"template":"","format":"standard","meta":{"_jetpack_newsletter_access":"","_jetpack_dont_email_post_to_subs":false,"_jetpack_newsletter_tier_id":0,"_jetpack_memberships_contains_paywalled_content":false,"_jetpack_memberships_contains_paid_content":false,"footnotes":""},"categories":[1],"tags":[],"class_list":["post-8701","post","type-post","status-publish","format-standard","has-post-thumbnail","hentry","category-sem-categoria"],"jetpack_featured_media_url":"https:\/\/blogs.gazetaesportiva.com\/albertohelena\/files\/2017\/01\/00835445-1024x548.jpg","jetpack_sharing_enabled":true,"jetpack_shortlink":"https:\/\/wp.me\/pekB7q-2gl","_links":{"self":[{"href":"https:\/\/blogs.gazetaesportiva.com\/albertohelena\/wp-json\/wp\/v2\/posts\/8701","targetHints":{"allow":["GET"]}}],"collection":[{"href":"https:\/\/blogs.gazetaesportiva.com\/albertohelena\/wp-json\/wp\/v2\/posts"}],"about":[{"href":"https:\/\/blogs.gazetaesportiva.com\/albertohelena\/wp-json\/wp\/v2\/types\/post"}],"author":[{"embeddable":true,"href":"https:\/\/blogs.gazetaesportiva.com\/albertohelena\/wp-json\/wp\/v2\/users\/46"}],"replies":[{"embeddable":true,"href":"https:\/\/blogs.gazetaesportiva.com\/albertohelena\/wp-json\/wp\/v2\/comments?post=8701"}],"version-history":[{"count":0,"href":"https:\/\/blogs.gazetaesportiva.com\/albertohelena\/wp-json\/wp\/v2\/posts\/8701\/revisions"}],"wp:featuredmedia":[{"embeddable":true,"href":"https:\/\/blogs.gazetaesportiva.com\/albertohelena\/wp-json\/wp\/v2\/media\/8702"}],"wp:attachment":[{"href":"https:\/\/blogs.gazetaesportiva.com\/albertohelena\/wp-json\/wp\/v2\/media?parent=8701"}],"wp:term":[{"taxonomy":"category","embeddable":true,"href":"https:\/\/blogs.gazetaesportiva.com\/albertohelena\/wp-json\/wp\/v2\/categories?post=8701"},{"taxonomy":"post_tag","embeddable":true,"href":"https:\/\/blogs.gazetaesportiva.com\/albertohelena\/wp-json\/wp\/v2\/tags?post=8701"}],"curies":[{"name":"wp","href":"https:\/\/api.w.org\/{rel}","templated":true}]}}