{"id":8695,"date":"2017-01-13T16:03:13","date_gmt":"2017-01-13T18:03:13","guid":{"rendered":"https:\/\/blogs.gazetaesportiva.com\/albertohelena\/?p=8695"},"modified":"2017-01-13T16:32:27","modified_gmt":"2017-01-13T18:32:27","slug":"drogba-no-timao","status":"publish","type":"post","link":"https:\/\/blogs.gazetaesportiva.com\/albertohelena\/2017\/01\/13\/drogba-no-timao\/","title":{"rendered":"Drogba no Tim\u00e3o?"},"content":{"rendered":"<figure id=\"attachment_8697\" aria-describedby=\"caption-attachment-8697\" style=\"width: 726px\" class=\"wp-caption aligncenter\"><a href=\"https:\/\/blogs.gazetaesportiva.com\/albertohelena\/files\/2017\/01\/drogba-afp.jpg\"><img loading=\"lazy\" decoding=\"async\" data-attachment-id=\"8697\" data-permalink=\"https:\/\/blogs.gazetaesportiva.com\/albertohelena\/2017\/01\/13\/drogba-no-timao\/drogba-afp\/\" data-orig-file=\"https:\/\/blogs.gazetaesportiva.com\/albertohelena\/files\/2017\/01\/drogba-afp.jpg\" data-orig-size=\"726,387\" data-comments-opened=\"1\" data-image-meta=\"{&quot;aperture&quot;:&quot;0&quot;,&quot;credit&quot;:&quot;&quot;,&quot;camera&quot;:&quot;&quot;,&quot;caption&quot;:&quot;&quot;,&quot;created_timestamp&quot;:&quot;0&quot;,&quot;copyright&quot;:&quot;&quot;,&quot;focal_length&quot;:&quot;0&quot;,&quot;iso&quot;:&quot;0&quot;,&quot;shutter_speed&quot;:&quot;0&quot;,&quot;title&quot;:&quot;&quot;,&quot;orientation&quot;:&quot;0&quot;}\" data-image-title=\"drogba-afp\" data-image-description=\"\" data-image-caption=\"&lt;p&gt;Didier Drogba. (Foto: AFP)&lt;\/p&gt;\n\" data-medium-file=\"https:\/\/blogs.gazetaesportiva.com\/albertohelena\/files\/2017\/01\/drogba-afp-300x160.jpg\" data-large-file=\"https:\/\/blogs.gazetaesportiva.com\/albertohelena\/files\/2017\/01\/drogba-afp.jpg\" class=\"size-full wp-image-8697\" src=\"https:\/\/blogs.gazetaesportiva.com\/albertohelena\/files\/2017\/01\/drogba-afp.jpg\" alt=\"\" width=\"726\" height=\"387\" srcset=\"https:\/\/blogs.gazetaesportiva.com\/albertohelena\/files\/2017\/01\/drogba-afp.jpg 726w, https:\/\/blogs.gazetaesportiva.com\/albertohelena\/files\/2017\/01\/drogba-afp-300x160.jpg 300w\" sizes=\"auto, (max-width: 726px) 100vw, 726px\" \/><\/a><figcaption id=\"caption-attachment-8697\" class=\"wp-caption-text\">Didier Drogba. (Foto: AFP)<\/figcaption><\/figure>\n<p>Drogba no Tim\u00e3o? \u00c9 o que andam dizendo por a\u00ed. Viria no bojo de um pacote de marketing ao estilo do que envolveu Ronaldo Fen\u00f4meno, com pleno \u00eaxito \u00e0 \u00e9poca.<\/p>\n<p>Claro que o marfinense n\u00e3o tem a mesma repercuss\u00e3o do Ronaldo, escolhido duas vezes o melhor do mundo e outros babados. Mas, seria uma atra\u00e7\u00e3o extra, sem d\u00favida. E, quem sabe, se estiver em boa forma f\u00edsica, embora j\u00e1 em decl\u00ednio, venha a ser tamb\u00e9m uma solu\u00e7\u00e3o t\u00e9cnica, pois o bicho sabe se movimentar como poucos na grande \u00e1rea, justamente o principal problema do time alvinegro.<\/p>\n<p>O diabo \u00e9 que o Corinthians est\u00e1 envolvido em enrascada pol\u00edtica de tal monta que uma densa n\u00e9voa recobre Itaquera, impedindo que se veja com clareza qual o futuro do Tim\u00e3o, dentro e fora do campo.<\/p>\n<p><strong>NA LINHA DO GOL<\/strong><\/p>\n<p><em>De Drogba a Pogba, que, numa entrevista a Jo\u00e3o Castelo Branco, na Espn, encheu a bola de Neymar. Entre outras coisas, disse que Neymar \u00e9 o presente e o futuro do futebol. E que se diverte muito com o jogo criativo e surpreendente do brasileiro. Pois, \u00e9. <\/em><\/p>\n<p><strong>Bem bolada a cena de marketing do Palmeiras para difundir a entrega da camisa 10 a Mois\u00e9s, exibida pelo Fox R\u00e1dio, sob o comando do meu querido Pascoalito. Segundo o roteiro, Mois\u00e9s estaria recebendo a camisa honrada no passado simplesmente por Ademir da Guia e Djalminha. Faltou lembrar de Jair Rosa Pinto, que foi o maior meia-esquerda brasileiro durante toda a d\u00e9cada de 40 e a primeira metade dos 50, o comandante do time na conquista da Copa Rio de 1951, o Mundial t\u00e3o festejado pelo Verd\u00e3o.<\/strong><\/p>\n<p><em>Se o Tim\u00e3o j\u00e1 est\u00e1 enfraquecido em rela\u00e7\u00e3o ao time de dois anos atr\u00e1s, a venda dos direitos econ\u00f4micos do lateral-esquerdo Uendel\u00a0 ao Inter s\u00f3 serve para debilitar ainda mais o elenco. Afinal, Uendel n\u00e3o era apenas o melhor do Corinthians na sua posi\u00e7\u00e3o. Era um dos melhores do pa\u00eds. Mas, enfim&#8230;<\/em><\/p>\n<p><strong>L\u00e1 na Fl\u00f3rida, o S\u00e3o Paulo se prepara para a pr\u00e9-temporada sob o comando de Rog\u00e9rio Ceni. E, segundo informes que nos chegam, o novo treinador pensa em armar sua equipe com tr\u00eas zagueiros &#8211; Breno, Maycon e Rodrigo Caio. N\u00e3o seria o mesmo esquema adotado por Muricy &#8211; seu parceira\u00e7o nas caminhadas matinais pelas alamedas do Morumbi &#8211; na conquista do tri brasileiro. Mesmo porque ter\u00e1 tr\u00eas atacantes \u00e0 frente de uma linha de quatro meio-campistas (aqui, incluindo-se os laterais). Mesmo porque Rog\u00e9rio pretende enfatizar a troca de passes e o envolvimento, ao contr\u00e1rio daquele time de Muricy, assentado muito mais na bola parada e no contragolpe. Vejamos, vejamos.<\/strong><\/p>\n<p>&nbsp;<\/p>\n","protected":false},"excerpt":{"rendered":"<p>Drogba no Tim\u00e3o? \u00c9 o que andam dizendo por a\u00ed. Viria no bojo de um pacote de marketing ao estilo do que envolveu Ronaldo Fen\u00f4meno, <a class=\"read-more\" href=\"https:\/\/blogs.gazetaesportiva.com\/albertohelena\/2017\/01\/13\/drogba-no-timao\/\">leia mais<\/a><\/p>\n","protected":false},"author":46,"featured_media":8697,"comment_status":"open","ping_status":"open","sticky":false,"template":"","format":"standard","meta":{"_jetpack_newsletter_access":"","_jetpack_dont_email_post_to_subs":false,"_jetpack_newsletter_tier_id":0,"_jetpack_memberships_contains_paywalled_content":false,"_jetpack_memberships_contains_paid_content":false,"footnotes":""},"categories":[1],"tags":[],"class_list":["post-8695","post","type-post","status-publish","format-standard","has-post-thumbnail","hentry","category-sem-categoria"],"jetpack_featured_media_url":"https:\/\/blogs.gazetaesportiva.com\/albertohelena\/files\/2017\/01\/drogba-afp.jpg","jetpack_sharing_enabled":true,"jetpack_shortlink":"https:\/\/wp.me\/pekB7q-2gf","_links":{"self":[{"href":"https:\/\/blogs.gazetaesportiva.com\/albertohelena\/wp-json\/wp\/v2\/posts\/8695","targetHints":{"allow":["GET"]}}],"collection":[{"href":"https:\/\/blogs.gazetaesportiva.com\/albertohelena\/wp-json\/wp\/v2\/posts"}],"about":[{"href":"https:\/\/blogs.gazetaesportiva.com\/albertohelena\/wp-json\/wp\/v2\/types\/post"}],"author":[{"embeddable":true,"href":"https:\/\/blogs.gazetaesportiva.com\/albertohelena\/wp-json\/wp\/v2\/users\/46"}],"replies":[{"embeddable":true,"href":"https:\/\/blogs.gazetaesportiva.com\/albertohelena\/wp-json\/wp\/v2\/comments?post=8695"}],"version-history":[{"count":0,"href":"https:\/\/blogs.gazetaesportiva.com\/albertohelena\/wp-json\/wp\/v2\/posts\/8695\/revisions"}],"wp:featuredmedia":[{"embeddable":true,"href":"https:\/\/blogs.gazetaesportiva.com\/albertohelena\/wp-json\/wp\/v2\/media\/8697"}],"wp:attachment":[{"href":"https:\/\/blogs.gazetaesportiva.com\/albertohelena\/wp-json\/wp\/v2\/media?parent=8695"}],"wp:term":[{"taxonomy":"category","embeddable":true,"href":"https:\/\/blogs.gazetaesportiva.com\/albertohelena\/wp-json\/wp\/v2\/categories?post=8695"},{"taxonomy":"post_tag","embeddable":true,"href":"https:\/\/blogs.gazetaesportiva.com\/albertohelena\/wp-json\/wp\/v2\/tags?post=8695"}],"curies":[{"name":"wp","href":"https:\/\/api.w.org\/{rel}","templated":true}]}}