{"id":8681,"date":"2016-12-31T18:31:10","date_gmt":"2016-12-31T20:31:10","guid":{"rendered":"https:\/\/blogs.gazetaesportiva.com\/albertohelena\/?p=8681"},"modified":"2016-12-31T18:45:07","modified_gmt":"2016-12-31T20:45:07","slug":"8681","status":"publish","type":"post","link":"https:\/\/blogs.gazetaesportiva.com\/albertohelena\/2016\/12\/31\/8681\/","title":{"rendered":"Guardiola em xeque"},"content":{"rendered":"<figure id=\"attachment_8682\" aria-describedby=\"caption-attachment-8682\" style=\"width: 882px\" class=\"wp-caption aligncenter\"><a href=\"https:\/\/blogs.gazetaesportiva.com\/albertohelena\/files\/2016\/12\/guardiola.jpg\"><img loading=\"lazy\" decoding=\"async\" data-attachment-id=\"8682\" data-permalink=\"https:\/\/blogs.gazetaesportiva.com\/albertohelena\/2016\/12\/31\/8681\/guardiola-5\/\" data-orig-file=\"https:\/\/blogs.gazetaesportiva.com\/albertohelena\/files\/2016\/12\/guardiola.jpg\" data-orig-size=\"1100,733\" data-comments-opened=\"1\" data-image-meta=\"{&quot;aperture&quot;:&quot;0&quot;,&quot;credit&quot;:&quot;&quot;,&quot;camera&quot;:&quot;&quot;,&quot;caption&quot;:&quot;&quot;,&quot;created_timestamp&quot;:&quot;0&quot;,&quot;copyright&quot;:&quot;&quot;,&quot;focal_length&quot;:&quot;0&quot;,&quot;iso&quot;:&quot;0&quot;,&quot;shutter_speed&quot;:&quot;0&quot;,&quot;title&quot;:&quot;&quot;,&quot;orientation&quot;:&quot;0&quot;}\" data-image-title=\"guardiola\" data-image-description=\"\" data-image-caption=\"&lt;p&gt;Foto: AFP&lt;\/p&gt;\n\" data-medium-file=\"https:\/\/blogs.gazetaesportiva.com\/albertohelena\/files\/2016\/12\/guardiola-300x200.jpg\" data-large-file=\"https:\/\/blogs.gazetaesportiva.com\/albertohelena\/files\/2016\/12\/guardiola-1024x682.jpg\" class=\" wp-image-8682\" src=\"https:\/\/blogs.gazetaesportiva.com\/albertohelena\/files\/2016\/12\/guardiola-1024x682.jpg\" alt=\"\" width=\"882\" height=\"587\" srcset=\"https:\/\/blogs.gazetaesportiva.com\/albertohelena\/files\/2016\/12\/guardiola-1024x682.jpg 1024w, https:\/\/blogs.gazetaesportiva.com\/albertohelena\/files\/2016\/12\/guardiola-300x200.jpg 300w, https:\/\/blogs.gazetaesportiva.com\/albertohelena\/files\/2016\/12\/guardiola-768x512.jpg 768w, https:\/\/blogs.gazetaesportiva.com\/albertohelena\/files\/2016\/12\/guardiola-120x80.jpg 120w, https:\/\/blogs.gazetaesportiva.com\/albertohelena\/files\/2016\/12\/guardiola.jpg 1100w\" sizes=\"auto, (max-width: 882px) 100vw, 882px\" \/><\/a><figcaption id=\"caption-attachment-8682\" class=\"wp-caption-text\">Foto: AFP<\/figcaption><\/figure>\n<p>Durante dez anos, Guardiola foi o emblema do t\u00e9cnico de futebol capaz de apostar no jogo bonito, de toque-toque, envolvimento, tanto no Barcelona quanto no Bayern de Munique.<\/p>\n<p>Ao assumir o City, em surpreendente curto espa\u00e7o de tempo, emplacou seu estilo, e os azuis dispararam na ponta do campeonato ingl\u00eas, o mais competitivo e divertido do mundo. De repente, o bal\u00e3o come\u00e7ou a esvaziar, e, de l\u00edder, o City caiu para a terceira posi\u00e7\u00e3o, bem distante do l\u00edder Chelsea.<\/p>\n<p>O que aconteceu? N\u00e3o sei. S\u00f3 sei que o City n\u00e3o tem um elenco t\u00e3o rico quanto os demais disputantes ao t\u00edtulo brit\u00e2nico. E que ele demorou, por picuinhas particulares, em reaproveitar Yay\u00e1 Tour\u00e9, que deu estabilidade ao seu meio-campoo nas tr\u00eas partidas anteriores ao cl\u00e1ssico deste s\u00e1bado contra o Liverpool. E, que, neste, foi extremamente discreto, como de resto, o time todo.<\/p>\n<p>Pelo menos, no primeiro tempo, quando o Liverpool foi senhor das a\u00e7\u00f5es e marcou o gol da vit\u00f3ria com o certeiro cabeceio de Wijnaldoun, em cruzamento exato de Lallana<\/p>\n<p>O espantoso, no primeiro tempo, foi ver o City incapaz de trocar tr\u00eas passes certos, grande parte deles f\u00e1ceis, de dois, tr\u00eas metros. Em parte, por culpa de seus jogadores; em parte, pela excelente distribui\u00e7\u00e3o em campo do Liverpool, que simplesmente travou as a\u00e7\u00f5es do advers\u00e1rio.<\/p>\n<p>J\u00e1, no segundo per\u00edodo, os azuis conseguiram acertar os passes, dominaram os espa\u00e7os e o esp\u00edrito do jogo, mas n\u00e3o conseguiram chegar sequer ao empate.<\/p>\n<p>J\u00e1 o Chelsea n\u00e3o d\u00e1 chabu. Num jogo emocionante com o Stoke, meteu 4 a 2, de virada, com direito a dois gols de Willian, que, depois de um primeiro tempo discreto, arrasou no segundo.<\/p>\n<p>Assim como, tamb\u00e9m de virada, o Manchester United bateu o Middelsbrough, num daqueles jogos em que um time toma conta do jogo de cabo a rabo e o advers\u00e1rio, em solit\u00e1rio contragolpe, abre a contagem. Mas, o que \u00e9 do <em>home<\/em> o bicho n\u00e3o come, como diz o ditado caipira. E o United, neste caso, era o <em>home<\/em>.<\/p>\n<p><strong>NA LINHA DO GOL<\/strong><\/p>\n<p><em>O Verd\u00e3o n\u00e3o tem sossego mesmo: depois de tantas contrata\u00e7\u00f5es neste final de ano, no \u00faltimo instante la\u00e7ou Michel Bastos, mais um jogador vers\u00e1til e h\u00e1bil que a torcida tricolor expulsou de seu time. Claro que n\u00e3o d\u00e1 para o novo treinador Baptista escalar todos os que acabam de chegar, mais os que se sagraram campe\u00f5es brasileiros, no mesmo time. Mas, s\u00e3o tantas e diversificadas as competi\u00e7\u00f5es \u00e0 espera do Palmeiras no pr\u00f3ximo ano que quantos mais melhor. Basta o treinador ter ju\u00edzo para fazer o rod\u00edzio de jogadores no time titular de acordo com as circunst\u00e2ncias.<\/em><\/p>\n<p>&nbsp;<\/p>\n<p>&nbsp;<\/p>\n","protected":false},"excerpt":{"rendered":"<p>Durante dez anos, Guardiola foi o emblema do t\u00e9cnico de futebol capaz de apostar no jogo bonito, de toque-toque, envolvimento, tanto no Barcelona quanto no <a class=\"read-more\" href=\"https:\/\/blogs.gazetaesportiva.com\/albertohelena\/2016\/12\/31\/8681\/\">leia mais<\/a><\/p>\n","protected":false},"author":46,"featured_media":8682,"comment_status":"open","ping_status":"open","sticky":false,"template":"","format":"standard","meta":{"_jetpack_newsletter_access":"","_jetpack_dont_email_post_to_subs":false,"_jetpack_newsletter_tier_id":0,"_jetpack_memberships_contains_paywalled_content":false,"_jetpack_memberships_contains_paid_content":false,"footnotes":""},"categories":[1],"tags":[],"class_list":["post-8681","post","type-post","status-publish","format-standard","has-post-thumbnail","hentry","category-sem-categoria"],"jetpack_featured_media_url":"https:\/\/blogs.gazetaesportiva.com\/albertohelena\/files\/2016\/12\/guardiola.jpg","jetpack_sharing_enabled":true,"jetpack_shortlink":"https:\/\/wp.me\/sekB7q-8681","_links":{"self":[{"href":"https:\/\/blogs.gazetaesportiva.com\/albertohelena\/wp-json\/wp\/v2\/posts\/8681","targetHints":{"allow":["GET"]}}],"collection":[{"href":"https:\/\/blogs.gazetaesportiva.com\/albertohelena\/wp-json\/wp\/v2\/posts"}],"about":[{"href":"https:\/\/blogs.gazetaesportiva.com\/albertohelena\/wp-json\/wp\/v2\/types\/post"}],"author":[{"embeddable":true,"href":"https:\/\/blogs.gazetaesportiva.com\/albertohelena\/wp-json\/wp\/v2\/users\/46"}],"replies":[{"embeddable":true,"href":"https:\/\/blogs.gazetaesportiva.com\/albertohelena\/wp-json\/wp\/v2\/comments?post=8681"}],"version-history":[{"count":0,"href":"https:\/\/blogs.gazetaesportiva.com\/albertohelena\/wp-json\/wp\/v2\/posts\/8681\/revisions"}],"wp:featuredmedia":[{"embeddable":true,"href":"https:\/\/blogs.gazetaesportiva.com\/albertohelena\/wp-json\/wp\/v2\/media\/8682"}],"wp:attachment":[{"href":"https:\/\/blogs.gazetaesportiva.com\/albertohelena\/wp-json\/wp\/v2\/media?parent=8681"}],"wp:term":[{"taxonomy":"category","embeddable":true,"href":"https:\/\/blogs.gazetaesportiva.com\/albertohelena\/wp-json\/wp\/v2\/categories?post=8681"},{"taxonomy":"post_tag","embeddable":true,"href":"https:\/\/blogs.gazetaesportiva.com\/albertohelena\/wp-json\/wp\/v2\/tags?post=8681"}],"curies":[{"name":"wp","href":"https:\/\/api.w.org\/{rel}","templated":true}]}}