{"id":833,"date":"2014-09-08T19:40:40","date_gmt":"2014-09-08T22:40:40","guid":{"rendered":"https:\/\/blogs.gazetaesportiva.com\/albertohelena\/?p=833"},"modified":"2014-09-08T19:52:26","modified_gmt":"2014-09-08T22:52:26","slug":"o-que-muda-e-deveria-mudar-no-brasil","status":"publish","type":"post","link":"https:\/\/blogs.gazetaesportiva.com\/albertohelena\/2014\/09\/08\/o-que-muda-e-deveria-mudar-no-brasil\/","title":{"rendered":"O que muda e deveria mudar no Brasil?"},"content":{"rendered":"<figure id=\"attachment_841\" aria-describedby=\"caption-attachment-841\" style=\"width: 640px\" class=\"wp-caption aligncenter\"><a href=\"https:\/\/blogs.gazetaesportiva.com\/albertohelena\/files\/2014\/09\/blog_albertohelena.jpg\"><img loading=\"lazy\" decoding=\"async\" data-attachment-id=\"841\" data-permalink=\"https:\/\/blogs.gazetaesportiva.com\/albertohelena\/2014\/09\/08\/o-que-muda-e-deveria-mudar-no-brasil\/blog_albertohelena\/\" data-orig-file=\"https:\/\/blogs.gazetaesportiva.com\/albertohelena\/files\/2014\/09\/blog_albertohelena.jpg\" data-orig-size=\"640,393\" data-comments-opened=\"1\" data-image-meta=\"{&quot;aperture&quot;:&quot;2.8&quot;,&quot;credit&quot;:&quot;Rafael Ribeiro&quot;,&quot;camera&quot;:&quot;Canon EOS 5D Mark III&quot;,&quot;caption&quot;:&quot;&quot;,&quot;created_timestamp&quot;:&quot;1410195014&quot;,&quot;copyright&quot;:&quot;Rafael Ribeiro&quot;,&quot;focal_length&quot;:&quot;400&quot;,&quot;iso&quot;:&quot;500&quot;,&quot;shutter_speed&quot;:&quot;0.0004&quot;,&quot;title&quot;:&quot;&quot;}\" data-image-title=\"blog_albertohelena\" data-image-description=\"\" data-image-caption=\"\" data-medium-file=\"https:\/\/blogs.gazetaesportiva.com\/albertohelena\/files\/2014\/09\/blog_albertohelena.jpg\" data-large-file=\"https:\/\/blogs.gazetaesportiva.com\/albertohelena\/files\/2014\/09\/blog_albertohelena.jpg\" class=\"size-full wp-image-841\" alt=\"Rafael Ribeiro\/CBF\" src=\"https:\/\/blogs.gazetaesportiva.com\/albertohelena\/files\/2014\/09\/blog_albertohelena.jpg\" width=\"640\" height=\"393\" \/><\/a><figcaption id=\"caption-attachment-841\" class=\"wp-caption-text\">Rafael Ribeiro\/CBF<\/figcaption><\/figure>\n<p>O corte de Maicon foi um firme aviso de que a Sele\u00e7\u00e3o de Dunga e Gilmar n\u00e3o aceitar\u00e3o deslizes. E uma chance para Danilo, lateral-direito do Porto e ex integrante daquele Santos que encantou a todos no primeiro semestre de 2010 ao lado de Neymar, Robinho, Ganso, Wesley, Arouca e cia.<\/p>\n<p>\u00c9 jovem e sabe cumprir as duas fun\u00e7\u00f5es de um lateral \u2013 marcar e atacar \u2013 com efici\u00eancia, e j\u00e1 estava merecendo essa oportunidade.<\/p>\n<p>Com a sa\u00edda de David Lu\u00eds por les\u00e3o e a consequente entrada de Marquinhos (o mais absurdo e inexplic\u00e1vel neg\u00f3cio do Corinthians nos \u00faltimos dec\u00eanios, diga-se), muda-se toda a linha defensiva do Brasil em rela\u00e7\u00e3o \u00e0 que atuou durante os \u00faltimos quatro anos, do goleiro ao lateral-esquerdo. Uma novidade imposta pelas circunst\u00e2ncias e n\u00e3o por vontade pr\u00f3pria do treinador Dunga.<\/p>\n<p>De qualquer jeito, vale medir o resultado disso diante do Equador, que num passado distante era um saco de pancadas de brasileiros, argentinos e uruguaios, mas, que h\u00e1 um bom tempo anda praticando um futebol, no m\u00ednimo, respeit\u00e1vel.<\/p>\n<p>Todavia, o que eu gostaria mesmo de ver nesse amistoso desta ter\u00e7a-feira seria o aproveitamento desde o in\u00edcio da dupla cruzeirense de tanto sucesso nos dois \u00faltimos Brasileir\u00f5es: Everton Ribeiro, armando, e Ricardo Goulart, espetando.<\/p>\n<p>\u00c9 curioso como os t\u00e9cnicos brasileiros, desde sempre, se negam a aproveitar na Sele\u00e7\u00e3o setores j\u00e1 consagrados nos clubes.<\/p>\n<p>Remontando \u00e0 Copa de 38, vale lembrar o t\u00e9cnico Ademar Pimenta, que preferiu desfazer as duas alas esquerdas (chamavam-se alas as combina\u00e7\u00f5es entre os meias e os pontas) j\u00e1 montadas e importadas de seus respectivos clubes.<\/p>\n<p>No caso, Per\u00e1cio e Patesko, do Botafogo, e Tim e H\u00e9rcules, do Fluminense. Pimenta preferiu escalar Per\u00e1cio e H\u00e9rcules, ao dividir seus vinte e dois convocados em time leve e time pesado, uma inven\u00e7\u00e3o esdr\u00faxula, claro. Per\u00e1cio e H\u00e9rcules pertenciam ao time pesado.<\/p>\n<p>Pel\u00e9 e Cotuinho, a m\u00e1gica tabelinha do maior time de todos os tempos, quantas vezes atuaram juntos na Sele\u00e7\u00e3o? No m\u00e1ximo, uns cinco jogos em dez anos de parceria.<\/p>\n<p>E a m\u00edtica dupla Dudu-Ademir da Guia? Assim de cabe\u00e7a, n\u00e3o sou capaz de lembrar nenhuma. E eles reinaram no meio de campo do futebol brasileiro por mais de uma d\u00e9cada.<\/p>\n<p>Dirceu Lopes-Tost\u00e3o&#8230; quando Saldanha\u00a0 tentou comprimir os dois no meio daquele time excepcional de 70, caiu do cavalo.<\/p>\n<p>A prop\u00f3sito, o meu primeiro contato com Jo\u00e3o Saldanha quase terminou em porrada no meio da rua Bar\u00e3o de Limeira, em frente \u00e0 Folha. Na \u00e9poca, eu exercia as fun\u00e7\u00f5es de diretor de reda\u00e7\u00e3o interino da \u00daltima Hora, e Saldanha acabara de assumir a Sele\u00e7\u00e3o e saiu por a\u00ed exaltando as suas Feras.<\/p>\n<p>Ao escalar sua Sele\u00e7\u00e3o, baseada nos tr\u00eas melhores times do Brasil na \u00e9poca \u2013 Santos, Cruzeiro e Botafogo \u2013 Saldanha anunciou assim a sua defesa titular: o saudoso Cl\u00e1udio, goleiro do Santos; Carlos Alberto Torres (Santos), Brito (Vasco), Djalma Dias (Santos) e Rildo (ex-Bota, j\u00e1 do Santos).<\/p>\n<p>Como ele tamb\u00e9m convocara Joel, que fazia dupla de zaga com Djalma Dias no Santos, perguntei-lhe qual a justificativa para a intrus\u00e3o de Brito na defesa inteiramente peixeira, que jogava por m\u00fasica.<\/p>\n<p>Resposta: Brito era mais vers\u00e1til do que Joel Camargo, pois tanto atuava pela direita quanto pela esquerda. Meu Deus, respondi, mais vers\u00e1til do que Joel Camargo, que atuava como zagueiro, lateral, volante e at\u00e9 atacante?<\/p>\n<p>Ent\u00e3o, voc\u00ea escala a sua sele\u00e7\u00e3o que eu escalo a minha, completou arrevesado Saldanha. E o pau quase comeu, n\u00e3o fosse a interven\u00e7\u00e3o do pessoal em volta.<\/p>\n<p>Fim da hist\u00f3ria: durante todas as Eliminat\u00f3rias da Copa de 70, jogou a minha Sele\u00e7\u00e3o, com Joel no lugar de Brito, e Saldanha e eu nos tornamos amigos fraternos at\u00e9 o dia de sua morte.<\/p>\n","protected":false},"excerpt":{"rendered":"<p>O corte de Maicon foi um firme aviso de que a Sele\u00e7\u00e3o de Dunga e Gilmar n\u00e3o aceitar\u00e3o deslizes. E uma chance para Danilo, lateral-direito <a class=\"read-more\" href=\"https:\/\/blogs.gazetaesportiva.com\/albertohelena\/2014\/09\/08\/o-que-muda-e-deveria-mudar-no-brasil\/\">leia mais<\/a><\/p>\n","protected":false},"author":3,"featured_media":841,"comment_status":"open","ping_status":"open","sticky":false,"template":"","format":"standard","meta":{"_jetpack_newsletter_access":"","_jetpack_dont_email_post_to_subs":false,"_jetpack_newsletter_tier_id":0,"_jetpack_memberships_contains_paywalled_content":false,"_jetpack_memberships_contains_paid_content":false,"footnotes":""},"categories":[1],"tags":[],"class_list":["post-833","post","type-post","status-publish","format-standard","has-post-thumbnail","hentry","category-sem-categoria"],"jetpack_featured_media_url":"https:\/\/blogs.gazetaesportiva.com\/albertohelena\/files\/2014\/09\/blog_albertohelena.jpg","jetpack_sharing_enabled":true,"jetpack_shortlink":"https:\/\/wp.me\/pekB7q-dr","_links":{"self":[{"href":"https:\/\/blogs.gazetaesportiva.com\/albertohelena\/wp-json\/wp\/v2\/posts\/833","targetHints":{"allow":["GET"]}}],"collection":[{"href":"https:\/\/blogs.gazetaesportiva.com\/albertohelena\/wp-json\/wp\/v2\/posts"}],"about":[{"href":"https:\/\/blogs.gazetaesportiva.com\/albertohelena\/wp-json\/wp\/v2\/types\/post"}],"author":[{"embeddable":true,"href":"https:\/\/blogs.gazetaesportiva.com\/albertohelena\/wp-json\/wp\/v2\/users\/3"}],"replies":[{"embeddable":true,"href":"https:\/\/blogs.gazetaesportiva.com\/albertohelena\/wp-json\/wp\/v2\/comments?post=833"}],"version-history":[{"count":0,"href":"https:\/\/blogs.gazetaesportiva.com\/albertohelena\/wp-json\/wp\/v2\/posts\/833\/revisions"}],"wp:featuredmedia":[{"embeddable":true,"href":"https:\/\/blogs.gazetaesportiva.com\/albertohelena\/wp-json\/wp\/v2\/media\/841"}],"wp:attachment":[{"href":"https:\/\/blogs.gazetaesportiva.com\/albertohelena\/wp-json\/wp\/v2\/media?parent=833"}],"wp:term":[{"taxonomy":"category","embeddable":true,"href":"https:\/\/blogs.gazetaesportiva.com\/albertohelena\/wp-json\/wp\/v2\/categories?post=833"},{"taxonomy":"post_tag","embeddable":true,"href":"https:\/\/blogs.gazetaesportiva.com\/albertohelena\/wp-json\/wp\/v2\/tags?post=833"}],"curies":[{"name":"wp","href":"https:\/\/api.w.org\/{rel}","templated":true}]}}