{"id":824,"date":"2014-09-06T21:02:39","date_gmt":"2014-09-07T00:02:39","guid":{"rendered":"https:\/\/blogs.gazetaesportiva.com\/albertohelena\/?p=824"},"modified":"2014-09-07T10:13:34","modified_gmt":"2014-09-07T13:13:34","slug":"no-fim-enderson-e-felipao","status":"publish","type":"post","link":"https:\/\/blogs.gazetaesportiva.com\/albertohelena\/2014\/09\/06\/no-fim-enderson-e-felipao\/","title":{"rendered":"No fim, Enderson e Felip\u00e3o"},"content":{"rendered":"<figure id=\"attachment_826\" aria-describedby=\"caption-attachment-826\" style=\"width: 640px\" class=\"wp-caption aligncenter\"><img loading=\"lazy\" decoding=\"async\" data-attachment-id=\"826\" data-permalink=\"https:\/\/blogs.gazetaesportiva.com\/albertohelena\/2014\/09\/06\/no-fim-enderson-e-felipao\/blog-7\/\" data-orig-file=\"https:\/\/blogs.gazetaesportiva.com\/albertohelena\/files\/2014\/09\/blog2.jpg\" data-orig-size=\"640,427\" data-comments-opened=\"1\" data-image-meta=\"{&quot;aperture&quot;:&quot;0&quot;,&quot;credit&quot;:&quot;&quot;,&quot;camera&quot;:&quot;&quot;,&quot;caption&quot;:&quot;&quot;,&quot;created_timestamp&quot;:&quot;0&quot;,&quot;copyright&quot;:&quot;&quot;,&quot;focal_length&quot;:&quot;0&quot;,&quot;iso&quot;:&quot;0&quot;,&quot;shutter_speed&quot;:&quot;0&quot;,&quot;title&quot;:&quot;&quot;}\" data-image-title=\"blog\" data-image-description=\"\" data-image-caption=\"&lt;p&gt;Foto: Djalma Vass\u00e3o\/Gazeta Press e Gilvan de Souza\/Flamengo&lt;\/p&gt;\n\" data-medium-file=\"https:\/\/blogs.gazetaesportiva.com\/albertohelena\/files\/2014\/09\/blog2.jpg\" data-large-file=\"https:\/\/blogs.gazetaesportiva.com\/albertohelena\/files\/2014\/09\/blog2.jpg\" class=\"size-full wp-image-826\" alt=\"Foto: Djalma Vass\u00e3o\/Gazeta Press e Gilvan de Souza\/Flamengo\" src=\"https:\/\/blogs.gazetaesportiva.com\/albertohelena\/files\/2014\/09\/blog2.jpg\" width=\"640\" height=\"427\" \/><figcaption id=\"caption-attachment-826\" class=\"wp-caption-text\">Foto: Djalma Vass\u00e3o\/Gazeta Press e Gilvan de Souza\/Flamengo<\/figcaption><\/figure>\n<p>Na estreia do t\u00e9cnico Enderson Moreira, o Santos bateu o lanterna Vit\u00f3ria com tr\u00eas gols improv\u00e1veis, pois dois do beque David Braz, pela primeira vez em sua vida, e outro de Leandro Dami\u00e3o, o artilheiro que n\u00e3o marcava h\u00e1 um calend\u00e1rio.<\/p>\n<p>Vale, por\u00e9m, dizer que o resultado de 3 a 1, com gol de honra de Dinei, de cabe\u00e7a, foi justo. N\u00e3o pelo primeiro tempo, uma besteira de lado a lado. Mas, pelo segundo, quando o Peixe partiu pra cima do advers\u00e1rio, fez os dois gols de David Braz, de cabe\u00e7a, em cobran\u00e7as de escanteios desviados por Dami\u00e3o e Edu Dracena, respectivamente, e ainda desperdi\u00e7ou duas chances claras com Thiago Ribeiro e Leandro Dami\u00e3o.<\/p>\n<p>Quer dizer que mudou o Santos sob nova dire\u00e7\u00e3o? Deixo a resposta para Edu Dracena, o capit\u00e3o, depois do jogo, ao microfone do meu querido Andr\u00e9 Hernan, do Sportv:<\/p>\n<p>&#8211; Nas vezes anteriores, a bola n\u00e3o entrou. Desta vez, entrou.<\/p>\n<p>J\u00e1 no Maracan\u00e3 a bola entrou s\u00f3 l\u00e1 nos descontos, em prepara\u00e7\u00e3o de Fernandinho para jogada de craque de Luan, os dois que haviam passado a maior parte do jogo no banco.<\/p>\n<p>De resto, foi aquele pega-pega, marca-marca, tr\u00eas volantes de um lado, tr\u00eas do outro, muitos passes errados e pouca emo\u00e7\u00e3o apesar do del\u00edrio de quase 60 mil rubro-negros nas arquibancadas.<\/p>\n<p>Natural em se tratando de Felip\u00e3o, que tem bala no elenco, mas prefere ficar atr\u00e1s das trincheiras. Ao contr\u00e1rio do instinto de Luxemburgo, que bem gostaria de atacar, mas n\u00e3o tem muni\u00e7\u00e3o para tanto.<\/p>\n","protected":false},"excerpt":{"rendered":"<p>Na estreia do t\u00e9cnico Enderson Moreira, o Santos bateu o lanterna Vit\u00f3ria com tr\u00eas gols improv\u00e1veis, pois dois do beque David Braz, pela primeira vez <a class=\"read-more\" href=\"https:\/\/blogs.gazetaesportiva.com\/albertohelena\/2014\/09\/06\/no-fim-enderson-e-felipao\/\">leia mais<\/a><\/p>\n","protected":false},"author":46,"featured_media":826,"comment_status":"open","ping_status":"open","sticky":false,"template":"","format":"standard","meta":{"_jetpack_newsletter_access":"","_jetpack_dont_email_post_to_subs":false,"_jetpack_newsletter_tier_id":0,"_jetpack_memberships_contains_paywalled_content":false,"_jetpack_memberships_contains_paid_content":false,"footnotes":""},"categories":[1],"tags":[],"class_list":["post-824","post","type-post","status-publish","format-standard","has-post-thumbnail","hentry","category-sem-categoria"],"jetpack_featured_media_url":"https:\/\/blogs.gazetaesportiva.com\/albertohelena\/files\/2014\/09\/blog2.jpg","jetpack_sharing_enabled":true,"jetpack_shortlink":"https:\/\/wp.me\/pekB7q-di","_links":{"self":[{"href":"https:\/\/blogs.gazetaesportiva.com\/albertohelena\/wp-json\/wp\/v2\/posts\/824","targetHints":{"allow":["GET"]}}],"collection":[{"href":"https:\/\/blogs.gazetaesportiva.com\/albertohelena\/wp-json\/wp\/v2\/posts"}],"about":[{"href":"https:\/\/blogs.gazetaesportiva.com\/albertohelena\/wp-json\/wp\/v2\/types\/post"}],"author":[{"embeddable":true,"href":"https:\/\/blogs.gazetaesportiva.com\/albertohelena\/wp-json\/wp\/v2\/users\/46"}],"replies":[{"embeddable":true,"href":"https:\/\/blogs.gazetaesportiva.com\/albertohelena\/wp-json\/wp\/v2\/comments?post=824"}],"version-history":[{"count":0,"href":"https:\/\/blogs.gazetaesportiva.com\/albertohelena\/wp-json\/wp\/v2\/posts\/824\/revisions"}],"wp:featuredmedia":[{"embeddable":true,"href":"https:\/\/blogs.gazetaesportiva.com\/albertohelena\/wp-json\/wp\/v2\/media\/826"}],"wp:attachment":[{"href":"https:\/\/blogs.gazetaesportiva.com\/albertohelena\/wp-json\/wp\/v2\/media?parent=824"}],"wp:term":[{"taxonomy":"category","embeddable":true,"href":"https:\/\/blogs.gazetaesportiva.com\/albertohelena\/wp-json\/wp\/v2\/categories?post=824"},{"taxonomy":"post_tag","embeddable":true,"href":"https:\/\/blogs.gazetaesportiva.com\/albertohelena\/wp-json\/wp\/v2\/tags?post=824"}],"curies":[{"name":"wp","href":"https:\/\/api.w.org\/{rel}","templated":true}]}}