{"id":819,"date":"2014-09-06T15:53:59","date_gmt":"2014-09-06T18:53:59","guid":{"rendered":"https:\/\/blogs.gazetaesportiva.com\/albertohelena\/?p=819"},"modified":"2014-09-06T16:03:46","modified_gmt":"2014-09-06T19:03:46","slug":"tecnicos-em-acao","status":"publish","type":"post","link":"https:\/\/blogs.gazetaesportiva.com\/albertohelena\/2014\/09\/06\/tecnicos-em-acao\/","title":{"rendered":"T\u00e9cnicos em a\u00e7\u00e3o!"},"content":{"rendered":"<p>Neste fim de semana, o Brasileir\u00e3o nos oferece atra\u00e7\u00f5es extras \u00e0 beira do gramado: a estreia do t\u00e9cnico Enderson Moreira no Santos e o confronto de quatro t\u00e9cnicos de destaque no futebol brasileiro: Crist\u00f3v\u00e3o Borges x Marcelo Oliveira e Luxa x Felip\u00e3o.<\/p>\n<p>Hoje \u00e0 noite, na Vila, o Peixe recebe o lanterninha Vit\u00f3ria com promessas de um futebol ofensivo, como se n\u00e3o o fosse sob o comando de Oswaldo de Oliveira. Era, s\u00f3 que os gols n\u00e3o estavam saindo na mesma propor\u00e7\u00e3o do in\u00edcio da temporada. Mas, as chances foram criadas em quantidade suficiente para o Santos ter vencido algumas das partidas que terminaram em derrota ou empate.<\/p>\n<p>A forma\u00e7\u00e3o \u00e9 praticamente a mesma, sem Robinho e com o volante Souza no lugar de Alison. E, sim, Leandro Dami\u00e3o, que entrava e sa\u00eda do time de acordo com sua incapacidade de voltar a ser o artilheiro dos bons tempos de Inter.<\/p>\n<p>J\u00e1 no Maracan\u00e3, o encontro entre dois treinadores consagrados e pol\u00eamicos.<\/p>\n<p>De um lado, Luxemburgo, que depois de longa aus\u00eancia voltou \u00e0 G\u00e1vea para tirar o Flamengo da rabeira e coloc\u00e1-lo na bica de come\u00e7ar a sonhar com o G-4. Um prod\u00edgio!<\/p>\n<p>De outro, Felip\u00e3o, que, depois do fracasso hist\u00f3rico, monumental, na Copa do Mundo, vai tocando o barco no Gr\u00eamio, ganhando, perdendo e empatando, o que faz parte. Uma vit\u00f3ria sobre o Fla, esta noite, por\u00e9m, pode muito bem aliviar o clima pesado no seu clube pelos \u00faltimos acontecimentos e recoloc\u00e1-lo na trilha da zona da Libertadores. Jogo pra mais de metro.<\/p>\n<p>Amanh\u00e3, nesse mesmo Maracan\u00e3, teremos o confronto dos dois t\u00e9cnicos mais l\u00facidos do pa\u00eds: Crist\u00f3v\u00e3o Borges e Marcelo Oliveira, com sinais trocados. Enquanto Marcelo \u00e9 reverenciado na Toca da Raposa com todos os m\u00e9ritos de um treinador campe\u00e3o mineiro, brasileiro e atual l\u00edder com folga do Brasileir\u00e3o, Crist\u00f3v\u00e3o enfrenta uma crise que ronda as Laranjeiras, amea\u00e7ando-o pela estupidez t\u00edpica dos cartolas que n\u00e3o perdoam o fato de ter sido desclassificado, em seguida, da Copa do Brasil e da Sul-Americana.<\/p>\n<p>A vantagem de Crist\u00f3v\u00e3o \u00e9 jogar em casa, com seu time praticamente completo, a n\u00e3o ser a aus\u00eancia for\u00e7ada de Sobis, e encarar um Cruzeiro sem seus dois principais jogadores que est\u00e3o a servi\u00e7o da Sele\u00e7\u00e3o \u2013 o armador Everton Ribeiro e o artilheiro Ricardo Goulart.<\/p>\n<p>Sucede que o Cruzeiro tem se revelado um time capaz de superar aus\u00eancias, inclusive as mais nobres, o que aumenta a cota\u00e7\u00e3o do t\u00e9cnico Marcelo Oliveira, pois o elenco, se puxarmos sua folha corrida, n\u00e3o sugeriria desempenho t\u00e3o superior como o \u00e9 na pr\u00e1tica.<\/p>\n<p>Portanto&#8230; Portanto, nada. Apenas a expectativa de um bom jogo de futebol.<\/p>\n","protected":false},"excerpt":{"rendered":"<p>Neste fim de semana, o Brasileir\u00e3o nos oferece atra\u00e7\u00f5es extras \u00e0 beira do gramado: a estreia do t\u00e9cnico Enderson Moreira no Santos e o confronto <a class=\"read-more\" href=\"https:\/\/blogs.gazetaesportiva.com\/albertohelena\/2014\/09\/06\/tecnicos-em-acao\/\">leia mais<\/a><\/p>\n","protected":false},"author":46,"featured_media":822,"comment_status":"open","ping_status":"open","sticky":false,"template":"","format":"standard","meta":{"_jetpack_newsletter_access":"","_jetpack_dont_email_post_to_subs":false,"_jetpack_newsletter_tier_id":0,"_jetpack_memberships_contains_paywalled_content":false,"_jetpack_memberships_contains_paid_content":false,"footnotes":""},"categories":[1],"tags":[],"class_list":["post-819","post","type-post","status-publish","format-standard","has-post-thumbnail","hentry","category-sem-categoria"],"jetpack_featured_media_url":"https:\/\/blogs.gazetaesportiva.com\/albertohelena\/files\/2014\/09\/blog1.jpg","jetpack_sharing_enabled":true,"jetpack_shortlink":"https:\/\/wp.me\/pekB7q-dd","_links":{"self":[{"href":"https:\/\/blogs.gazetaesportiva.com\/albertohelena\/wp-json\/wp\/v2\/posts\/819","targetHints":{"allow":["GET"]}}],"collection":[{"href":"https:\/\/blogs.gazetaesportiva.com\/albertohelena\/wp-json\/wp\/v2\/posts"}],"about":[{"href":"https:\/\/blogs.gazetaesportiva.com\/albertohelena\/wp-json\/wp\/v2\/types\/post"}],"author":[{"embeddable":true,"href":"https:\/\/blogs.gazetaesportiva.com\/albertohelena\/wp-json\/wp\/v2\/users\/46"}],"replies":[{"embeddable":true,"href":"https:\/\/blogs.gazetaesportiva.com\/albertohelena\/wp-json\/wp\/v2\/comments?post=819"}],"version-history":[{"count":0,"href":"https:\/\/blogs.gazetaesportiva.com\/albertohelena\/wp-json\/wp\/v2\/posts\/819\/revisions"}],"wp:featuredmedia":[{"embeddable":true,"href":"https:\/\/blogs.gazetaesportiva.com\/albertohelena\/wp-json\/wp\/v2\/media\/822"}],"wp:attachment":[{"href":"https:\/\/blogs.gazetaesportiva.com\/albertohelena\/wp-json\/wp\/v2\/media?parent=819"}],"wp:term":[{"taxonomy":"category","embeddable":true,"href":"https:\/\/blogs.gazetaesportiva.com\/albertohelena\/wp-json\/wp\/v2\/categories?post=819"},{"taxonomy":"post_tag","embeddable":true,"href":"https:\/\/blogs.gazetaesportiva.com\/albertohelena\/wp-json\/wp\/v2\/tags?post=819"}],"curies":[{"name":"wp","href":"https:\/\/api.w.org\/{rel}","templated":true}]}}