{"id":809,"date":"2014-09-06T00:36:18","date_gmt":"2014-09-06T03:36:18","guid":{"rendered":"https:\/\/blogs.gazetaesportiva.com\/albertohelena\/?p=809"},"modified":"2014-09-06T00:40:23","modified_gmt":"2014-09-06T03:40:23","slug":"chama-o-neymar","status":"publish","type":"post","link":"https:\/\/blogs.gazetaesportiva.com\/albertohelena\/2014\/09\/06\/chama-o-neymar\/","title":{"rendered":"Chama o Neymar!"},"content":{"rendered":"<figure id=\"attachment_812\" aria-describedby=\"caption-attachment-812\" style=\"width: 640px\" class=\"wp-caption aligncenter\"><a href=\"https:\/\/blogs.gazetaesportiva.com\/albertohelena\/files\/2014\/09\/blogneymar2_mowa1.jpg\"><img loading=\"lazy\" decoding=\"async\" data-attachment-id=\"812\" data-permalink=\"https:\/\/blogs.gazetaesportiva.com\/albertohelena\/2014\/09\/06\/chama-o-neymar\/blogneymar2_mowa-2\/\" data-orig-file=\"https:\/\/blogs.gazetaesportiva.com\/albertohelena\/files\/2014\/09\/blogneymar2_mowa1.jpg\" data-orig-size=\"640,474\" data-comments-opened=\"1\" data-image-meta=\"{&quot;aperture&quot;:&quot;0&quot;,&quot;credit&quot;:&quot;&quot;,&quot;camera&quot;:&quot;&quot;,&quot;caption&quot;:&quot;&quot;,&quot;created_timestamp&quot;:&quot;0&quot;,&quot;copyright&quot;:&quot;&quot;,&quot;focal_length&quot;:&quot;0&quot;,&quot;iso&quot;:&quot;0&quot;,&quot;shutter_speed&quot;:&quot;0&quot;,&quot;title&quot;:&quot;&quot;}\" data-image-title=\"blogneymar2_mowa\" data-image-description=\"\" data-image-caption=\"&lt;p&gt;Mowa Press&lt;\/p&gt;\n\" data-medium-file=\"https:\/\/blogs.gazetaesportiva.com\/albertohelena\/files\/2014\/09\/blogneymar2_mowa1.jpg\" data-large-file=\"https:\/\/blogs.gazetaesportiva.com\/albertohelena\/files\/2014\/09\/blogneymar2_mowa1.jpg\" class=\"size-full wp-image-812\" alt=\"Mowa Press\" src=\"https:\/\/blogs.gazetaesportiva.com\/albertohelena\/files\/2014\/09\/blogneymar2_mowa1.jpg\" width=\"640\" height=\"474\" \/><\/a><figcaption id=\"caption-attachment-812\" class=\"wp-caption-text\">Mowa Press<\/figcaption><\/figure>\n<p>E, j\u00e1 aos 37 minutos do segundo tempo, quando a coisa ainda estava ensebada, chama o Neymar. Na cobran\u00e7a de falta que n\u00e3o houve, pois a bola havia resvalado no bra\u00e7o do colombiano estendido ao longo do corpo, Neymar meteu a bola na forquilha.<\/p>\n<p>Um a zero e foi tudo. Quer dizer: quase tudo, pois vale dizer que, se n\u00e3o foi uma exibi\u00e7\u00e3o de gala do Brasil, nossa Sele\u00e7\u00e3o fez um jogo aceit\u00e1vel diante de um advers\u00e1rio categorizado, com James Rodriguez e cia., embora Falc\u00e3o Garcia s\u00f3 entrasse no fim, juntamente com Robinho.<\/p>\n<p>Claro que o Brasil se beneficiou da expuls\u00e3o de Quadrado logo no comecinho do segundo tempo \u2013 outro feito de Neymar, diga-se, pois as duas faltas que levaram o colombiano ao chuveiro foram praticadas sobre o nosso novo capit\u00e3o, e, disparado, o melhor do nosso time.<\/p>\n<p>A\u00ed se revelou, mais uma vez, o medo de se expor que trava o nosso futebol em geral. Refiro-me a essa praga, verdadeiro dogma, dos dois volantes. Pra qu\u00ea, ainda mais com onze contra dez?<\/p>\n<p>Bem, neste caso espec\u00edfico, sacar um dos volantes para dar lugar a outro meia ou atacante exigiria muita personalidade do t\u00e9cnico, j\u00e1 que os dois volantes em campo \u2013 Fernandinho e Elias \u2013 haviam acabado de entrar nos lugares de Luiz Gustavo e Ramires.<\/p>\n<p>Altera\u00e7\u00e3o, ali\u00e1s, que n\u00e3o alterou nada substancialmente, pois n\u00e3o basta voc\u00ea ter dois volantes que saibam sair para o jogo, pois, eles sabem sair para o jogo, mas n\u00e3o sabem armar.<\/p>\n<p>Quem sabe armar \u00e9 o meia. E, no banco, havia dois dispon\u00edveis \u2013 Everton Ribeiro e P. Coutinho -, que entraram mais tarde, nos lugares dos outros dois: Oscar e William, que tamb\u00e9m n\u00e3o produziam o suficiente.<\/p>\n<p>Mas, exigir t\u00e3o profunda mudan\u00e7a na maneira de pensar de t\u00e9cnico brasileiro atual \u00e9 demais.<\/p>\n<p>J\u00e1 foi um avan\u00e7o, ditado pelas circunst\u00e2ncias, a presen\u00e7a de Tardelli em vez de um centroavant\u00e3o de of\u00edcio l\u00e1 na frente. E Tardelli fez bem seu papel, movimentado-se muito, participando das trocas de bola e tal e cousa e lousa e maripousa.<\/p>\n<p>Meno male.<\/p>\n","protected":false},"excerpt":{"rendered":"<p>E, j\u00e1 aos 37 minutos do segundo tempo, quando a coisa ainda estava ensebada, chama o Neymar. Na cobran\u00e7a de falta que n\u00e3o houve, pois <a class=\"read-more\" href=\"https:\/\/blogs.gazetaesportiva.com\/albertohelena\/2014\/09\/06\/chama-o-neymar\/\">leia mais<\/a><\/p>\n","protected":false},"author":46,"featured_media":812,"comment_status":"open","ping_status":"open","sticky":false,"template":"","format":"standard","meta":{"_jetpack_newsletter_access":"","_jetpack_dont_email_post_to_subs":false,"_jetpack_newsletter_tier_id":0,"_jetpack_memberships_contains_paywalled_content":false,"_jetpack_memberships_contains_paid_content":false,"footnotes":""},"categories":[1],"tags":[],"class_list":["post-809","post","type-post","status-publish","format-standard","has-post-thumbnail","hentry","category-sem-categoria"],"jetpack_featured_media_url":"https:\/\/blogs.gazetaesportiva.com\/albertohelena\/files\/2014\/09\/blogneymar2_mowa1.jpg","jetpack_sharing_enabled":true,"jetpack_shortlink":"https:\/\/wp.me\/pekB7q-d3","_links":{"self":[{"href":"https:\/\/blogs.gazetaesportiva.com\/albertohelena\/wp-json\/wp\/v2\/posts\/809","targetHints":{"allow":["GET"]}}],"collection":[{"href":"https:\/\/blogs.gazetaesportiva.com\/albertohelena\/wp-json\/wp\/v2\/posts"}],"about":[{"href":"https:\/\/blogs.gazetaesportiva.com\/albertohelena\/wp-json\/wp\/v2\/types\/post"}],"author":[{"embeddable":true,"href":"https:\/\/blogs.gazetaesportiva.com\/albertohelena\/wp-json\/wp\/v2\/users\/46"}],"replies":[{"embeddable":true,"href":"https:\/\/blogs.gazetaesportiva.com\/albertohelena\/wp-json\/wp\/v2\/comments?post=809"}],"version-history":[{"count":0,"href":"https:\/\/blogs.gazetaesportiva.com\/albertohelena\/wp-json\/wp\/v2\/posts\/809\/revisions"}],"wp:featuredmedia":[{"embeddable":true,"href":"https:\/\/blogs.gazetaesportiva.com\/albertohelena\/wp-json\/wp\/v2\/media\/812"}],"wp:attachment":[{"href":"https:\/\/blogs.gazetaesportiva.com\/albertohelena\/wp-json\/wp\/v2\/media?parent=809"}],"wp:term":[{"taxonomy":"category","embeddable":true,"href":"https:\/\/blogs.gazetaesportiva.com\/albertohelena\/wp-json\/wp\/v2\/categories?post=809"},{"taxonomy":"post_tag","embeddable":true,"href":"https:\/\/blogs.gazetaesportiva.com\/albertohelena\/wp-json\/wp\/v2\/tags?post=809"}],"curies":[{"name":"wp","href":"https:\/\/api.w.org\/{rel}","templated":true}]}}