{"id":804,"date":"2014-09-05T19:02:58","date_gmt":"2014-09-05T22:02:58","guid":{"rendered":"https:\/\/blogs.gazetaesportiva.com\/albertohelena\/?p=804"},"modified":"2014-09-05T19:11:03","modified_gmt":"2014-09-05T22:11:03","slug":"patricia-e-a-massa","status":"publish","type":"post","link":"https:\/\/blogs.gazetaesportiva.com\/albertohelena\/2014\/09\/05\/patricia-e-a-massa\/","title":{"rendered":"Patr\u00edcia e a massa"},"content":{"rendered":"<p><a href=\"https:\/\/blogs.gazetaesportiva.com\/albertohelena\/files\/2014\/09\/foto_racismo-800.jpg\"><img loading=\"lazy\" decoding=\"async\" data-attachment-id=\"806\" data-permalink=\"https:\/\/blogs.gazetaesportiva.com\/albertohelena\/2014\/09\/05\/patricia-e-a-massa\/foto_racismo-800\/\" data-orig-file=\"https:\/\/blogs.gazetaesportiva.com\/albertohelena\/files\/2014\/09\/foto_racismo-800.jpg\" data-orig-size=\"800,533\" data-comments-opened=\"1\" data-image-meta=\"{&quot;aperture&quot;:&quot;0&quot;,&quot;credit&quot;:&quot;&quot;,&quot;camera&quot;:&quot;&quot;,&quot;caption&quot;:&quot;&quot;,&quot;created_timestamp&quot;:&quot;0&quot;,&quot;copyright&quot;:&quot;&quot;,&quot;focal_length&quot;:&quot;0&quot;,&quot;iso&quot;:&quot;0&quot;,&quot;shutter_speed&quot;:&quot;0&quot;,&quot;title&quot;:&quot;&quot;}\" data-image-title=\"\" data-image-description=\"\" data-image-caption=\"\" data-medium-file=\"https:\/\/blogs.gazetaesportiva.com\/albertohelena\/files\/2014\/09\/foto_racismo-800.jpg\" data-large-file=\"https:\/\/blogs.gazetaesportiva.com\/albertohelena\/files\/2014\/09\/foto_racismo-800.jpg\" class=\"aligncenter size-full wp-image-806\" alt=\"\" src=\"https:\/\/blogs.gazetaesportiva.com\/albertohelena\/files\/2014\/09\/foto_racismo-800.jpg\" width=\"800\" height=\"533\" \/><\/a>N\u00e3o tenho d\u00favidas de que a menina do macaco acredita mesmo n\u00e3o ser racista no conv\u00edvio com as outras pessoas no dia a dia. Apenas foi na onda de protestos. Tanto, que seus amigos, parentes e conhecidos se surpreenderam com aquela rea\u00e7\u00e3o da mo\u00e7a no est\u00e1dio. Poucos s\u00e3o os racistas que elaboram esse sentimento a ponto de racionaliz\u00e1-lo e adotar at\u00e9 m\u00e9todos de conduta nos seus relacionamentos do cotidiano. Isso \u00e9 coisa para os Goebels de botequim, que, depois de umas e outras, passam a discursar contra negros, judeus, mulheres, gays e outros bichos. O racismo e demais discrimina\u00e7\u00f5es, em geral, latejam subjacentes no fundo do inconsciente humano e s\u00f3 afloram quando tocados pela paix\u00e3o repentina. Mais da metade da fala p\u00fablica da mo\u00e7a foi uma apaixonada declara\u00e7\u00e3o de amor ao seu clube de cora\u00e7\u00e3o \u2013 o Gr\u00eamio. O resto dividiu-se entre a nega\u00e7\u00e3o de sua condi\u00e7\u00e3o de racista e os pedidos de desculpas ao goleiro Aranha, alvo dos xingamentos. Portanto, a paix\u00e3o club\u00edstica, ferida em seus brios pela derrota iminente, foi o gatilho que detonou a rea\u00e7\u00e3o racista, no caso. Poderia ter sido, por exemplo, judeu sujo, se Aranha se chamasse Goldberg, ou veado, se o goleir\u00e3o santista tivesse outras prefer\u00eancias sexuais, e assim por diante. Mas, jamais seria a Patr\u00edcia, a cidad\u00e3, que o faria na rua, cara a cara com seu imagin\u00e1rio desafeto. Nem tanto por medo do revide f\u00edsico. Mas, porque, nessas circunst\u00e2ncias, quem estaria ali seria a Patr\u00edcia, a pessoa, o indiv\u00edduo, o singular. Quando, por\u00e9m, o indiv\u00edduo vira massa, sai de baixo! Ele deixa de ser touro para ser manada, que, a qualquer momento pode desembestar sem olhar em sobre quem pisa. Anos atr\u00e1s, num papo legal com o Belluzzo, ex-presidente do Palmeiras, economista renomado, acad\u00eamico de peso, refinado intelectual, homem de tantas leituras e saberes, ele me revelava seu espanto com a seguinte cena: Belluzzo e alguns de seus pares,professores universit\u00e1rios, fil\u00f3sofos, escritores, a mais fina estirpe da intelectualidade paulista, todos palestrinos de pai pra filho, foram assistir a um jogo de seu time. Num dado momento, Belluzzo olhou para si e os companheiros e o que viu? Uma horda de lun\u00e1ticos, descabelados, olhos r\u00fatilos, xingando o juiz, os bandeirinhas, os jogadores, o t\u00e9cnico, claro, Marx e Keynes, Celso Furtado e Roberto Campos, loucos pra sair na porrada com o primeiro advers\u00e1rio que cruzasse seu caminho. N\u00e3o, n\u00e3o, meu amigo, n\u00e3o estou aqui, com essa conversinha toda, tentando eximir a Patr\u00edcia de seu vil comportamento no campo do Gr\u00eamio. Nada disso. Todo cidad\u00e3o, inclusive a mo\u00e7a, deve responder por seus crimes perante a lei, com as devidas atenuantes e agravantes que os magistrados julgarem cab\u00edveis em cada caso. O que estou querendo dizer \u00e9 que nem mesmo a educa\u00e7\u00e3o formal neste pa\u00eds basta para construir um aut\u00eantico cidad\u00e3o, capaz de controlar seus instintos e de se manter \u00edntegro como tal mesmo quando se transforma em massa. (vale lembrar que Patr\u00edcia \u00e9 dentista, portanto, algu\u00e9m com diploma de n\u00edvel superior na parede). Essa massa que hoje lincha publicamente a Patr\u00edcia,via redes sociais e nas ruas, e, que, desgra\u00e7adamente, em outras circunst\u00e2ncias estaria repetindo o mesmo ato abjeto, ou similar. Massa \u00e9 massa, algo informe, desprovida de racionalidade, passional e sempre conduzida ao inferno pelo estalo do chicote de uma palavra de ordem qualquer. Povo \u00e9 outra hist\u00f3ria. Mas, essa sutil diferen\u00e7a \u00e9 coisa que foi pro belel\u00e9u h\u00e1 muito tempo.<\/p>\n","protected":false},"excerpt":{"rendered":"<p>N\u00e3o tenho d\u00favidas de que a menina do macaco acredita mesmo n\u00e3o ser racista no conv\u00edvio com as outras pessoas no dia a dia. Apenas <a class=\"read-more\" href=\"https:\/\/blogs.gazetaesportiva.com\/albertohelena\/2014\/09\/05\/patricia-e-a-massa\/\">leia mais<\/a><\/p>\n","protected":false},"author":3,"featured_media":806,"comment_status":"open","ping_status":"open","sticky":false,"template":"","format":"standard","meta":{"_jetpack_newsletter_access":"","_jetpack_dont_email_post_to_subs":false,"_jetpack_newsletter_tier_id":0,"_jetpack_memberships_contains_paywalled_content":false,"_jetpack_memberships_contains_paid_content":false,"footnotes":""},"categories":[1],"tags":[],"class_list":["post-804","post","type-post","status-publish","format-standard","has-post-thumbnail","hentry","category-sem-categoria"],"jetpack_featured_media_url":"https:\/\/blogs.gazetaesportiva.com\/albertohelena\/files\/2014\/09\/foto_racismo-800.jpg","jetpack_sharing_enabled":true,"jetpack_shortlink":"https:\/\/wp.me\/pekB7q-cY","_links":{"self":[{"href":"https:\/\/blogs.gazetaesportiva.com\/albertohelena\/wp-json\/wp\/v2\/posts\/804","targetHints":{"allow":["GET"]}}],"collection":[{"href":"https:\/\/blogs.gazetaesportiva.com\/albertohelena\/wp-json\/wp\/v2\/posts"}],"about":[{"href":"https:\/\/blogs.gazetaesportiva.com\/albertohelena\/wp-json\/wp\/v2\/types\/post"}],"author":[{"embeddable":true,"href":"https:\/\/blogs.gazetaesportiva.com\/albertohelena\/wp-json\/wp\/v2\/users\/3"}],"replies":[{"embeddable":true,"href":"https:\/\/blogs.gazetaesportiva.com\/albertohelena\/wp-json\/wp\/v2\/comments?post=804"}],"version-history":[{"count":0,"href":"https:\/\/blogs.gazetaesportiva.com\/albertohelena\/wp-json\/wp\/v2\/posts\/804\/revisions"}],"wp:featuredmedia":[{"embeddable":true,"href":"https:\/\/blogs.gazetaesportiva.com\/albertohelena\/wp-json\/wp\/v2\/media\/806"}],"wp:attachment":[{"href":"https:\/\/blogs.gazetaesportiva.com\/albertohelena\/wp-json\/wp\/v2\/media?parent=804"}],"wp:term":[{"taxonomy":"category","embeddable":true,"href":"https:\/\/blogs.gazetaesportiva.com\/albertohelena\/wp-json\/wp\/v2\/categories?post=804"},{"taxonomy":"post_tag","embeddable":true,"href":"https:\/\/blogs.gazetaesportiva.com\/albertohelena\/wp-json\/wp\/v2\/tags?post=804"}],"curies":[{"name":"wp","href":"https:\/\/api.w.org\/{rel}","templated":true}]}}