{"id":799,"date":"2014-09-04T22:20:45","date_gmt":"2014-09-05T01:20:45","guid":{"rendered":"https:\/\/blogs.gazetaesportiva.com\/albertohelena\/?p=799"},"modified":"2014-09-04T22:53:49","modified_gmt":"2014-09-05T01:53:49","slug":"galo-sem-surpresas","status":"publish","type":"post","link":"https:\/\/blogs.gazetaesportiva.com\/albertohelena\/2014\/09\/04\/galo-sem-surpresas\/","title":{"rendered":"Galo, sem surpresas"},"content":{"rendered":"<figure id=\"attachment_801\" aria-describedby=\"caption-attachment-801\" style=\"width: 640px\" class=\"wp-caption aligncenter\"><a href=\"https:\/\/blogs.gazetaesportiva.com\/albertohelena\/files\/2014\/09\/galo-palmeiras-blog-helena.jpg\"><img loading=\"lazy\" decoding=\"async\" data-attachment-id=\"801\" data-permalink=\"https:\/\/blogs.gazetaesportiva.com\/albertohelena\/2014\/09\/04\/galo-sem-surpresas\/galo-palmeiras-blog-helena\/\" data-orig-file=\"https:\/\/blogs.gazetaesportiva.com\/albertohelena\/files\/2014\/09\/galo-palmeiras-blog-helena.jpg\" data-orig-size=\"640,373\" data-comments-opened=\"1\" data-image-meta=\"{&quot;aperture&quot;:&quot;0&quot;,&quot;credit&quot;:&quot;&quot;,&quot;camera&quot;:&quot;&quot;,&quot;caption&quot;:&quot;&quot;,&quot;created_timestamp&quot;:&quot;0&quot;,&quot;copyright&quot;:&quot;&quot;,&quot;focal_length&quot;:&quot;0&quot;,&quot;iso&quot;:&quot;0&quot;,&quot;shutter_speed&quot;:&quot;0&quot;,&quot;title&quot;:&quot;&quot;}\" data-image-title=\"galo-palmeiras-blog-helena\" data-image-description=\"&lt;p&gt;Foto: Bruno Cantini\/CAM&lt;\/p&gt;\n\" data-image-caption=\"\" data-medium-file=\"https:\/\/blogs.gazetaesportiva.com\/albertohelena\/files\/2014\/09\/galo-palmeiras-blog-helena.jpg\" data-large-file=\"https:\/\/blogs.gazetaesportiva.com\/albertohelena\/files\/2014\/09\/galo-palmeiras-blog-helena.jpg\" class=\"size-full wp-image-801\" alt=\"Foto: Bruno Cantini\/CAM\" src=\"https:\/\/blogs.gazetaesportiva.com\/albertohelena\/files\/2014\/09\/galo-palmeiras-blog-helena.jpg\" width=\"640\" height=\"373\" \/><\/a><figcaption id=\"caption-attachment-801\" class=\"wp-caption-text\">Foto: Bruno Cantini\/CAM<\/figcaption><\/figure>\n<p>Aqui, n\u00e3o houve surpresa alguma, como, por exemplo, a sensacional virada do Botafogo sobre o Cear\u00e1, por 4 a 3, ontem, que, por conta de um apag\u00e3o, deixei de registrar neste peda\u00e7o: o Galo, que j\u00e1 havia batido o Palmeiras no Pacaembu, por 1 a 0, dobrou o placar no Independ\u00eancia, com Jameson e Luan, o melhor em campo.<\/p>\n<p>E olhe que foi com o time reserva que o Atl\u00e9tico passou pelo Palmeiras e chegou \u00e0s quartas de final da Copa do Brasil, encorpando ainda mais essa fase que amea\u00e7ava definhar antes desta rodada.<\/p>\n<p>Foram dois gols logo de in\u00edcio de bola rolando, entre os 13 e os 17 minutos, o que desmontou de vez esse Palmeiras t\u00e3o fragilizado por tudo que vem ocorrendo ao seu redor e em suas entranhas.<\/p>\n<p>O Galo foi melhor o tempo todo, a n\u00e3o ser num breve per\u00edodo do segundo tempo, quando o jogo ganhou intensidade e a bola ia e vinha com rapidez, de \u00e1rea a \u00e1rea. Tanto, que o juiz nem conseguia acompanhar esse vaiv\u00e9m e deixou de apitar um p\u00eanalti de Juninho em Alex.<\/p>\n<p>E, como no Brasileir\u00e3o o caminho est\u00e1 dif\u00edcil para os mineiros chegarem \u00e0 zona da Libertadores, esta Copa do Brasil ganhou mais significado ainda para eles.<\/p>\n<p>Quanto ao Palmeiras, resta a Dorival Jr. arrega\u00e7ar as mangas e se munir na primeira farm\u00e1cia \u00e0 vista de algumas caixas de aspirina, pois transformar esse escombro de time em uma obra acabada, nem que seja modesta, mas funcional, n\u00e3o vai ser mole, meu.<\/p>\n","protected":false},"excerpt":{"rendered":"<p>Aqui, n\u00e3o houve surpresa alguma, como, por exemplo, a sensacional virada do Botafogo sobre o Cear\u00e1, por 4 a 3, ontem, que, por conta de <a class=\"read-more\" href=\"https:\/\/blogs.gazetaesportiva.com\/albertohelena\/2014\/09\/04\/galo-sem-surpresas\/\">leia mais<\/a><\/p>\n","protected":false},"author":46,"featured_media":801,"comment_status":"open","ping_status":"open","sticky":false,"template":"","format":"standard","meta":{"_jetpack_newsletter_access":"","_jetpack_dont_email_post_to_subs":false,"_jetpack_newsletter_tier_id":0,"_jetpack_memberships_contains_paywalled_content":false,"_jetpack_memberships_contains_paid_content":false,"footnotes":""},"categories":[1],"tags":[],"class_list":["post-799","post","type-post","status-publish","format-standard","has-post-thumbnail","hentry","category-sem-categoria"],"jetpack_featured_media_url":"https:\/\/blogs.gazetaesportiva.com\/albertohelena\/files\/2014\/09\/galo-palmeiras-blog-helena.jpg","jetpack_sharing_enabled":true,"jetpack_shortlink":"https:\/\/wp.me\/pekB7q-cT","_links":{"self":[{"href":"https:\/\/blogs.gazetaesportiva.com\/albertohelena\/wp-json\/wp\/v2\/posts\/799","targetHints":{"allow":["GET"]}}],"collection":[{"href":"https:\/\/blogs.gazetaesportiva.com\/albertohelena\/wp-json\/wp\/v2\/posts"}],"about":[{"href":"https:\/\/blogs.gazetaesportiva.com\/albertohelena\/wp-json\/wp\/v2\/types\/post"}],"author":[{"embeddable":true,"href":"https:\/\/blogs.gazetaesportiva.com\/albertohelena\/wp-json\/wp\/v2\/users\/46"}],"replies":[{"embeddable":true,"href":"https:\/\/blogs.gazetaesportiva.com\/albertohelena\/wp-json\/wp\/v2\/comments?post=799"}],"version-history":[{"count":0,"href":"https:\/\/blogs.gazetaesportiva.com\/albertohelena\/wp-json\/wp\/v2\/posts\/799\/revisions"}],"wp:featuredmedia":[{"embeddable":true,"href":"https:\/\/blogs.gazetaesportiva.com\/albertohelena\/wp-json\/wp\/v2\/media\/801"}],"wp:attachment":[{"href":"https:\/\/blogs.gazetaesportiva.com\/albertohelena\/wp-json\/wp\/v2\/media?parent=799"}],"wp:term":[{"taxonomy":"category","embeddable":true,"href":"https:\/\/blogs.gazetaesportiva.com\/albertohelena\/wp-json\/wp\/v2\/categories?post=799"},{"taxonomy":"post_tag","embeddable":true,"href":"https:\/\/blogs.gazetaesportiva.com\/albertohelena\/wp-json\/wp\/v2\/tags?post=799"}],"curies":[{"name":"wp","href":"https:\/\/api.w.org\/{rel}","templated":true}]}}