{"id":791,"date":"2014-09-04T19:06:15","date_gmt":"2014-09-04T22:06:15","guid":{"rendered":"https:\/\/blogs.gazetaesportiva.com\/albertohelena\/?p=791"},"modified":"2014-09-04T19:44:17","modified_gmt":"2014-09-04T22:44:17","slug":"dunga-boas-e-mas-falas","status":"publish","type":"post","link":"https:\/\/blogs.gazetaesportiva.com\/albertohelena\/2014\/09\/04\/dunga-boas-e-mas-falas\/","title":{"rendered":"Dunga, boas (e m\u00e1s) falas"},"content":{"rendered":"<figure id=\"attachment_797\" aria-describedby=\"caption-attachment-797\" style=\"width: 640px\" class=\"wp-caption aligncenter\"><a href=\"https:\/\/blogs.gazetaesportiva.com\/albertohelena\/files\/2014\/09\/helena3.jpg\"><img loading=\"lazy\" decoding=\"async\" data-attachment-id=\"797\" data-permalink=\"https:\/\/blogs.gazetaesportiva.com\/albertohelena\/2014\/09\/04\/dunga-boas-e-mas-falas\/helena-26\/\" data-orig-file=\"https:\/\/blogs.gazetaesportiva.com\/albertohelena\/files\/2014\/09\/helena3.jpg\" data-orig-size=\"640,444\" data-comments-opened=\"1\" data-image-meta=\"{&quot;aperture&quot;:&quot;0&quot;,&quot;credit&quot;:&quot;&quot;,&quot;camera&quot;:&quot;&quot;,&quot;caption&quot;:&quot;&quot;,&quot;created_timestamp&quot;:&quot;0&quot;,&quot;copyright&quot;:&quot;&quot;,&quot;focal_length&quot;:&quot;0&quot;,&quot;iso&quot;:&quot;0&quot;,&quot;shutter_speed&quot;:&quot;0&quot;,&quot;title&quot;:&quot;&quot;}\" data-image-title=\"helena\" data-image-description=\"\" data-image-caption=\"&lt;p&gt;Mowa Press&lt;\/p&gt;\n\" data-medium-file=\"https:\/\/blogs.gazetaesportiva.com\/albertohelena\/files\/2014\/09\/helena3.jpg\" data-large-file=\"https:\/\/blogs.gazetaesportiva.com\/albertohelena\/files\/2014\/09\/helena3.jpg\" class=\"size-full wp-image-797\" alt=\"Mowa Press\" src=\"https:\/\/blogs.gazetaesportiva.com\/albertohelena\/files\/2014\/09\/helena3.jpg\" width=\"640\" height=\"444\" \/><\/a><figcaption id=\"caption-attachment-797\" class=\"wp-caption-text\">Mowa Press<\/figcaption><\/figure>\n<p>Dunga anuncia o time que far\u00e1 seu primeiro amistoso depois do fracasso retumbante Da Copa. Re-tum-bante&#8230;gosto desta palavrinha que ressoa pelas galerias do est\u00e1dio como eco de um tempo remoto.<\/p>\n<p>Mas, voltando \u00e0 vaca fria, um time que tem l\u00e1 uma p\u00e1 de jogadores que participaram do fracasso felipinesco, com duas pequenas altera\u00e7\u00f5es que podem vir a ser fundamentais no estilo de jogo do novo Brasil: dois meias de habilidade \u2013 William e Oscar \u2013 e dois atacantes talentosos e velozes \u2013 Neymar e Tardelli -, sem nenhum centroavante de of\u00edcio, daqueles que pouco contribuem para o toque de bola coletivo da equipe.<\/p>\n<p>Se vai dar certo j\u00e1 contra a Col\u00f4mbia, n\u00e3o sei. \u00c9 pouco tempo de prepara\u00e7\u00e3o. E depende de como Dunga postar a equipe em campo. Por exemplo: se vai manter aquela linha de zaga l\u00e1 atr\u00e1s, distante do meio de campo que, por sua vez, n\u00e3o se aproxima dos atacantes, como se costuma jogar por aqui, ou se tentar\u00e1 compactar a equipe mais \u00e0 frente, sempre correndo o risco de um contragolpe, na base de quem n\u00e3o arrisca n\u00e3o petisca.<\/p>\n<p>Ou, se pensando na velocidade dos homens da frente preferir\u00e1 fechar a casinha e explorar eventuais contra-ataques, como tamb\u00e9m \u00e9 de h\u00e1bito entre n\u00f3s.<\/p>\n<p>Mas, o fato \u00e9 que Dunga leva tamb\u00e9m tais mudan\u00e7as para seu discurso tradicional: precisamos jogar bonito e tal e cousa e lousa e maripousa. Boas novas! Ou ser\u00e1 apenas a velha pr\u00e1tica de passar mel na boca dos eternos descontentes?<\/p>\n<p>S\u00f3 o jogo e o tempo nos dir\u00e3o.<\/p>\n<p>De qualquer forma, j\u00e1 \u00e9 algo animador, pois esse \u00e9 o \u00fanico tipo de mudan\u00e7a que se pode esperar depois da trag\u00e9dia do Mineir\u00e3o e do Maracan\u00e3, j\u00e1 que aquelas todas que mexem com a estrutura do nosso futebol, esque\u00e7a.<\/p>\n<p>Com esse povinho de cartola que est\u00e1 l\u00e1, elas nunca vir\u00e3o.<\/p>\n<p><b>Dunga e os tr\u00eas beques<\/b><\/p>\n<p>Na sua fala de hoje, Dunga, por outro lado, amea\u00e7a com a hist\u00f3ria dos tr\u00eas zagueiros, que muitos (eu, primeir\u00e3o!) consideram ultrapassados, recurso utilizado pela Holanda na Copa do Mundo.<\/p>\n<p>\u00c9 verdade. Van Gaal recorreu a esse truque e a Holanda nunca dependeu tanto de um craque l\u00e1 na frente para cobrir todos os demais defeitos da equipe como um todo. Falo, claro, de Robben, que carregou seu pa\u00eds nas costas at\u00e9 \u00e0 semifinal, sem que a Holanda mostrasse aquele jogo encantador de outros tempos. A n\u00e3o ser naquele tempo arrasador contra uma Espanha j\u00e1 em decl\u00ednio, como se comprovou em seguida.<\/p>\n<p>Ali\u00e1s, agora mesmo os tr\u00eas zagueiros de Van Gaal est\u00e3o ajudando a afundar o grande Manchester United, que s\u00f3 leva biaba no Campeonato Ingl\u00eas e nos amistosos que o precederam.<\/p>\n<p>At\u00e9 mesmo Pep Guardiola, por n\u00e3o poder contar com alguns titulares, como Schweinsteiger, Robben, Rib\u00e9ry e Boateng, andou levando pau ao escalar seu Bayern com essa forma\u00e7\u00e3o,<\/p>\n<p>Ali\u00e1s, Guardiola, de quem sou f\u00e3, fez tal mix\u00f3rdia no Bayern, passando Alaba, o melhor lateral-esquerdo do mundo, para o meio de campo e outros bichos que os resultados a\u00ed est\u00e3o pra quem quiser ver.<\/p>\n<p>E n\u00e3o me refiro aos n\u00fameros estampados pelo placar, mas \u00e0 forma de o time jogar.<\/p>\n<p>S\u00f3 espero que Dunga n\u00e3o caia nessa tenta\u00e7\u00e3o.<\/p>\n","protected":false},"excerpt":{"rendered":"<p>Dunga anuncia o time que far\u00e1 seu primeiro amistoso depois do fracasso retumbante Da Copa. Re-tum-bante&#8230;gosto desta palavrinha que ressoa pelas galerias do est\u00e1dio como <a class=\"read-more\" href=\"https:\/\/blogs.gazetaesportiva.com\/albertohelena\/2014\/09\/04\/dunga-boas-e-mas-falas\/\">leia mais<\/a><\/p>\n","protected":false},"author":46,"featured_media":797,"comment_status":"open","ping_status":"open","sticky":false,"template":"","format":"standard","meta":{"_jetpack_newsletter_access":"","_jetpack_dont_email_post_to_subs":false,"_jetpack_newsletter_tier_id":0,"_jetpack_memberships_contains_paywalled_content":false,"_jetpack_memberships_contains_paid_content":false,"footnotes":""},"categories":[1],"tags":[],"class_list":["post-791","post","type-post","status-publish","format-standard","has-post-thumbnail","hentry","category-sem-categoria"],"jetpack_featured_media_url":"https:\/\/blogs.gazetaesportiva.com\/albertohelena\/files\/2014\/09\/helena3.jpg","jetpack_sharing_enabled":true,"jetpack_shortlink":"https:\/\/wp.me\/pekB7q-cL","_links":{"self":[{"href":"https:\/\/blogs.gazetaesportiva.com\/albertohelena\/wp-json\/wp\/v2\/posts\/791","targetHints":{"allow":["GET"]}}],"collection":[{"href":"https:\/\/blogs.gazetaesportiva.com\/albertohelena\/wp-json\/wp\/v2\/posts"}],"about":[{"href":"https:\/\/blogs.gazetaesportiva.com\/albertohelena\/wp-json\/wp\/v2\/types\/post"}],"author":[{"embeddable":true,"href":"https:\/\/blogs.gazetaesportiva.com\/albertohelena\/wp-json\/wp\/v2\/users\/46"}],"replies":[{"embeddable":true,"href":"https:\/\/blogs.gazetaesportiva.com\/albertohelena\/wp-json\/wp\/v2\/comments?post=791"}],"version-history":[{"count":0,"href":"https:\/\/blogs.gazetaesportiva.com\/albertohelena\/wp-json\/wp\/v2\/posts\/791\/revisions"}],"wp:featuredmedia":[{"embeddable":true,"href":"https:\/\/blogs.gazetaesportiva.com\/albertohelena\/wp-json\/wp\/v2\/media\/797"}],"wp:attachment":[{"href":"https:\/\/blogs.gazetaesportiva.com\/albertohelena\/wp-json\/wp\/v2\/media?parent=791"}],"wp:term":[{"taxonomy":"category","embeddable":true,"href":"https:\/\/blogs.gazetaesportiva.com\/albertohelena\/wp-json\/wp\/v2\/categories?post=791"},{"taxonomy":"post_tag","embeddable":true,"href":"https:\/\/blogs.gazetaesportiva.com\/albertohelena\/wp-json\/wp\/v2\/tags?post=791"}],"curies":[{"name":"wp","href":"https:\/\/api.w.org\/{rel}","templated":true}]}}