{"id":787,"date":"2014-09-04T14:55:00","date_gmt":"2014-09-04T17:55:00","guid":{"rendered":"https:\/\/blogs.gazetaesportiva.com\/albertohelena\/?p=787"},"modified":"2014-09-04T14:55:35","modified_gmt":"2014-09-04T17:55:35","slug":"pena-branda-para-tal-crime","status":"publish","type":"post","link":"https:\/\/blogs.gazetaesportiva.com\/albertohelena\/2014\/09\/04\/pena-branda-para-tal-crime\/","title":{"rendered":"Pena branda para tal crime"},"content":{"rendered":"<p>&nbsp;<\/p>\n<p>A puni\u00e7\u00e3o severa ao Gr\u00eamio est\u00e1 dando o que falar. Ali\u00e1s, fala-se muito e age-se pouco neste pa\u00eds da impunidade, como bem disse Oswaldo Oliveira a respeito do epis\u00f3dio de racismo no campo do Gr\u00eamio (nego-me a chamar est\u00e1dio de futebol de arena, com todo respeito), e que foi mal interpretado por muita gente.<\/p>\n<p>Se a pena \u00e9 excessiva ou n\u00e3o \u00e9 raz\u00e3o pra debates. Se o clube deve arcar com os crimes praticados (racismo no Brasil \u00e9 crime) por seus torcedores \u00e9 outra quest\u00e3o. Por fim, vale discutir a proced\u00eancia desses tribunais esportivos que se espalham pelo Brasil afora.<\/p>\n<p>O fato \u00e9 que houve mesmo, comprovadamente, atos de racismo e, segundo o STJD, entidade legalmente constitu\u00edda, a pena aplicada est\u00e1 explicitada no c\u00f3digo de leis esportivas vigentes no pa\u00eds. Logo, cumpra-se a lei.<\/p>\n<p>Claro, sempre haver\u00e1 espa\u00e7o para recursos, e o Gr\u00eamio deve buscar o que ele julga ser seu direito pelas vias legais que lhe sobrarem at\u00e9 a \u00faltima inst\u00e2ncia.<\/p>\n<p>Quanto \u00e0 validade dos tais tribunais esportivos, lembro um almo\u00e7o com o atual ministro dos Esportes, Aldo Rebelo, ent\u00e3o, apenas deputado federal que elaborava projeto de lei para os esportes. Isso foi h\u00e1 uns dez anos, mais ou menos.<\/p>\n<p>Consultado a respeito, disse-lhe \u00e0 \u00e9poca que o melhor seria acabar com os tribunais, suas mordomias e toda essa parafern\u00e1lia jur\u00eddica, substituindo-os por uma comiss\u00e3o disciplinar, baseada num c\u00f3digo de penas, claro, conciso, sem subterf\u00fagios que listasse todas as situa\u00e7\u00f5es de irregularidades poss\u00edveis e imagin\u00e1veis num jogo de futebol.<\/p>\n<p>Para cada situa\u00e7\u00e3o, a pena correspondente, sem tergiversa\u00e7\u00f5es. E que se diferenciassem erros administrativos de irregularidades cometidas em campo. Para erros burocr\u00e1ticos, penas burocr\u00e1ticas, tipo multas etc. Para erros esportivos, penas esportivas \u2013 perda de pontos, suspens\u00f5es de jogadores, t\u00e9cnicos etc.<\/p>\n<p>\u00c9 assim nas grandes e tradicionais democracias europeias, e funciona muito bem.<\/p>\n<p>Isto posto, vamos ao caso presente.<\/p>\n<p>N\u00e3o h\u00e1 presidente de clube de futebol no Brasil que perca a chance de sempre repetir o mesmo mantra: \u201cA torcida \u00e9 o nosso maior patrim\u00f4nio!\u201d<\/p>\n<p>Portanto, nada mais justo que o clube responda pelo seu patrim\u00f4nio, em todas as inst\u00e2ncias. O que significa tamb\u00e9m que \u00e9 dever de of\u00edcio desse presidente buscar na justi\u00e7a o ressarcimento dos preju\u00edzos aos cofres do clube provocados por essa mesma torcida.<\/p>\n<p>O Gr\u00eamio est\u00e1 fazendo isso?<\/p>\n<p>N\u00e3o \u00e9 o que transparece nas palavras do seu diretor, para quem tudo n\u00e3o passou de encena\u00e7\u00e3o do goleiro Aranha.<\/p>\n<p>Por fim, quanto \u00e0 dimens\u00e3o da pena aplicada, depois de meditar muito a respeito, cheguei \u00e0 conclus\u00e3o de que foi at\u00e9 branda demais para o tamanho da monstruosidade cometida.<\/p>\n","protected":false},"excerpt":{"rendered":"<p>&nbsp; A puni\u00e7\u00e3o severa ao Gr\u00eamio est\u00e1 dando o que falar. Ali\u00e1s, fala-se muito e age-se pouco neste pa\u00eds da impunidade, como bem disse Oswaldo <a class=\"read-more\" href=\"https:\/\/blogs.gazetaesportiva.com\/albertohelena\/2014\/09\/04\/pena-branda-para-tal-crime\/\">leia mais<\/a><\/p>\n","protected":false},"author":46,"featured_media":0,"comment_status":"open","ping_status":"open","sticky":false,"template":"","format":"standard","meta":{"_jetpack_newsletter_access":"","_jetpack_dont_email_post_to_subs":false,"_jetpack_newsletter_tier_id":0,"_jetpack_memberships_contains_paywalled_content":false,"_jetpack_memberships_contains_paid_content":false,"footnotes":""},"categories":[1],"tags":[],"class_list":["post-787","post","type-post","status-publish","format-standard","hentry","category-sem-categoria"],"jetpack_featured_media_url":"","jetpack_sharing_enabled":true,"jetpack_shortlink":"https:\/\/wp.me\/pekB7q-cH","_links":{"self":[{"href":"https:\/\/blogs.gazetaesportiva.com\/albertohelena\/wp-json\/wp\/v2\/posts\/787","targetHints":{"allow":["GET"]}}],"collection":[{"href":"https:\/\/blogs.gazetaesportiva.com\/albertohelena\/wp-json\/wp\/v2\/posts"}],"about":[{"href":"https:\/\/blogs.gazetaesportiva.com\/albertohelena\/wp-json\/wp\/v2\/types\/post"}],"author":[{"embeddable":true,"href":"https:\/\/blogs.gazetaesportiva.com\/albertohelena\/wp-json\/wp\/v2\/users\/46"}],"replies":[{"embeddable":true,"href":"https:\/\/blogs.gazetaesportiva.com\/albertohelena\/wp-json\/wp\/v2\/comments?post=787"}],"version-history":[{"count":0,"href":"https:\/\/blogs.gazetaesportiva.com\/albertohelena\/wp-json\/wp\/v2\/posts\/787\/revisions"}],"wp:attachment":[{"href":"https:\/\/blogs.gazetaesportiva.com\/albertohelena\/wp-json\/wp\/v2\/media?parent=787"}],"wp:term":[{"taxonomy":"category","embeddable":true,"href":"https:\/\/blogs.gazetaesportiva.com\/albertohelena\/wp-json\/wp\/v2\/categories?post=787"},{"taxonomy":"post_tag","embeddable":true,"href":"https:\/\/blogs.gazetaesportiva.com\/albertohelena\/wp-json\/wp\/v2\/tags?post=787"}],"curies":[{"name":"wp","href":"https:\/\/api.w.org\/{rel}","templated":true}]}}