{"id":781,"date":"2014-09-04T00:47:39","date_gmt":"2014-09-04T03:47:39","guid":{"rendered":"https:\/\/blogs.gazetaesportiva.com\/albertohelena\/?p=781"},"modified":"2014-09-04T00:50:45","modified_gmt":"2014-09-04T03:50:45","slug":"show-do-timao-na-rodada-de-fogo","status":"publish","type":"post","link":"https:\/\/blogs.gazetaesportiva.com\/albertohelena\/2014\/09\/04\/show-do-timao-na-rodada-de-fogo\/","title":{"rendered":"Show do Tim\u00e3o na rodada de fogo"},"content":{"rendered":"<p>&nbsp;<\/p>\n<figure id=\"attachment_784\" aria-describedby=\"caption-attachment-784\" style=\"width: 640px\" class=\"wp-caption aligncenter\"><a href=\"https:\/\/blogs.gazetaesportiva.com\/albertohelena\/files\/2014\/09\/helena1.jpg\"><img loading=\"lazy\" decoding=\"async\" data-attachment-id=\"784\" data-permalink=\"https:\/\/blogs.gazetaesportiva.com\/albertohelena\/2014\/09\/04\/show-do-timao-na-rodada-de-fogo\/helena-24\/\" data-orig-file=\"https:\/\/blogs.gazetaesportiva.com\/albertohelena\/files\/2014\/09\/helena1.jpg\" data-orig-size=\"640,396\" data-comments-opened=\"1\" data-image-meta=\"{&quot;aperture&quot;:&quot;0&quot;,&quot;credit&quot;:&quot;&quot;,&quot;camera&quot;:&quot;&quot;,&quot;caption&quot;:&quot;&quot;,&quot;created_timestamp&quot;:&quot;0&quot;,&quot;copyright&quot;:&quot;&quot;,&quot;focal_length&quot;:&quot;0&quot;,&quot;iso&quot;:&quot;0&quot;,&quot;shutter_speed&quot;:&quot;0&quot;,&quot;title&quot;:&quot;&quot;}\" data-image-title=\"Sergio Barzaghi\/Gazeta Press\" data-image-description=\"\" data-image-caption=\"\" data-medium-file=\"https:\/\/blogs.gazetaesportiva.com\/albertohelena\/files\/2014\/09\/helena1.jpg\" data-large-file=\"https:\/\/blogs.gazetaesportiva.com\/albertohelena\/files\/2014\/09\/helena1.jpg\" class=\"size-full wp-image-784\" alt=\"Sergio Barzaghi\/Gazeta Press\" src=\"https:\/\/blogs.gazetaesportiva.com\/albertohelena\/files\/2014\/09\/helena1.jpg\" width=\"640\" height=\"396\" \/><\/a><figcaption id=\"caption-attachment-784\" class=\"wp-caption-text\">Sergio Barzaghi\/Gazeta Press<\/figcaption><\/figure>\n<p>Cruzeiro, Flamengo e Corinthians foram os tr\u00eas grandes que passaram para as quartas de final da Copa do Brasil. Mas, o Furac\u00e3o, mesmo vencendo por 2 a 0, acabou sendo desclassificado pelo Am\u00e9rica de Natal, que segue em frente, a exemplo de seu conterr\u00e2neo ABC.<\/p>\n<p>O mais decepcionante foi o Atl\u00e9tico PR que esteve a um passo de levar a decis\u00e3o para os p\u00eanaltis naquele lance final em que at\u00e9 o seu pr\u00f3prio goleiro participou do bate-rebate dentro da pequena \u00e1rea do Am\u00e9rica, em v\u00e3o.<\/p>\n<p>O mais esperado era o Cruzeiro, mesmo com seu time reserva, que, no entanto, teve de se desdobrar no segundo tempo para virar um resultado improv\u00e1vel \u2013 1 a 0 para o Santa Rita. E o fez com um gol de p\u00eanalti (hummm&#8230;) cobrado por J\u00falio Baptista e outro de Marcelo Moreno, em bela investida de Marlone pela direita. E olhe que poderia ter sido de mais, pois a Raposa tomou conta do poleiro durante toda a segunda etapa.<\/p>\n<p>O mais sofrido foi o resultado obtido pelo Flamengo, que entrou em campo j\u00e1 perdendo por 3 a 0 e conseguiu empatar, levando a decis\u00e3o para os p\u00eanaltis, uma sucess\u00e3o de erros dos cobradores e acertos dos goleiros cuja agonia acabou com Leonardo Moura mandando a bola \u00e0s redes do Coritiba.<\/p>\n<p>Vale, por\u00e9m, lembrar que, ao lado da estrela de Luxa, o Flamengo recebeu valiosa m\u00e3ozinha da arbitragem, pois, no tempo normal, um dos dois p\u00eanaltis convertidos por Alecsandro foi bola na m\u00e3o do defensor, n\u00e3o m\u00e3o na bola, como manda a regra, E, na jogada que precedeu o terceiro gol, de Eduardo da Silva, Chic\u00e3o havia cometido p\u00eanalti em Alex que o juiz n\u00e3o deu.<\/p>\n<p>E o mais espetacular foi o show de bola protagonizado pelo Corinthians, nos primeiros 30 minutos de partida, diante do valente Bragantino, num Itaquer\u00e3o em chamas.<\/p>\n<p>Sob o comando de Renato Augusto, um aut\u00eantico meia-armador, desses que voc\u00ea raramente v\u00ea em a\u00e7\u00e3o nos nossos campos h\u00e1 muito tempo, o Tim\u00e3o, que entrou em campo j\u00e1 perdendo por 1 a 0, colocou a bola no ch\u00e3o e cumpriu a melhor exibi\u00e7\u00e3o do ano.<\/p>\n<p>Com Romarinho, Romero e Luciano trocando de posi\u00e7\u00e3o l\u00e1 na frente e os dois laterais, sobretudo F\u00e1bio Santos, atacando muito, durante esse per\u00edodo do jogo, o Corinthians foi avassalador. E, aos 20 minutos j\u00e1 vencia por 3 a 0, com um gola\u00e7o de Renato Augusto, de prima chapeando para as redes cruzamento exato de Romarinho da direita, e de Ralf e Felipe, de cabe\u00e7a, completando escanteios bem cobrados pelo meia dono do jogo.<\/p>\n<p>No segundo tempo, por\u00e9m, voltou ao seu lugar-comum, permitindo ao Braga tomar conta da bola e dos espa\u00e7os, at\u00e9 alcan\u00e7ar seu gol de honra com o beque Guilherme desviando de cabe\u00e7a batida de falta de fora da \u00e1rea.<\/p>\n<p>Resta, agora, esperar quem vem l\u00e1 \u2013 Galo ou Palmeiras, j\u00e1 sob nova dire\u00e7\u00e3o?<\/p>\n<p>Nesta noite de quinta saberemos. De qualquer forma, ser\u00e1 mais um grande clube brasileiro pra deixar a mo\u00e7ada mais aliviada.<\/p>\n","protected":false},"excerpt":{"rendered":"<p>&nbsp; Cruzeiro, Flamengo e Corinthians foram os tr\u00eas grandes que passaram para as quartas de final da Copa do Brasil. Mas, o Furac\u00e3o, mesmo vencendo <a class=\"read-more\" href=\"https:\/\/blogs.gazetaesportiva.com\/albertohelena\/2014\/09\/04\/show-do-timao-na-rodada-de-fogo\/\">leia mais<\/a><\/p>\n","protected":false},"author":46,"featured_media":784,"comment_status":"open","ping_status":"open","sticky":false,"template":"","format":"standard","meta":{"_jetpack_newsletter_access":"","_jetpack_dont_email_post_to_subs":false,"_jetpack_newsletter_tier_id":0,"_jetpack_memberships_contains_paywalled_content":false,"_jetpack_memberships_contains_paid_content":false,"footnotes":""},"categories":[1],"tags":[],"class_list":["post-781","post","type-post","status-publish","format-standard","has-post-thumbnail","hentry","category-sem-categoria"],"jetpack_featured_media_url":"https:\/\/blogs.gazetaesportiva.com\/albertohelena\/files\/2014\/09\/helena1.jpg","jetpack_sharing_enabled":true,"jetpack_shortlink":"https:\/\/wp.me\/pekB7q-cB","_links":{"self":[{"href":"https:\/\/blogs.gazetaesportiva.com\/albertohelena\/wp-json\/wp\/v2\/posts\/781","targetHints":{"allow":["GET"]}}],"collection":[{"href":"https:\/\/blogs.gazetaesportiva.com\/albertohelena\/wp-json\/wp\/v2\/posts"}],"about":[{"href":"https:\/\/blogs.gazetaesportiva.com\/albertohelena\/wp-json\/wp\/v2\/types\/post"}],"author":[{"embeddable":true,"href":"https:\/\/blogs.gazetaesportiva.com\/albertohelena\/wp-json\/wp\/v2\/users\/46"}],"replies":[{"embeddable":true,"href":"https:\/\/blogs.gazetaesportiva.com\/albertohelena\/wp-json\/wp\/v2\/comments?post=781"}],"version-history":[{"count":0,"href":"https:\/\/blogs.gazetaesportiva.com\/albertohelena\/wp-json\/wp\/v2\/posts\/781\/revisions"}],"wp:featuredmedia":[{"embeddable":true,"href":"https:\/\/blogs.gazetaesportiva.com\/albertohelena\/wp-json\/wp\/v2\/media\/784"}],"wp:attachment":[{"href":"https:\/\/blogs.gazetaesportiva.com\/albertohelena\/wp-json\/wp\/v2\/media?parent=781"}],"wp:term":[{"taxonomy":"category","embeddable":true,"href":"https:\/\/blogs.gazetaesportiva.com\/albertohelena\/wp-json\/wp\/v2\/categories?post=781"},{"taxonomy":"post_tag","embeddable":true,"href":"https:\/\/blogs.gazetaesportiva.com\/albertohelena\/wp-json\/wp\/v2\/tags?post=781"}],"curies":[{"name":"wp","href":"https:\/\/api.w.org\/{rel}","templated":true}]}}