{"id":778,"date":"2014-09-03T18:24:44","date_gmt":"2014-09-03T21:24:44","guid":{"rendered":"https:\/\/blogs.gazetaesportiva.com\/albertohelena\/?p=778"},"modified":"2014-09-03T18:33:50","modified_gmt":"2014-09-03T21:33:50","slug":"apagao-di-maria","status":"publish","type":"post","link":"https:\/\/blogs.gazetaesportiva.com\/albertohelena\/2014\/09\/03\/apagao-di-maria\/","title":{"rendered":"Apag\u00e3o Di Maria"},"content":{"rendered":"<figure id=\"attachment_779\" aria-describedby=\"caption-attachment-779\" style=\"width: 640px\" class=\"wp-caption aligncenter\"><a href=\"https:\/\/blogs.gazetaesportiva.com\/albertohelena\/files\/2014\/09\/dimaria.jpg\"><img loading=\"lazy\" decoding=\"async\" data-attachment-id=\"779\" data-permalink=\"https:\/\/blogs.gazetaesportiva.com\/albertohelena\/2014\/09\/03\/apagao-di-maria\/dimaria\/\" data-orig-file=\"https:\/\/blogs.gazetaesportiva.com\/albertohelena\/files\/2014\/09\/dimaria.jpg\" data-orig-size=\"640,304\" data-comments-opened=\"1\" data-image-meta=\"{&quot;aperture&quot;:&quot;0&quot;,&quot;credit&quot;:&quot;&quot;,&quot;camera&quot;:&quot;&quot;,&quot;caption&quot;:&quot;&quot;,&quot;created_timestamp&quot;:&quot;0&quot;,&quot;copyright&quot;:&quot;&quot;,&quot;focal_length&quot;:&quot;0&quot;,&quot;iso&quot;:&quot;0&quot;,&quot;shutter_speed&quot;:&quot;0&quot;,&quot;title&quot;:&quot;&quot;}\" data-image-title=\"AFP\" data-image-description=\"\" data-image-caption=\"&lt;p&gt;AFP&lt;\/p&gt;\n\" data-medium-file=\"https:\/\/blogs.gazetaesportiva.com\/albertohelena\/files\/2014\/09\/dimaria.jpg\" data-large-file=\"https:\/\/blogs.gazetaesportiva.com\/albertohelena\/files\/2014\/09\/dimaria.jpg\" class=\"size-full wp-image-779\" alt=\"AFP\" src=\"https:\/\/blogs.gazetaesportiva.com\/albertohelena\/files\/2014\/09\/dimaria.jpg\" width=\"640\" height=\"304\" \/><\/a><figcaption id=\"caption-attachment-779\" class=\"wp-caption-text\">AFP<\/figcaption><\/figure>\n<p>Ent\u00e3o, foi um apag\u00e3o que obscureceu a Alemanha campe\u00e3 do mundo diante da Argentina, no amistoso em que chegou a estar perdendo por 4 a 0, no in\u00edcio do segundo tempo?<\/p>\n<p>Bem, se o amigo quiser dar um nome a esse apag\u00e3o, a exemplo do que fazem os ianques com seus furac\u00f5es, pode cham\u00e1-lo de Apag\u00e3o Di Maria.<\/p>\n<p>Sim, porque o craque acabou com o jogo em Dusseldorf, com tr\u00eas assist\u00eancias e um gola\u00e7o com cavadinha, bem ao seu estilo.<\/p>\n<p>Mas, se preferir virar o foco para os alem\u00e3es, cabe denominar esse apag\u00e3o como M\u00e1rio Gomes, o artilheiro, aquele tipo que s\u00f3 sabe empurrar a bola para as redes, que desperdi\u00e7ou tr\u00eas chances clar\u00edssimas, cara a cara com o goleiro, duas delas quando o placar estava no zero.<\/p>\n<p>Al\u00e9m do mais, a Alemanha deste amistoso n\u00e3o era nem sombra daquela que levantou a ta\u00e7a no Brasil. A linha de defesa toda, de lateral a lateral, foi alterada, e do meio de campo pra frente faltavam Khedira, Schweinsteiger, M\u00e1rio G\u00f6tz e Muller (estes dois entraram na segunda metade da etapa final e participaram ativamente do sufoco que os alem\u00e3es aplicaram sobre os argentinos, reduzindo para 4 a 2 o placar, com direito a bola no poste de Reus, de quebra).<\/p>\n<p>Ah, mas a Argentina, em contrapartida, n\u00e3o tinha simplesmente Messi, que vale por meio time. \u00c9 verdade. Mas, tinha Di Maria, que, na Copa, diga-se, jogou mais do que Messi e todos os demais que estavam l\u00e1, menos Robben.<\/p>\n","protected":false},"excerpt":{"rendered":"<p>Ent\u00e3o, foi um apag\u00e3o que obscureceu a Alemanha campe\u00e3 do mundo diante da Argentina, no amistoso em que chegou a estar perdendo por 4 a <a class=\"read-more\" href=\"https:\/\/blogs.gazetaesportiva.com\/albertohelena\/2014\/09\/03\/apagao-di-maria\/\">leia mais<\/a><\/p>\n","protected":false},"author":46,"featured_media":779,"comment_status":"open","ping_status":"open","sticky":false,"template":"","format":"standard","meta":{"_jetpack_newsletter_access":"","_jetpack_dont_email_post_to_subs":false,"_jetpack_newsletter_tier_id":0,"_jetpack_memberships_contains_paywalled_content":false,"_jetpack_memberships_contains_paid_content":false,"footnotes":""},"categories":[1],"tags":[],"class_list":["post-778","post","type-post","status-publish","format-standard","has-post-thumbnail","hentry","category-sem-categoria"],"jetpack_featured_media_url":"https:\/\/blogs.gazetaesportiva.com\/albertohelena\/files\/2014\/09\/dimaria.jpg","jetpack_sharing_enabled":true,"jetpack_shortlink":"https:\/\/wp.me\/pekB7q-cy","_links":{"self":[{"href":"https:\/\/blogs.gazetaesportiva.com\/albertohelena\/wp-json\/wp\/v2\/posts\/778","targetHints":{"allow":["GET"]}}],"collection":[{"href":"https:\/\/blogs.gazetaesportiva.com\/albertohelena\/wp-json\/wp\/v2\/posts"}],"about":[{"href":"https:\/\/blogs.gazetaesportiva.com\/albertohelena\/wp-json\/wp\/v2\/types\/post"}],"author":[{"embeddable":true,"href":"https:\/\/blogs.gazetaesportiva.com\/albertohelena\/wp-json\/wp\/v2\/users\/46"}],"replies":[{"embeddable":true,"href":"https:\/\/blogs.gazetaesportiva.com\/albertohelena\/wp-json\/wp\/v2\/comments?post=778"}],"version-history":[{"count":0,"href":"https:\/\/blogs.gazetaesportiva.com\/albertohelena\/wp-json\/wp\/v2\/posts\/778\/revisions"}],"wp:featuredmedia":[{"embeddable":true,"href":"https:\/\/blogs.gazetaesportiva.com\/albertohelena\/wp-json\/wp\/v2\/media\/779"}],"wp:attachment":[{"href":"https:\/\/blogs.gazetaesportiva.com\/albertohelena\/wp-json\/wp\/v2\/media?parent=778"}],"wp:term":[{"taxonomy":"category","embeddable":true,"href":"https:\/\/blogs.gazetaesportiva.com\/albertohelena\/wp-json\/wp\/v2\/categories?post=778"},{"taxonomy":"post_tag","embeddable":true,"href":"https:\/\/blogs.gazetaesportiva.com\/albertohelena\/wp-json\/wp\/v2\/tags?post=778"}],"curies":[{"name":"wp","href":"https:\/\/api.w.org\/{rel}","templated":true}]}}