{"id":769,"date":"2014-09-03T15:34:27","date_gmt":"2014-09-03T18:34:27","guid":{"rendered":"https:\/\/blogs.gazetaesportiva.com\/albertohelena\/?p=769"},"modified":"2014-09-03T15:48:11","modified_gmt":"2014-09-03T18:48:11","slug":"o-novo-caso-petros","status":"publish","type":"post","link":"https:\/\/blogs.gazetaesportiva.com\/albertohelena\/2014\/09\/03\/o-novo-caso-petros\/","title":{"rendered":"O novo caso Petros"},"content":{"rendered":"<p>&nbsp;<\/p>\n<figure id=\"attachment_774\" aria-describedby=\"caption-attachment-774\" style=\"width: 640px\" class=\"wp-caption aligncenter\"><a href=\"https:\/\/blogs.gazetaesportiva.com\/albertohelena\/files\/2014\/09\/petros_dantas_mat.jpg\"><img loading=\"lazy\" decoding=\"async\" data-attachment-id=\"774\" data-permalink=\"https:\/\/blogs.gazetaesportiva.com\/albertohelena\/2014\/09\/03\/o-novo-caso-petros\/treino-do-corinthians\/\" data-orig-file=\"https:\/\/blogs.gazetaesportiva.com\/albertohelena\/files\/2014\/09\/petros_dantas_mat.jpg\" data-orig-size=\"640,330\" data-comments-opened=\"1\" data-image-meta=\"{&quot;aperture&quot;:&quot;3.5&quot;,&quot;credit&quot;:&quot;FERNANDO DANTAS&quot;,&quot;camera&quot;:&quot;NIKON D4S&quot;,&quot;caption&quot;:&quot;Gil, Petros, Ralf, jogador do Corinthians durante treino no CCT Joaquim Grava, S\\u00e3o Paulo SP, 22\\\/07\\\/2014, Foto: Fernando Dantas\\\/Gazeta Press&quot;,&quot;created_timestamp&quot;:&quot;1406047596&quot;,&quot;copyright&quot;:&quot;&quot;,&quot;focal_length&quot;:&quot;400&quot;,&quot;iso&quot;:&quot;360&quot;,&quot;shutter_speed&quot;:&quot;0.0003125&quot;,&quot;title&quot;:&quot;TREINO DO CORINTHIANS&quot;}\" data-image-title=\"Fernando Dantas\/Gazeta Press\" data-image-description=\"&lt;p&gt;Gil, Petros, Ralf, jogador do Corinthians durante treino no CCT Joaquim Grava, S\u00e3o Paulo SP, 22\/07\/2014, Foto: Fernando Dantas\/Gazeta Press&lt;\/p&gt;\n\" data-image-caption=\"\" data-medium-file=\"https:\/\/blogs.gazetaesportiva.com\/albertohelena\/files\/2014\/09\/petros_dantas_mat.jpg\" data-large-file=\"https:\/\/blogs.gazetaesportiva.com\/albertohelena\/files\/2014\/09\/petros_dantas_mat.jpg\" class=\"size-full wp-image-774\" alt=\"Fernando Dantas\/Gazeta Press\" src=\"https:\/\/blogs.gazetaesportiva.com\/albertohelena\/files\/2014\/09\/petros_dantas_mat.jpg\" width=\"640\" height=\"330\" \/><\/a><figcaption id=\"caption-attachment-774\" class=\"wp-caption-text\">Fernando Dantas\/Gazeta Press<\/figcaption><\/figure>\n<p>\u00c9 simplesmente inadmiss\u00edvel que a CBF seja uma entidade t\u00e3o ineficiente, em todos os sentidos, embora seu campo de a\u00e7\u00e3o seja limitado a cuidar das sele\u00e7\u00f5es e da burocracia dos campeonatos nacionais.<\/p>\n<p>Riqu\u00edssima, gra\u00e7as \u00e0 explora\u00e7\u00e3o sem fundo das gl\u00f3rias passadas da Sele\u00e7\u00e3o Canarinho, n\u00e3o \u00e9 capaz de montar um esquema funcional, eficaz, seguro e veloz nos registros de jogadores, essas coisas corriqueiras em qualquer reparti\u00e7\u00e3o p\u00fablica brasileira.<\/p>\n<p>Isso, em plena era da inform\u00e1tica.<\/p>\n<p>Portanto, \u00e9 de se desconfiar em primeiro lugar da pr\u00f3pria CBF nesse novo caso Petros, que, se condenado pela STJD, o Corinthians perderia nada menos do que 21 pontos no Brasileir\u00e3o, pois o contrato do jogador teria sido registrado num dia e deveria ter sido em outro, sei l\u00e1.<\/p>\n<p>S\u00f3 sei que h\u00e1 anos venho condenando esse grav\u00edssimo equ\u00edvoco de conceitua\u00e7\u00e3o na aplica\u00e7\u00e3o de penas no futebol.<\/p>\n<p>\u00c9 fundamental que n\u00e3o se confundam as coisas: o que \u00e9 esportivo e o que \u00e9 administrativo.<\/p>\n<p>Irregularidades ocorridas dentro do campo de jogo \u2013 jogador dopado, brigas, expuls\u00f5es etc., o clube e os jogadores envolvidos devem ser punidos com perda de pontos, mando de jogo invertido etc. Irregularidades administrativas, burocr\u00e1ticas, tipo registro de jogador, publica\u00e7\u00f5es do BID e quejandos, paga-se administrativamente, com multas pesad\u00edssimas, por exemplo.<\/p>\n<p>N\u00e3o \u00e9 justo, muito menos l\u00f3gico, mudar o resultado de uma partida obtido legitimamente em campo por n\u00e3o cumprimento de uma regra burocr\u00e1tica nos bastidores do jogo.<\/p>\n<p>Mas, sei bem, \u00e9 pregar num deserto coberto de cartolas vazias.<\/p>\n","protected":false},"excerpt":{"rendered":"<p>&nbsp; \u00c9 simplesmente inadmiss\u00edvel que a CBF seja uma entidade t\u00e3o ineficiente, em todos os sentidos, embora seu campo de a\u00e7\u00e3o seja limitado a cuidar <a class=\"read-more\" href=\"https:\/\/blogs.gazetaesportiva.com\/albertohelena\/2014\/09\/03\/o-novo-caso-petros\/\">leia mais<\/a><\/p>\n","protected":false},"author":46,"featured_media":774,"comment_status":"open","ping_status":"open","sticky":false,"template":"","format":"standard","meta":{"_jetpack_newsletter_access":"","_jetpack_dont_email_post_to_subs":false,"_jetpack_newsletter_tier_id":0,"_jetpack_memberships_contains_paywalled_content":false,"_jetpack_memberships_contains_paid_content":false,"footnotes":""},"categories":[1],"tags":[],"class_list":["post-769","post","type-post","status-publish","format-standard","has-post-thumbnail","hentry","category-sem-categoria"],"jetpack_featured_media_url":"https:\/\/blogs.gazetaesportiva.com\/albertohelena\/files\/2014\/09\/petros_dantas_mat.jpg","jetpack_sharing_enabled":true,"jetpack_shortlink":"https:\/\/wp.me\/pekB7q-cp","_links":{"self":[{"href":"https:\/\/blogs.gazetaesportiva.com\/albertohelena\/wp-json\/wp\/v2\/posts\/769","targetHints":{"allow":["GET"]}}],"collection":[{"href":"https:\/\/blogs.gazetaesportiva.com\/albertohelena\/wp-json\/wp\/v2\/posts"}],"about":[{"href":"https:\/\/blogs.gazetaesportiva.com\/albertohelena\/wp-json\/wp\/v2\/types\/post"}],"author":[{"embeddable":true,"href":"https:\/\/blogs.gazetaesportiva.com\/albertohelena\/wp-json\/wp\/v2\/users\/46"}],"replies":[{"embeddable":true,"href":"https:\/\/blogs.gazetaesportiva.com\/albertohelena\/wp-json\/wp\/v2\/comments?post=769"}],"version-history":[{"count":0,"href":"https:\/\/blogs.gazetaesportiva.com\/albertohelena\/wp-json\/wp\/v2\/posts\/769\/revisions"}],"wp:featuredmedia":[{"embeddable":true,"href":"https:\/\/blogs.gazetaesportiva.com\/albertohelena\/wp-json\/wp\/v2\/media\/774"}],"wp:attachment":[{"href":"https:\/\/blogs.gazetaesportiva.com\/albertohelena\/wp-json\/wp\/v2\/media?parent=769"}],"wp:term":[{"taxonomy":"category","embeddable":true,"href":"https:\/\/blogs.gazetaesportiva.com\/albertohelena\/wp-json\/wp\/v2\/categories?post=769"},{"taxonomy":"post_tag","embeddable":true,"href":"https:\/\/blogs.gazetaesportiva.com\/albertohelena\/wp-json\/wp\/v2\/tags?post=769"}],"curies":[{"name":"wp","href":"https:\/\/api.w.org\/{rel}","templated":true}]}}