{"id":768,"date":"2014-09-03T15:09:25","date_gmt":"2014-09-03T18:09:25","guid":{"rendered":"https:\/\/blogs.gazetaesportiva.com\/albertohelena\/?p=768"},"modified":"2014-09-03T18:08:45","modified_gmt":"2014-09-03T21:08:45","slug":"ha-mais-bobos-no-futebol","status":"publish","type":"post","link":"https:\/\/blogs.gazetaesportiva.com\/albertohelena\/2014\/09\/03\/ha-mais-bobos-no-futebol\/","title":{"rendered":"H\u00e1 mais bobos no futebol"},"content":{"rendered":"<figure id=\"attachment_770\" aria-describedby=\"caption-attachment-770\" style=\"width: 640px\" class=\"wp-caption aligncenter\"><a href=\"https:\/\/blogs.gazetaesportiva.com\/albertohelena\/files\/2014\/09\/vasco_blogalberto.jpg\"><img loading=\"lazy\" decoding=\"async\" data-attachment-id=\"770\" data-permalink=\"https:\/\/blogs.gazetaesportiva.com\/albertohelena\/2014\/09\/03\/ha-mais-bobos-no-futebol\/vasco_blogalberto\/\" data-orig-file=\"https:\/\/blogs.gazetaesportiva.com\/albertohelena\/files\/2014\/09\/vasco_blogalberto.jpg\" data-orig-size=\"640,427\" data-comments-opened=\"1\" data-image-meta=\"{&quot;aperture&quot;:&quot;2.8&quot;,&quot;credit&quot;:&quot;Marcelo Sadio&quot;,&quot;camera&quot;:&quot;Canon EOS 7D&quot;,&quot;caption&quot;:&quot;&quot;,&quot;created_timestamp&quot;:&quot;1409126021&quot;,&quot;copyright&quot;:&quot;Marcelo Sadio&quot;,&quot;focal_length&quot;:&quot;85&quot;,&quot;iso&quot;:&quot;2500&quot;,&quot;shutter_speed&quot;:&quot;0.0015625&quot;,&quot;title&quot;:&quot;&quot;}\" data-image-title=\"Marcelo Sadio\/Vasco\" data-image-description=\"\" data-image-caption=\"&lt;p&gt;Marcelo Sadio\/Vasco&lt;\/p&gt;\n\" data-medium-file=\"https:\/\/blogs.gazetaesportiva.com\/albertohelena\/files\/2014\/09\/vasco_blogalberto.jpg\" data-large-file=\"https:\/\/blogs.gazetaesportiva.com\/albertohelena\/files\/2014\/09\/vasco_blogalberto.jpg\" class=\"size-full wp-image-770\" alt=\"Marcelo Sadio\/Vasco\" src=\"https:\/\/blogs.gazetaesportiva.com\/albertohelena\/files\/2014\/09\/vasco_blogalberto.jpg\" width=\"640\" height=\"427\" \/><\/a><figcaption id=\"caption-attachment-770\" class=\"wp-caption-text\">Marcelo Sadio\/Vasco<\/figcaption><\/figure>\n<p>O ABC j\u00e1 despachou o Vasco e foi o primeiro a garantir uma vaga nas quartas de final da Copa do Brasil. O primeiro de uma p\u00e1 de clubes da Segundona ou quase l\u00e1 que est\u00e3o na bica de repetir o feito na rodada deste meio de semana.<\/p>\n<p>Nesta lista, o amigo pode incluir o Cear\u00e1, que no jogo de ida bateu o Botafogo por 2 a 1; o Am\u00e9rica de Natal, que j\u00e1 venceu o Furac\u00e3o por 3 a 0; o Bragantino, que, depois de desclassificar o S\u00e3o Paulo, s\u00f3 precisa empatar com o Corinthians, no Itaquer\u00e3o, pois ganhou a primeira por 1 a 0; e, por fim, o Coritiba, que pode perder at\u00e9 por 2 a 0 para o Fla, no Maracan\u00e3.O mesmo Coritiba da zona da morte de onde o Flamengo escapou com galhardia desde a chegada de Luxemburgo \u00e0 G\u00e1vea.<\/p>\n<p>Isso d\u00e1 bem a medida de como os clubes chamados grandes est\u00e3o encarando essa competi\u00e7\u00e3o, tida at\u00e9 aqui como o caminho mais curto para a Libertadores, o grande objeto de desejo da maioria.<\/p>\n<p>Ainda recentemente, um movimento desprovido de l\u00f3gica hist\u00f3rica e cronol\u00f3gica conseguiu convencer a CBF a admitir a antiga Ta\u00e7a Brasil, o equivalente \u00e0 atual, como verdadeiro campeonato brasileiro, o que mudou o ranking de campe\u00f5es do Brasil do s\u00e9culo XX.<\/p>\n<p>Apesar disso tudo, o amigo espia a esteira da atual Copa do Brasil e l\u00e1 est\u00e3o, estendidos no ch\u00e3o, os restos mortais de Inter, Vasco, S\u00e3o Paulo, Fluminense e Gr\u00eamio, eliminado da competi\u00e7\u00e3o pelo STJD por atos racistas de sua torcida, aos quais poder\u00e3o se juntar daqui a pouco Flamengo, Corinthians, Botafogo.<\/p>\n<p>Ficariam restando, ent\u00e3o, apenas o Cruzeiro, que venceu o modest\u00edssimo Santa Rita, no jogo de ida, no Mineir\u00e3o, por 5 a 0, portanto, praticamente classificado, e o Galo ou Palmeiras, que jogam amanh\u00e3 no Independ\u00eancia com os mineiros entrando em campo j\u00e1 com 1 a 0 no placar.<\/p>\n<p>Claro, tudo isso no incerto campo das especula\u00e7\u00f5es. Incerto, mas n\u00e3o vago, pois, pela lei das probabilidades, esse \u00e9 o desfecho mais l\u00f3gico.<\/p>\n<p>Isso significa que n\u00e3o h\u00e1 mais bobo no futebol de hoje, como gostam de repetir nossos especialistas e o povo em geral?<\/p>\n<p>Ao contr\u00e1rio, meu amigo, ao contr\u00e1rio. Isso demonstra que h\u00e1 mais bobos na parada do que nossa v\u00e3 filosofia sup\u00f5e.<\/p>\n<p>Pois os clubes grandes aceitam e avalizam esse calend\u00e1rio est\u00fapido, que os obriga a entrarem em campo na Copa do Brasil remendados, por estresse ou convoca\u00e7\u00f5es para sele\u00e7\u00f5es nacionais, com um olho no Brasileir\u00e3o e outro na Sul-Americana.<\/p>\n<p>Acaba dando nisso, meu.<\/p>\n","protected":false},"excerpt":{"rendered":"<p>O ABC j\u00e1 despachou o Vasco e foi o primeiro a garantir uma vaga nas quartas de final da Copa do Brasil. O primeiro de <a class=\"read-more\" href=\"https:\/\/blogs.gazetaesportiva.com\/albertohelena\/2014\/09\/03\/ha-mais-bobos-no-futebol\/\">leia mais<\/a><\/p>\n","protected":false},"author":46,"featured_media":770,"comment_status":"open","ping_status":"open","sticky":false,"template":"","format":"standard","meta":{"_jetpack_newsletter_access":"","_jetpack_dont_email_post_to_subs":false,"_jetpack_newsletter_tier_id":0,"_jetpack_memberships_contains_paywalled_content":false,"_jetpack_memberships_contains_paid_content":false,"footnotes":""},"categories":[1],"tags":[],"class_list":["post-768","post","type-post","status-publish","format-standard","has-post-thumbnail","hentry","category-sem-categoria"],"jetpack_featured_media_url":"https:\/\/blogs.gazetaesportiva.com\/albertohelena\/files\/2014\/09\/vasco_blogalberto.jpg","jetpack_sharing_enabled":true,"jetpack_shortlink":"https:\/\/wp.me\/pekB7q-co","_links":{"self":[{"href":"https:\/\/blogs.gazetaesportiva.com\/albertohelena\/wp-json\/wp\/v2\/posts\/768","targetHints":{"allow":["GET"]}}],"collection":[{"href":"https:\/\/blogs.gazetaesportiva.com\/albertohelena\/wp-json\/wp\/v2\/posts"}],"about":[{"href":"https:\/\/blogs.gazetaesportiva.com\/albertohelena\/wp-json\/wp\/v2\/types\/post"}],"author":[{"embeddable":true,"href":"https:\/\/blogs.gazetaesportiva.com\/albertohelena\/wp-json\/wp\/v2\/users\/46"}],"replies":[{"embeddable":true,"href":"https:\/\/blogs.gazetaesportiva.com\/albertohelena\/wp-json\/wp\/v2\/comments?post=768"}],"version-history":[{"count":0,"href":"https:\/\/blogs.gazetaesportiva.com\/albertohelena\/wp-json\/wp\/v2\/posts\/768\/revisions"}],"wp:featuredmedia":[{"embeddable":true,"href":"https:\/\/blogs.gazetaesportiva.com\/albertohelena\/wp-json\/wp\/v2\/media\/770"}],"wp:attachment":[{"href":"https:\/\/blogs.gazetaesportiva.com\/albertohelena\/wp-json\/wp\/v2\/media?parent=768"}],"wp:term":[{"taxonomy":"category","embeddable":true,"href":"https:\/\/blogs.gazetaesportiva.com\/albertohelena\/wp-json\/wp\/v2\/categories?post=768"},{"taxonomy":"post_tag","embeddable":true,"href":"https:\/\/blogs.gazetaesportiva.com\/albertohelena\/wp-json\/wp\/v2\/tags?post=768"}],"curies":[{"name":"wp","href":"https:\/\/api.w.org\/{rel}","templated":true}]}}