{"id":762,"date":"2014-09-02T17:25:30","date_gmt":"2014-09-02T20:25:30","guid":{"rendered":"https:\/\/blogs.gazetaesportiva.com\/albertohelena\/?p=762"},"modified":"2014-09-02T18:01:34","modified_gmt":"2014-09-02T21:01:34","slug":"a-vez-de-oswaldo","status":"publish","type":"post","link":"https:\/\/blogs.gazetaesportiva.com\/albertohelena\/2014\/09\/02\/a-vez-de-oswaldo\/","title":{"rendered":"A vez de Oswaldo"},"content":{"rendered":"<figure id=\"attachment_765\" aria-describedby=\"caption-attachment-765\" style=\"width: 640px\" class=\"wp-caption aligncenter\"><a href=\"https:\/\/blogs.gazetaesportiva.com\/albertohelena\/files\/2014\/09\/oswaldo-de-oliveira-santosfc.jpg\"><img loading=\"lazy\" decoding=\"async\" data-attachment-id=\"765\" data-permalink=\"https:\/\/blogs.gazetaesportiva.com\/albertohelena\/2014\/09\/02\/a-vez-de-oswaldo\/oswaldo-de-oliveira-santosfc\/\" data-orig-file=\"https:\/\/blogs.gazetaesportiva.com\/albertohelena\/files\/2014\/09\/oswaldo-de-oliveira-santosfc.jpg\" data-orig-size=\"640,427\" data-comments-opened=\"1\" data-image-meta=\"{&quot;aperture&quot;:&quot;0&quot;,&quot;credit&quot;:&quot;&quot;,&quot;camera&quot;:&quot;&quot;,&quot;caption&quot;:&quot;&quot;,&quot;created_timestamp&quot;:&quot;0&quot;,&quot;copyright&quot;:&quot;&quot;,&quot;focal_length&quot;:&quot;0&quot;,&quot;iso&quot;:&quot;0&quot;,&quot;shutter_speed&quot;:&quot;0&quot;,&quot;title&quot;:&quot;&quot;}\" data-image-title=\"oswaldo-de-oliveira-santosfc\" data-image-description=\"&lt;p&gt;Oswaldo de Oliveira (Foto: Ricardo Saibun\/Santos FC)&lt;\/p&gt;\n\" data-image-caption=\"&lt;p&gt;Oswaldo de Oliveira (Foto: Ricardo Saibun\/Santos FC)&lt;\/p&gt;\n\" data-medium-file=\"https:\/\/blogs.gazetaesportiva.com\/albertohelena\/files\/2014\/09\/oswaldo-de-oliveira-santosfc.jpg\" data-large-file=\"https:\/\/blogs.gazetaesportiva.com\/albertohelena\/files\/2014\/09\/oswaldo-de-oliveira-santosfc.jpg\" class=\"size-full wp-image-765\" alt=\"Oswaldo de Oliveira (Foto: Ricardo Saibun\/Santos FC)\" src=\"https:\/\/blogs.gazetaesportiva.com\/albertohelena\/files\/2014\/09\/oswaldo-de-oliveira-santosfc.jpg\" width=\"640\" height=\"427\" \/><\/a><figcaption id=\"caption-attachment-765\" class=\"wp-caption-text\">Oswaldo de Oliveira (Foto: Ricardo Saibun\/Santos FC)<\/figcaption><\/figure>\n<p>E essa agora?<\/p>\n<p>Na esteira de Gareca, foi de cambulhada o nosso Oswaldo Oliveira, sujeito de muito bom gosto.E, diga-se, excelente treinador, al\u00e9m de inteligente e articulado. Desses treinadores que n\u00e3o temem lan\u00e7ar jovens jogadores, como provou\u00a0recentemente no Botafogo e agora mesmo no Santos, onde colocou em campo nada menos do que treze meninos da base.<\/p>\n<p>Ah, mas o Santos perdeu quatro dos \u00faltimos cinco jogos, dir\u00e1 o peixeiro\u00a0mais renitente.<\/p>\n<p>Uma coisa \u00e9 o resultado deste ou daquele jogo. Outra, muito diferente, \u00e9 o desempenho do time, inclusive na derrota. Ganhar, perder ou empatar s\u00e3o as tr\u00eas alternativas de um jogo que, como tal, tem\u00a0muitas variantes, e o acaso \u00e9\u00a0a maior delas.<\/p>\n<p>Mede-se o trabalho de um t\u00e9cnico pela performance de sua equipe &#8211; se joga bem, coletivamente, ou n\u00e3o, ganhando ou perdendo.<\/p>\n<p>N\u00e3o \u00e9\u00a0esse, por\u00e9m, o conceito que rege a a\u00e7\u00e3o dos cartolas brasileiros. H\u00e1 sempre um olho nos resultados e outro no n\u00edvel de influ\u00eancia que este ou aquele dirigente ou conselheiro- todos eles torcedores\u00a0apaixonados\u00a0&#8211; tenha sobe o t\u00e9cnico atual ou sobre que vir\u00e1.<\/p>\n<p>No caso de Oswaldo, ele teve de engolir o mico chamado Leandro Dami\u00e3o, ao mesmo tempo em que essa\u00a0diretoria que o demite hoje permitiu a sa\u00edda de C\u00edcero, o mais eficiente e importante jogador do Peixe \u00e0 \u00e9poca &#8211; armador e artilheiro.<\/p>\n<p>E ainda \u00e9 pago com o olho da rua.<\/p>\n<p>Ah, sim, vale dizer que, com essa, apenas quatro treinadores que iniciaram o Brasileir\u00e3o continuam em seus respectivos cargos. Alguns deles j\u00e1 foram demitidos por duas vezes nesta mesma temporada.<\/p>\n<p>Isso, num futebol em que o treinador n\u00e3o pode treinar, por causa do calend\u00e1rio maldito. E, no qual, os clubes, nadando em d\u00edvidas por pura estupidez, s\u00f3 sabem aumentar o preju\u00edzo com os pagamentos de multas e sal\u00e1rios para os mesmos profissionais que eles contrataram e demitiram, sem nenhum sentido.<\/p>\n","protected":false},"excerpt":{"rendered":"<p>E essa agora? Na esteira de Gareca, foi de cambulhada o nosso Oswaldo Oliveira, sujeito de muito bom gosto.E, diga-se, excelente treinador, al\u00e9m de inteligente <a class=\"read-more\" href=\"https:\/\/blogs.gazetaesportiva.com\/albertohelena\/2014\/09\/02\/a-vez-de-oswaldo\/\">leia mais<\/a><\/p>\n","protected":false},"author":46,"featured_media":765,"comment_status":"open","ping_status":"open","sticky":false,"template":"","format":"standard","meta":{"_jetpack_newsletter_access":"","_jetpack_dont_email_post_to_subs":false,"_jetpack_newsletter_tier_id":0,"_jetpack_memberships_contains_paywalled_content":false,"_jetpack_memberships_contains_paid_content":false,"footnotes":""},"categories":[1],"tags":[],"class_list":["post-762","post","type-post","status-publish","format-standard","has-post-thumbnail","hentry","category-sem-categoria"],"jetpack_featured_media_url":"https:\/\/blogs.gazetaesportiva.com\/albertohelena\/files\/2014\/09\/oswaldo-de-oliveira-santosfc.jpg","jetpack_sharing_enabled":true,"jetpack_shortlink":"https:\/\/wp.me\/pekB7q-ci","_links":{"self":[{"href":"https:\/\/blogs.gazetaesportiva.com\/albertohelena\/wp-json\/wp\/v2\/posts\/762","targetHints":{"allow":["GET"]}}],"collection":[{"href":"https:\/\/blogs.gazetaesportiva.com\/albertohelena\/wp-json\/wp\/v2\/posts"}],"about":[{"href":"https:\/\/blogs.gazetaesportiva.com\/albertohelena\/wp-json\/wp\/v2\/types\/post"}],"author":[{"embeddable":true,"href":"https:\/\/blogs.gazetaesportiva.com\/albertohelena\/wp-json\/wp\/v2\/users\/46"}],"replies":[{"embeddable":true,"href":"https:\/\/blogs.gazetaesportiva.com\/albertohelena\/wp-json\/wp\/v2\/comments?post=762"}],"version-history":[{"count":0,"href":"https:\/\/blogs.gazetaesportiva.com\/albertohelena\/wp-json\/wp\/v2\/posts\/762\/revisions"}],"wp:featuredmedia":[{"embeddable":true,"href":"https:\/\/blogs.gazetaesportiva.com\/albertohelena\/wp-json\/wp\/v2\/media\/765"}],"wp:attachment":[{"href":"https:\/\/blogs.gazetaesportiva.com\/albertohelena\/wp-json\/wp\/v2\/media?parent=762"}],"wp:term":[{"taxonomy":"category","embeddable":true,"href":"https:\/\/blogs.gazetaesportiva.com\/albertohelena\/wp-json\/wp\/v2\/categories?post=762"},{"taxonomy":"post_tag","embeddable":true,"href":"https:\/\/blogs.gazetaesportiva.com\/albertohelena\/wp-json\/wp\/v2\/tags?post=762"}],"curies":[{"name":"wp","href":"https:\/\/api.w.org\/{rel}","templated":true}]}}