{"id":756,"date":"2014-09-02T15:16:40","date_gmt":"2014-09-02T18:16:40","guid":{"rendered":"https:\/\/blogs.gazetaesportiva.com\/albertohelena\/?p=756"},"modified":"2014-09-02T15:27:04","modified_gmt":"2014-09-02T18:27:04","slug":"756","status":"publish","type":"post","link":"https:\/\/blogs.gazetaesportiva.com\/albertohelena\/2014\/09\/02\/756\/","title":{"rendered":"N\u00f3s e os gringos"},"content":{"rendered":"<figure id=\"attachment_759\" aria-describedby=\"caption-attachment-759\" style=\"width: 640px\" class=\"wp-caption aligncenter\"><a href=\"https:\/\/blogs.gazetaesportiva.com\/albertohelena\/files\/2014\/09\/blog_albertohelena_dv.jpg\"><img loading=\"lazy\" decoding=\"async\" data-attachment-id=\"759\" data-permalink=\"https:\/\/blogs.gazetaesportiva.com\/albertohelena\/2014\/09\/02\/756\/apresentacao-dos-jogadores-argentinos-fernando-tobio-e-pablo-mouche-no-palmeiras\/\" data-orig-file=\"https:\/\/blogs.gazetaesportiva.com\/albertohelena\/files\/2014\/09\/blog_albertohelena_dv.jpg\" data-orig-size=\"640,426\" data-comments-opened=\"1\" data-image-meta=\"{&quot;aperture&quot;:&quot;5.6&quot;,&quot;credit&quot;:&quot;DJALMA VASS\\u00c3O&quot;,&quot;camera&quot;:&quot;NIKON D4S&quot;,&quot;caption&quot;:&quot;Tobio (E) e Mouche (D), jogadores do Palmeiras durante apresenta\\u00e7\\u00e3o ap\\u00f3s o treino para partida contra o Santos, v\\u00e1lida pela d\\u00e9cima rodada do Campeonato Brasileiro S\\u00e9rie A 2014. - Academia de Futebol, Brarra Funda - S\\u00e3o Paulo-SP - Brasil - 15\\\/07\\\/2014 - Foto: Djalma Vass\\u00e3o\\\/Gazeta Press&quot;,&quot;created_timestamp&quot;:&quot;1405426372&quot;,&quot;copyright&quot;:&quot;&quot;,&quot;focal_length&quot;:&quot;50&quot;,&quot;iso&quot;:&quot;1600&quot;,&quot;shutter_speed&quot;:&quot;0.004&quot;,&quot;title&quot;:&quot;APRESENTA\\u00c7\\u00c3O DOS JOGADORES ARGENTINOS FERNANDO TOBIO E PABLO MOUCHE NO PALMEIRAS&quot;}\" data-image-title=\"Djalma Vass\u00e3o\/Gazeta Press\" data-image-description=\"&lt;p&gt;Tobio (E) e Mouche (D), jogadores do Palmeiras durante apresenta\u00e7\u00e3o ap\u00f3s o treino para partida contra o Santos, v\u00e1lida pela d\u00e9cima rodada do Campeonato Brasileiro S\u00e9rie A 2014. &amp;#8211; Academia de Futebol, Brarra Funda &amp;#8211; S\u00e3o Paulo-SP &amp;#8211; Brasil &amp;#8211; 15\/07\/2014 &amp;#8211; Foto: Djalma Vass\u00e3o\/Gazeta Press&lt;\/p&gt;\n\" data-image-caption=\"&lt;p&gt;Djalma Vass\u00e3o\/Gazeta Press&lt;\/p&gt;\n\" data-medium-file=\"https:\/\/blogs.gazetaesportiva.com\/albertohelena\/files\/2014\/09\/blog_albertohelena_dv.jpg\" data-large-file=\"https:\/\/blogs.gazetaesportiva.com\/albertohelena\/files\/2014\/09\/blog_albertohelena_dv.jpg\" class=\"size-full wp-image-759\" alt=\"Djalma Vass\u00e3o\/Gazeta Press\" src=\"https:\/\/blogs.gazetaesportiva.com\/albertohelena\/files\/2014\/09\/blog_albertohelena_dv.jpg\" width=\"640\" height=\"426\" \/><\/a><figcaption id=\"caption-attachment-759\" class=\"wp-caption-text\">Djalma Vass\u00e3o\/Gazeta Press<\/figcaption><\/figure>\n<p>A justificativa para essa legi\u00e3o estrangeira no Palmeiras \u00e9 a de que os mercados vizinhos s\u00e3o mais baratos. Isso valeria, por\u00e9m, quando se tratasse de um craque argentino, uruguaio, chileno, colombiano, seja l\u00e1 de onde for, consumado, de alta classe<\/p>\n<p>Na compara\u00e7\u00e3o com um brasileiro de similar categoria, ent\u00e3o, o gringo seria um neg\u00f3cio da China.<\/p>\n<p>Mas, n\u00e3o \u00e9 o que se v\u00ea no caso do Palmeiras, que contratou nestes tempos oito refor\u00e7os al\u00e9m fronteira. Disse refor\u00e7os e n\u00e3o vou me ater ao conceito de qualidade de cada um deles. Sucede que refor\u00e7o significa aquele craque que veio para jogar.<\/p>\n<p>Ora, a legisla\u00e7\u00e3o esportiva brasileira s\u00f3 permite a utiliza\u00e7\u00e3o de cinco jogadores estrangeiros por equipe. Quer dizer: se esses oito vieram para refor\u00e7ar o time, pelo menos tr\u00eas deles estar\u00e3o fora de jogo. Logo, esses tr\u00eas n\u00e3o s\u00e3o refor\u00e7os coisa nenhuma. Vieram para compor elenco, isso, sim.<\/p>\n<p>Nesse caso, n\u00e3o teria sido mais ajuizado, diante da crise financeira que assola o Verd\u00e3o e os demais clubes do pa\u00eds, optar pela garotada da base do pr\u00f3prio clube? Afinal, gasta-se uma fortuna para manter esses centros de treinamentos para as categorias inferiores e aproveita-se muito pouco dos resultados obtidos.<\/p>\n<p>Mas, se o amigo quiser perder seu tempo, como o fa\u00e7o agora, ent\u00e3o procure c\u00e9lulas cinzentas suficientes por baixo das cartolas dos nossos dirigentes.<\/p>\n","protected":false},"excerpt":{"rendered":"<p>A justificativa para essa legi\u00e3o estrangeira no Palmeiras \u00e9 a de que os mercados vizinhos s\u00e3o mais baratos. Isso valeria, por\u00e9m, quando se tratasse de <a class=\"read-more\" href=\"https:\/\/blogs.gazetaesportiva.com\/albertohelena\/2014\/09\/02\/756\/\">leia mais<\/a><\/p>\n","protected":false},"author":46,"featured_media":759,"comment_status":"open","ping_status":"open","sticky":false,"template":"","format":"standard","meta":{"_jetpack_newsletter_access":"","_jetpack_dont_email_post_to_subs":false,"_jetpack_newsletter_tier_id":0,"_jetpack_memberships_contains_paywalled_content":false,"_jetpack_memberships_contains_paid_content":false,"footnotes":""},"categories":[1],"tags":[],"class_list":["post-756","post","type-post","status-publish","format-standard","has-post-thumbnail","hentry","category-sem-categoria"],"jetpack_featured_media_url":"https:\/\/blogs.gazetaesportiva.com\/albertohelena\/files\/2014\/09\/blog_albertohelena_dv.jpg","jetpack_sharing_enabled":true,"jetpack_shortlink":"https:\/\/wp.me\/sekB7q-756","_links":{"self":[{"href":"https:\/\/blogs.gazetaesportiva.com\/albertohelena\/wp-json\/wp\/v2\/posts\/756","targetHints":{"allow":["GET"]}}],"collection":[{"href":"https:\/\/blogs.gazetaesportiva.com\/albertohelena\/wp-json\/wp\/v2\/posts"}],"about":[{"href":"https:\/\/blogs.gazetaesportiva.com\/albertohelena\/wp-json\/wp\/v2\/types\/post"}],"author":[{"embeddable":true,"href":"https:\/\/blogs.gazetaesportiva.com\/albertohelena\/wp-json\/wp\/v2\/users\/46"}],"replies":[{"embeddable":true,"href":"https:\/\/blogs.gazetaesportiva.com\/albertohelena\/wp-json\/wp\/v2\/comments?post=756"}],"version-history":[{"count":0,"href":"https:\/\/blogs.gazetaesportiva.com\/albertohelena\/wp-json\/wp\/v2\/posts\/756\/revisions"}],"wp:featuredmedia":[{"embeddable":true,"href":"https:\/\/blogs.gazetaesportiva.com\/albertohelena\/wp-json\/wp\/v2\/media\/759"}],"wp:attachment":[{"href":"https:\/\/blogs.gazetaesportiva.com\/albertohelena\/wp-json\/wp\/v2\/media?parent=756"}],"wp:term":[{"taxonomy":"category","embeddable":true,"href":"https:\/\/blogs.gazetaesportiva.com\/albertohelena\/wp-json\/wp\/v2\/categories?post=756"},{"taxonomy":"post_tag","embeddable":true,"href":"https:\/\/blogs.gazetaesportiva.com\/albertohelena\/wp-json\/wp\/v2\/tags?post=756"}],"curies":[{"name":"wp","href":"https:\/\/api.w.org\/{rel}","templated":true}]}}