{"id":751,"date":"2014-09-01T20:00:21","date_gmt":"2014-09-01T23:00:21","guid":{"rendered":"https:\/\/blogs.gazetaesportiva.com\/albertohelena\/?p=751"},"modified":"2014-09-01T20:00:21","modified_gmt":"2014-09-01T23:00:21","slug":"gareca-a-queda-anunciada","status":"publish","type":"post","link":"https:\/\/blogs.gazetaesportiva.com\/albertohelena\/2014\/09\/01\/gareca-a-queda-anunciada\/","title":{"rendered":"Gareca: a queda anunciada"},"content":{"rendered":"<figure id=\"attachment_753\" aria-describedby=\"caption-attachment-753\" style=\"width: 640px\" class=\"wp-caption aligncenter\"><a href=\"https:\/\/blogs.gazetaesportiva.com\/albertohelena\/files\/2014\/09\/helena.jpg\"><img loading=\"lazy\" decoding=\"async\" data-attachment-id=\"753\" data-permalink=\"https:\/\/blogs.gazetaesportiva.com\/albertohelena\/2014\/09\/01\/gareca-a-queda-anunciada\/helena-23\/\" data-orig-file=\"https:\/\/blogs.gazetaesportiva.com\/albertohelena\/files\/2014\/09\/helena.jpg\" data-orig-size=\"640,411\" data-comments-opened=\"1\" data-image-meta=\"{&quot;aperture&quot;:&quot;0&quot;,&quot;credit&quot;:&quot;&quot;,&quot;camera&quot;:&quot;&quot;,&quot;caption&quot;:&quot;&quot;,&quot;created_timestamp&quot;:&quot;0&quot;,&quot;copyright&quot;:&quot;&quot;,&quot;focal_length&quot;:&quot;0&quot;,&quot;iso&quot;:&quot;0&quot;,&quot;shutter_speed&quot;:&quot;0&quot;,&quot;title&quot;:&quot;&quot;}\" data-image-title=\"helena\" data-image-description=\"\" data-image-caption=\"&lt;p&gt;Djalma Vass\u00e3o\/Gazeta Press&lt;\/p&gt;\n\" data-medium-file=\"https:\/\/blogs.gazetaesportiva.com\/albertohelena\/files\/2014\/09\/helena.jpg\" data-large-file=\"https:\/\/blogs.gazetaesportiva.com\/albertohelena\/files\/2014\/09\/helena.jpg\" class=\"size-full wp-image-753\" alt=\"Djalma Vass\u00e3o\/Gazeta Press\" src=\"https:\/\/blogs.gazetaesportiva.com\/albertohelena\/files\/2014\/09\/helena.jpg\" width=\"640\" height=\"411\" \/><\/a><figcaption id=\"caption-attachment-753\" class=\"wp-caption-text\">Djalma Vass\u00e3o\/Gazeta Press<\/figcaption><\/figure>\n<p>Era inevit\u00e1vel a queda do t\u00e9cnico do Palmeiras, o argentino Gareca, diante de n\u00fameros negativos t\u00e3o expressivos: 17 pontos em 18 jogos, nem um ponto, em m\u00e9dia, por partida do Brasileir\u00e3o.<\/p>\n<p>Confesso que n\u00e3o me atrevo a julgar a compet\u00eancia de Gareca, diante do tamanho do desafio que teve de enfrentar. Desafio que come\u00e7a com a falta de dom\u00ednio do idioma para se comunicar devidamente com seus jogadores, nem todos bem dotados no quesito entendimento. E termina no buraco negro do nosso calend\u00e1rio, que n\u00e3o concede aos treinadores de times da Primeira Divis\u00e3o tempo m\u00ednimo para cumprir seu of\u00edcio \u2013 treinar.<\/p>\n<p>Tanto isso \u00e9 mais verdade que Gareca se sentiu obrigado a cercar-se de compatriotas aos quais poderia transmitir sua confian\u00e7a e seus ensinamentos, sem as barreiras naturais do conv\u00edvio com estrangeiros.<\/p>\n<p>Desembarcou de repente na Academia sem conhecer nosso futebol, nossos costumes, nosso mercado e, debaixo do bra\u00e7o, um curr\u00edculo que n\u00e3o o credenciava a cumprir a maior de todas as tarefas que estava subjacente \u00e0 sua contrata\u00e7\u00e3o: mudar a cara do futebol brasileiro. Afinal, o grande feito de Gareca, como treinador, foi o de levar adiante o Velez na Libertadores, um torneio disputado por cong\u00eaneres no mesmo atraso de conceitos que o nosso.<\/p>\n<p>Sim, porque o grande equ\u00edvoco dos nossos cartolas, m\u00eddia e torcida \u00e9 o de que basta ser estrangeiro para tirar nosso futebol do atraso em que se encontra perante os centros mais avan\u00e7ados da Europa. N\u00e3o \u00e9 assim,<\/p>\n<p>Quando o austro-h\u00fangaro Kruschner (na verdade, Izidor K\u00fcrrschner) veio ao Brasil, no final dos anos 30, j\u00e1 havia sido treinador campe\u00e3o na Alemanha e na Sui\u00e7a, e trazia na bagagem o s\u00eamen da grande transforma\u00e7\u00e3o no jogo brasileiro que ainda se arrastava no superado <i>sistema cl\u00e1ssico<\/i> o 2-3-5. Kruschner trouxe-nos, ao Flamengo e ao Botafogo, o WM, que se tornou a base de todos os demais sistemas que o sucederam at\u00e9 hoje.<\/p>\n<p>Outro h\u00fangaro, Bella Guttman, em 57, com seu <i>ta-ta-t\u00e1<\/i> \u2013 tr\u00eas toques, chute a gol -, trouxe-nos a objetividade que faltava aos nossos artistas da bola.<\/p>\n<p>Uruguaios e argentinos, como Ondino Vieira, Conrado Ross, Filpo Nu\u00f1es e tantos outros \u2013 sem falar nos gringos que vieram como jogadores e viraram t\u00e9cnicos aqui \u2013 muito contribu\u00edram para nossa evolu\u00e7\u00e3o.<\/p>\n<p>N\u00e3o se trata, pois, de execrar o t\u00e9cnico estrangeiro por qualquer est\u00fapido xenofobismo. Mas, apenas de que a escolha tem de ser feita levando em conta todos os problemas que o cara vai encontrar em seu novo lar.<\/p>\n<p>N\u00e3o foi o caso de Gareca por parte dos cartolas verdes.<\/p>\n<p>Mas, enfim, o malfeito j\u00e1 est\u00e1 feito e desfeito. Resta agora esperar que o Verd\u00e3o acerte na escolha do seu sucessor.<\/p>\n<p>Fala-se em Dorival Jr., um tipo sensato, experiente, com altos e baixos como todos os treinadores brasileiros, c\u00e9lebres ou an\u00f4nimos, que por a\u00ed est\u00e3o, que pode, ao menos, conferir certo equil\u00edbrio emocional de que tanto padece esse elenco verde.<\/p>\n<p>Se o fizer, j\u00e1 ser\u00e1 um passo importante na fuga do rebaixamento que anda rondando o Parque nos \u00faltimos tempos.<\/p>\n","protected":false},"excerpt":{"rendered":"<p>Era inevit\u00e1vel a queda do t\u00e9cnico do Palmeiras, o argentino Gareca, diante de n\u00fameros negativos t\u00e3o expressivos: 17 pontos em 18 jogos, nem um ponto, <a class=\"read-more\" href=\"https:\/\/blogs.gazetaesportiva.com\/albertohelena\/2014\/09\/01\/gareca-a-queda-anunciada\/\">leia mais<\/a><\/p>\n","protected":false},"author":46,"featured_media":753,"comment_status":"open","ping_status":"open","sticky":false,"template":"","format":"standard","meta":{"_jetpack_newsletter_access":"","_jetpack_dont_email_post_to_subs":false,"_jetpack_newsletter_tier_id":0,"_jetpack_memberships_contains_paywalled_content":false,"_jetpack_memberships_contains_paid_content":false,"footnotes":""},"categories":[1],"tags":[],"class_list":["post-751","post","type-post","status-publish","format-standard","has-post-thumbnail","hentry","category-sem-categoria"],"jetpack_featured_media_url":"https:\/\/blogs.gazetaesportiva.com\/albertohelena\/files\/2014\/09\/helena.jpg","jetpack_sharing_enabled":true,"jetpack_shortlink":"https:\/\/wp.me\/pekB7q-c7","_links":{"self":[{"href":"https:\/\/blogs.gazetaesportiva.com\/albertohelena\/wp-json\/wp\/v2\/posts\/751","targetHints":{"allow":["GET"]}}],"collection":[{"href":"https:\/\/blogs.gazetaesportiva.com\/albertohelena\/wp-json\/wp\/v2\/posts"}],"about":[{"href":"https:\/\/blogs.gazetaesportiva.com\/albertohelena\/wp-json\/wp\/v2\/types\/post"}],"author":[{"embeddable":true,"href":"https:\/\/blogs.gazetaesportiva.com\/albertohelena\/wp-json\/wp\/v2\/users\/46"}],"replies":[{"embeddable":true,"href":"https:\/\/blogs.gazetaesportiva.com\/albertohelena\/wp-json\/wp\/v2\/comments?post=751"}],"version-history":[{"count":0,"href":"https:\/\/blogs.gazetaesportiva.com\/albertohelena\/wp-json\/wp\/v2\/posts\/751\/revisions"}],"wp:featuredmedia":[{"embeddable":true,"href":"https:\/\/blogs.gazetaesportiva.com\/albertohelena\/wp-json\/wp\/v2\/media\/753"}],"wp:attachment":[{"href":"https:\/\/blogs.gazetaesportiva.com\/albertohelena\/wp-json\/wp\/v2\/media?parent=751"}],"wp:term":[{"taxonomy":"category","embeddable":true,"href":"https:\/\/blogs.gazetaesportiva.com\/albertohelena\/wp-json\/wp\/v2\/categories?post=751"},{"taxonomy":"post_tag","embeddable":true,"href":"https:\/\/blogs.gazetaesportiva.com\/albertohelena\/wp-json\/wp\/v2\/tags?post=751"}],"curies":[{"name":"wp","href":"https:\/\/api.w.org\/{rel}","templated":true}]}}