{"id":746,"date":"2014-08-31T19:50:39","date_gmt":"2014-08-31T22:50:39","guid":{"rendered":"https:\/\/blogs.gazetaesportiva.com\/albertohelena\/?p=746"},"modified":"2014-08-31T23:51:47","modified_gmt":"2014-09-01T02:51:47","slug":"robinho-diego-neymar-ja-pensou","status":"publish","type":"post","link":"https:\/\/blogs.gazetaesportiva.com\/albertohelena\/2014\/08\/31\/robinho-diego-neymar-ja-pensou\/","title":{"rendered":"Robinho, Diego, Neymar&#8230; J\u00e1 pensou?"},"content":{"rendered":"<p><a href=\"https:\/\/blogs.gazetaesportiva.com\/albertohelena\/files\/2014\/08\/robinho_640_vitor_silva.jpg\"><img loading=\"lazy\" decoding=\"async\" data-attachment-id=\"749\" data-permalink=\"https:\/\/blogs.gazetaesportiva.com\/albertohelena\/2014\/08\/31\/robinho-diego-neymar-ja-pensou\/robinho_640_vitor_silva\/\" data-orig-file=\"https:\/\/blogs.gazetaesportiva.com\/albertohelena\/files\/2014\/08\/robinho_640_vitor_silva.jpg\" data-orig-size=\"640,300\" data-comments-opened=\"1\" data-image-meta=\"{&quot;aperture&quot;:&quot;0&quot;,&quot;credit&quot;:&quot;&quot;,&quot;camera&quot;:&quot;&quot;,&quot;caption&quot;:&quot;&quot;,&quot;created_timestamp&quot;:&quot;0&quot;,&quot;copyright&quot;:&quot;&quot;,&quot;focal_length&quot;:&quot;0&quot;,&quot;iso&quot;:&quot;0&quot;,&quot;shutter_speed&quot;:&quot;0&quot;,&quot;title&quot;:&quot;&quot;}\" data-image-title=\"robinho_640_vitor_silva\" data-image-description=\"\" data-image-caption=\"\" data-medium-file=\"https:\/\/blogs.gazetaesportiva.com\/albertohelena\/files\/2014\/08\/robinho_640_vitor_silva.jpg\" data-large-file=\"https:\/\/blogs.gazetaesportiva.com\/albertohelena\/files\/2014\/08\/robinho_640_vitor_silva.jpg\" class=\"aligncenter size-full wp-image-749\" alt=\"robinho_640_vitor_silva\" src=\"https:\/\/blogs.gazetaesportiva.com\/albertohelena\/files\/2014\/08\/robinho_640_vitor_silva.jpg\" width=\"640\" height=\"300\" \/><\/a>Duas baixas na Sele\u00e7\u00e3o de Dunga que se encontra nesta segunda-feira nos EUA para os amistosos com Col\u00f4mbia e Equador, e uma velha e boa novidade: a volta de Robinho, no lugar de Hulk.<\/p>\n<p>Digo isso porque Robinho, apesar de seus 30 anos de idade, continua l\u00e9pido e participativo como sempre, segundo provam suas recentes atua\u00e7\u00f5es pelo Santos. Isso, sem falar no talento que a natureza lhe deu.<\/p>\n<p>Mesmo porque, raras foram as vezes em que Robinho n\u00e3o correspondeu ao chamado da Sele\u00e7\u00e3o. Com a canarinho, at\u00e9 hoje, Robinho quase sempre jogou bem. At\u00e9 mesmo na sua \u00faltima convoca\u00e7\u00e3o por Felip\u00e3o, quando, ali\u00e1s, a Sele\u00e7\u00e3o teve uma boa atua\u00e7\u00e3o sem um centroavante fixo. S\u00f3 Felip\u00e3o n\u00e3o viu isso e pagou caro pela miopia na Copa.<\/p>\n<p>Ali\u00e1s, quem pagou caro fomos n\u00f3s, pois ele levou uma bolada generosa pelo fracasso.<\/p>\n<p>Mas, voltando \u00e0 vaca fria, apesar das boas surpresas que Dunga tem me reservado, n\u00e3o creio que ele ousasse tanto. Isto \u00e9: montar um time, do meio de campo pra frente, assim, \u00f3: Luiz Gustavo, Oscar e Everton Ribeiro; Robinho, Tardelli e Neymar.<\/p>\n<p>Sim, porque nossos treinadores, como boa parte da m\u00eddia e dos torcedores, s\u00e3o ref\u00e9ns do dogma dos dois volantes-volantes, caso contr\u00e1rio, nossa defesa estar\u00e1 exposta a um desastre sem precedentes.<\/p>\n<p>Ora, ora, o amigo tem visto o Chelsea jogar? N\u00e3o neste s\u00e1bado, pois Oscar ficou de fora, machucado. Mas, nas partidas anteriores, Oscar e F\u00e1bregas fizeram as duas meias, com o cl\u00e1ssico Matic um pouco mais atr\u00e1s. E cabe a Oscar ser o meia que mais recua e combate.<\/p>\n<p>Vale lembrar que cumpriu com perfei\u00e7\u00e3o essa fun\u00e7\u00e3o naquele Mundial Sub-20 sob o comando de Ney Franco. E, na Copa das Confedera\u00e7\u00f5es foi o jogador brasileiro que mais bolas roubou ao longo de todo o torneio.<\/p>\n<p>Everton Ribeiro, por sua vez, come\u00e7ou sua carreira no Corinthians como lateral-esquerdo, e no Cruzeiro atual faz muito bem esse papel de voltar, cercar e marcar os advers\u00e1rios, quando seu time \u00e9 obrigado a recuar.<\/p>\n<p>Logo, com esses jogadores, mais o apoio dos tr\u00eas da frente, todos velozes e solid\u00e1rios, a coisa n\u00e3o \u00e9 t\u00e3o temer\u00e1ria assim. Em contrapartida, quando estivermos com a bola nos p\u00e9s, sai de baixo, meu!<\/p>\n","protected":false},"excerpt":{"rendered":"<p>Duas baixas na Sele\u00e7\u00e3o de Dunga que se encontra nesta segunda-feira nos EUA para os amistosos com Col\u00f4mbia e Equador, e uma velha e boa <a class=\"read-more\" href=\"https:\/\/blogs.gazetaesportiva.com\/albertohelena\/2014\/08\/31\/robinho-diego-neymar-ja-pensou\/\">leia mais<\/a><\/p>\n","protected":false},"author":46,"featured_media":749,"comment_status":"open","ping_status":"open","sticky":false,"template":"","format":"standard","meta":{"_jetpack_newsletter_access":"","_jetpack_dont_email_post_to_subs":false,"_jetpack_newsletter_tier_id":0,"_jetpack_memberships_contains_paywalled_content":false,"_jetpack_memberships_contains_paid_content":false,"footnotes":""},"categories":[1],"tags":[],"class_list":["post-746","post","type-post","status-publish","format-standard","has-post-thumbnail","hentry","category-sem-categoria"],"jetpack_featured_media_url":"https:\/\/blogs.gazetaesportiva.com\/albertohelena\/files\/2014\/08\/robinho_640_vitor_silva.jpg","jetpack_sharing_enabled":true,"jetpack_shortlink":"https:\/\/wp.me\/pekB7q-c2","_links":{"self":[{"href":"https:\/\/blogs.gazetaesportiva.com\/albertohelena\/wp-json\/wp\/v2\/posts\/746","targetHints":{"allow":["GET"]}}],"collection":[{"href":"https:\/\/blogs.gazetaesportiva.com\/albertohelena\/wp-json\/wp\/v2\/posts"}],"about":[{"href":"https:\/\/blogs.gazetaesportiva.com\/albertohelena\/wp-json\/wp\/v2\/types\/post"}],"author":[{"embeddable":true,"href":"https:\/\/blogs.gazetaesportiva.com\/albertohelena\/wp-json\/wp\/v2\/users\/46"}],"replies":[{"embeddable":true,"href":"https:\/\/blogs.gazetaesportiva.com\/albertohelena\/wp-json\/wp\/v2\/comments?post=746"}],"version-history":[{"count":0,"href":"https:\/\/blogs.gazetaesportiva.com\/albertohelena\/wp-json\/wp\/v2\/posts\/746\/revisions"}],"wp:featuredmedia":[{"embeddable":true,"href":"https:\/\/blogs.gazetaesportiva.com\/albertohelena\/wp-json\/wp\/v2\/media\/749"}],"wp:attachment":[{"href":"https:\/\/blogs.gazetaesportiva.com\/albertohelena\/wp-json\/wp\/v2\/media?parent=746"}],"wp:term":[{"taxonomy":"category","embeddable":true,"href":"https:\/\/blogs.gazetaesportiva.com\/albertohelena\/wp-json\/wp\/v2\/categories?post=746"},{"taxonomy":"post_tag","embeddable":true,"href":"https:\/\/blogs.gazetaesportiva.com\/albertohelena\/wp-json\/wp\/v2\/tags?post=746"}],"curies":[{"name":"wp","href":"https:\/\/api.w.org\/{rel}","templated":true}]}}