{"id":742,"date":"2014-08-31T18:44:00","date_gmt":"2014-08-31T21:44:00","guid":{"rendered":"https:\/\/blogs.gazetaesportiva.com\/albertohelena\/?p=742"},"modified":"2014-08-31T18:58:51","modified_gmt":"2014-08-31T21:58:51","slug":"timao-e-tricolor-cenarios-iguais","status":"publish","type":"post","link":"https:\/\/blogs.gazetaesportiva.com\/albertohelena\/2014\/08\/31\/timao-e-tricolor-cenarios-iguais\/","title":{"rendered":"Tim\u00e3o e Tricolor: cen\u00e1rios iguais"},"content":{"rendered":"<figure id=\"attachment_744\" aria-describedby=\"caption-attachment-744\" style=\"width: 640px\" class=\"wp-caption aligncenter\"><a href=\"https:\/\/blogs.gazetaesportiva.com\/albertohelena\/files\/2014\/08\/ceni_640_chiri.jpg\"><img loading=\"lazy\" decoding=\"async\" data-attachment-id=\"744\" data-permalink=\"https:\/\/blogs.gazetaesportiva.com\/albertohelena\/2014\/08\/31\/timao-e-tricolor-cenarios-iguais\/ceni_640_chiri\/\" data-orig-file=\"https:\/\/blogs.gazetaesportiva.com\/albertohelena\/files\/2014\/08\/ceni_640_chiri.jpg\" data-orig-size=\"640,300\" data-comments-opened=\"1\" data-image-meta=\"{&quot;aperture&quot;:&quot;0&quot;,&quot;credit&quot;:&quot;&quot;,&quot;camera&quot;:&quot;&quot;,&quot;caption&quot;:&quot;&quot;,&quot;created_timestamp&quot;:&quot;0&quot;,&quot;copyright&quot;:&quot;&quot;,&quot;focal_length&quot;:&quot;0&quot;,&quot;iso&quot;:&quot;0&quot;,&quot;shutter_speed&quot;:&quot;0&quot;,&quot;title&quot;:&quot;&quot;}\" data-image-title=\"ceni_640_chiri\" data-image-description=\"\" data-image-caption=\"\" data-medium-file=\"https:\/\/blogs.gazetaesportiva.com\/albertohelena\/files\/2014\/08\/ceni_640_chiri.jpg\" data-large-file=\"https:\/\/blogs.gazetaesportiva.com\/albertohelena\/files\/2014\/08\/ceni_640_chiri.jpg\" class=\"size-full wp-image-744\" alt=\"Foto: Rubens Chiri\/SPFC\" src=\"https:\/\/blogs.gazetaesportiva.com\/albertohelena\/files\/2014\/08\/ceni_640_chiri.jpg\" width=\"640\" height=\"300\" \/><\/a><figcaption id=\"caption-attachment-744\" class=\"wp-caption-text\">Foto: Rubens Chiri\/SPFC<\/figcaption><\/figure>\n<p>No fim das contas, o cen\u00e1rio n\u00e3o mudou muito para Corinthians e S\u00e3o Paulo, que seguem ali na zona da Libertadores e de olho na disputa pelo t\u00edtulo do Brasileir\u00e3o, depois dos respectivos empates por 1 a 1 nesta tarde de domingo.<\/p>\n<p>Ambos, ali\u00e1s, sa\u00edram perdendo e chegaram ao empate no segundo tempo, mas, em circunst\u00e2ncias diferentes.<\/p>\n<p>O Corinthians, mesmo estimulado pela Fiel em pleno Itaquer\u00e3o, permitiu que o Flu, sem C\u00edcero, dominasse a bola e os espa\u00e7os na etapa inicial. N\u00e3o muito, mas o suficiente para merecer a abertura da contagem, j\u00e1 no finzinho desse per\u00edodo, em p\u00eanalti cometido por Gil em Wagner e convertido por Fred.<\/p>\n<p>O mesmo Fred que, j\u00e1 no segundo tempo, teve outra grande chance, num cabeceio \u00e0 queima-roupa que C\u00e1ssio defendeu espetacularmente. E, logo em seguida, gol leg\u00edtimo de Henrique que o juiz anula.<\/p>\n<p>Nessas alturas, com a entrada de Renato Augusto no intervalo, o Tim\u00e3o j\u00e1 era dono do jogo, pressionava,criava boas chances e acabaria chegando ao empate com Romarinho, em bela incurs\u00e3o de Renato Augusto \u00e0 \u00e1rea tricolor.<\/p>\n<p>Pouco antes, Romero metera uma bola na trave e, pouco depois, houve p\u00eanalti a favor do Tim\u00e3o que o juiz n\u00e3o deu.<\/p>\n<p>J\u00e1 o S\u00e3o Paulo, mesmo sem Ganso e Pato, se n\u00e3o foi muito superior ao Figueira, em Floripa, pelo menos manteve a cabe\u00e7a erguida a maior parte do tempo.<\/p>\n<p>No primeiro, Kak\u00e1 teve o gol a seus p\u00e9s, mas chutou em cima do goleiro.<\/p>\n<p>No segundo, logo aos 2 minutos, Giovanni Augusto disparou, recebeu, bateu, Ceni rebateu e o atacante guardou em falha coletiva da zaga tricolor.<\/p>\n<p>Ainda assim, o S\u00e3o Paulo n\u00e3o se abateu e foi em busca do empate, que veio na cobran\u00e7a de p\u00eanalti por Rog\u00e9rio Ceni, que alcan\u00e7a o m\u00edtico Pedro Rocha no d\u00e9cimo primeiro lugar da artilharia hist\u00f3rica do S\u00e3o Paulo.<\/p>\n<p>Para um goleiro, meu Deus! Vale apenas lembrar que Pedro Rocha, no Uruguai, foi batizado de <i>El Verdugo<\/i>, O Carrasco, por tantos gols marcados em sua gloriosa carreira.<\/p>\n<p>Quem decepcionou mesmo foi o Santos, diante do Botafogo. N\u00e3o s\u00f3 perdeu por 1 a 0, num gola\u00e7o do menino Daniel \u2013 um disparo longo e exato -, como se submeteu ao dom\u00ednio do Glorioso no segundo tempo.<\/p>\n<p>Derrota amenizada pela atitude civilizada da torcida do Botafogo, que se solidarizou com Aranha, v\u00edtima de atos racistas no jogo com o Gr\u00eamio, no meio de semana, gritando seu nome e estendendo faixa alvinegra, com os dizeres \u201cSomos pretos, somos brancos, somos iguais\u201d.<\/p>\n","protected":false},"excerpt":{"rendered":"<p>No fim das contas, o cen\u00e1rio n\u00e3o mudou muito para Corinthians e S\u00e3o Paulo, que seguem ali na zona da Libertadores e de olho na <a class=\"read-more\" href=\"https:\/\/blogs.gazetaesportiva.com\/albertohelena\/2014\/08\/31\/timao-e-tricolor-cenarios-iguais\/\">leia mais<\/a><\/p>\n","protected":false},"author":46,"featured_media":744,"comment_status":"open","ping_status":"open","sticky":false,"template":"","format":"standard","meta":{"_jetpack_newsletter_access":"","_jetpack_dont_email_post_to_subs":false,"_jetpack_newsletter_tier_id":0,"_jetpack_memberships_contains_paywalled_content":false,"_jetpack_memberships_contains_paid_content":false,"footnotes":""},"categories":[1],"tags":[],"class_list":["post-742","post","type-post","status-publish","format-standard","has-post-thumbnail","hentry","category-sem-categoria"],"jetpack_featured_media_url":"https:\/\/blogs.gazetaesportiva.com\/albertohelena\/files\/2014\/08\/ceni_640_chiri.jpg","jetpack_sharing_enabled":true,"jetpack_shortlink":"https:\/\/wp.me\/pekB7q-bY","_links":{"self":[{"href":"https:\/\/blogs.gazetaesportiva.com\/albertohelena\/wp-json\/wp\/v2\/posts\/742","targetHints":{"allow":["GET"]}}],"collection":[{"href":"https:\/\/blogs.gazetaesportiva.com\/albertohelena\/wp-json\/wp\/v2\/posts"}],"about":[{"href":"https:\/\/blogs.gazetaesportiva.com\/albertohelena\/wp-json\/wp\/v2\/types\/post"}],"author":[{"embeddable":true,"href":"https:\/\/blogs.gazetaesportiva.com\/albertohelena\/wp-json\/wp\/v2\/users\/46"}],"replies":[{"embeddable":true,"href":"https:\/\/blogs.gazetaesportiva.com\/albertohelena\/wp-json\/wp\/v2\/comments?post=742"}],"version-history":[{"count":0,"href":"https:\/\/blogs.gazetaesportiva.com\/albertohelena\/wp-json\/wp\/v2\/posts\/742\/revisions"}],"wp:featuredmedia":[{"embeddable":true,"href":"https:\/\/blogs.gazetaesportiva.com\/albertohelena\/wp-json\/wp\/v2\/media\/744"}],"wp:attachment":[{"href":"https:\/\/blogs.gazetaesportiva.com\/albertohelena\/wp-json\/wp\/v2\/media?parent=742"}],"wp:term":[{"taxonomy":"category","embeddable":true,"href":"https:\/\/blogs.gazetaesportiva.com\/albertohelena\/wp-json\/wp\/v2\/categories?post=742"},{"taxonomy":"post_tag","embeddable":true,"href":"https:\/\/blogs.gazetaesportiva.com\/albertohelena\/wp-json\/wp\/v2\/tags?post=742"}],"curies":[{"name":"wp","href":"https:\/\/api.w.org\/{rel}","templated":true}]}}