{"id":732,"date":"2014-08-30T22:15:44","date_gmt":"2014-08-31T01:15:44","guid":{"rendered":"https:\/\/blogs.gazetaesportiva.com\/albertohelena\/?p=732"},"modified":"2014-08-30T22:23:25","modified_gmt":"2014-08-31T01:23:25","slug":"732","status":"publish","type":"post","link":"https:\/\/blogs.gazetaesportiva.com\/albertohelena\/2014\/08\/30\/732\/","title":{"rendered":"Domingo de Tim\u00e3o, Tricolor e Peixe"},"content":{"rendered":"<figure id=\"attachment_736\" aria-describedby=\"caption-attachment-736\" style=\"width: 640px\" class=\"wp-caption aligncenter\"><a href=\"https:\/\/blogs.gazetaesportiva.com\/albertohelena\/files\/2014\/08\/kaka_sb.jpg\"><img loading=\"lazy\" decoding=\"async\" data-attachment-id=\"736\" data-permalink=\"https:\/\/blogs.gazetaesportiva.com\/albertohelena\/2014\/08\/30\/732\/kaka_sb\/\" data-orig-file=\"https:\/\/blogs.gazetaesportiva.com\/albertohelena\/files\/2014\/08\/kaka_sb.jpg\" data-orig-size=\"640,400\" data-comments-opened=\"1\" data-image-meta=\"{&quot;aperture&quot;:&quot;0&quot;,&quot;credit&quot;:&quot;&quot;,&quot;camera&quot;:&quot;&quot;,&quot;caption&quot;:&quot;&quot;,&quot;created_timestamp&quot;:&quot;0&quot;,&quot;copyright&quot;:&quot;&quot;,&quot;focal_length&quot;:&quot;0&quot;,&quot;iso&quot;:&quot;0&quot;,&quot;shutter_speed&quot;:&quot;0&quot;,&quot;title&quot;:&quot;&quot;}\" data-image-title=\"Foto: Sergio Barzaghi\/Gazeta Press\" data-image-description=\"\" data-image-caption=\"\" data-medium-file=\"https:\/\/blogs.gazetaesportiva.com\/albertohelena\/files\/2014\/08\/kaka_sb.jpg\" data-large-file=\"https:\/\/blogs.gazetaesportiva.com\/albertohelena\/files\/2014\/08\/kaka_sb.jpg\" class=\"size-full wp-image-736\" alt=\"Foto: Sergio Barzaghi\/Gazeta Press\" src=\"https:\/\/blogs.gazetaesportiva.com\/albertohelena\/files\/2014\/08\/kaka_sb.jpg\" width=\"640\" height=\"400\" \/><\/a><figcaption id=\"caption-attachment-736\" class=\"wp-caption-text\">Foto: Sergio Barzaghi\/Gazeta Press<\/figcaption><\/figure>\n<p>O S\u00e3o Paulo, sem Pato, Ganso e \u00c1lvaro Pereira, tenta manter-se na vice-lideran\u00e7a, ocupada temporariamente pelo Inter, enquanto o Corinthians quer se manter engatilhado no G-4, \u00e0 espera da hora do grande salto. J\u00e1 o Santos fica s\u00f3 procurando a brecha para se aproximar deles, comendo pelas beiradas.<\/p>\n<p>Sua grande chance de avan\u00e7ar \u00e9 neste domingo, quando enfrenta o Botafogo, um time t\u00e3o inst\u00e1vel que n\u00e3o consegue se aproveitar do Maracan\u00e3 para somar aqueles pontos naturais. E isso ser\u00e1 ainda mais poss\u00edvel se Robinho repetir as \u00f3timas atua\u00e7\u00f5es dos \u00faltimos jogos, desde a sua volta \u00e0 Vila.<\/p>\n<p>Assim como \u00e9 bem poss\u00edvel o S\u00e3o Paulo passar pelo Figueira, em Floripa, apesar dos recentes \u00eaxitos dos catarinas e dos desfalques tricolores. Afinal, o Tricolor se acostumou recentemente a jogar melhor fora do Morumbi, e ainda por cima ter\u00e1 Kak\u00e1 de volta e um Michel Bastos j\u00e1 mais ajustado \u00e0 equipe. Quem sabe?<\/p>\n<p>Duro mesmo vai ser o Tim\u00e3o bater o Fluminense de C\u00edcero, Conca, S\u00f3bis e Fred, que voltou a marcar, mesmo em pleno Itaquer\u00e3o, diante de sua fiel torcida.<\/p>\n<p>Isso porque, se o Tim\u00e3o j\u00e1 sofre da estiagem de gols com Guerrero, imagine sem ele.<\/p>\n<p>Ah, mas meteu cinco no Goi\u00e1s, outro dia. \u00c9 verdade. Tamb\u00e9m pensei assim: agora, quebrou o encanto l\u00e1 na frente, e o Corinthians vai. N\u00e3o foi.<\/p>\n<p>Joga certinho, corre poucos riscos, cria algumas chances de gol, mas n\u00e3o rompe esse c\u00edrculo de giz m\u00e1gico. Sobretudo, porque, quando faz 1 a 0, recua e fica ali cozinhando o galo, como \u00e0 espera de que o advers\u00e1rio empate e s\u00f3 ent\u00e3o, no finzinho, parte para o sufoco que nem sempre resulta no gol da vit\u00f3ria.<\/p>\n<p>\u00c9 tudo muito correto, taticamente disciplinado esse Corinthians. Terno impec\u00e1vel, camisa passada, gravata elegante e discreta, sapatos de couro leg\u00edtimo engraxado, mas sem brilho, como manda o figurino, \u00e9 assim que personifico o Corinthians atual.<\/p>\n<p>Sabe o que acho? Acho que est\u00e1 faltando um toque de mal\u00edcia, certa breguice malandra, uma gota de subvers\u00e3o, o drible inesperado, um moleque safado que pegue a bola, meta entre as pernas do advers\u00e1rio, d\u00ea um chap\u00e9u no outro e v\u00e1 pra dentro da \u00e1rea espalhando p\u00e2nico na defesa, mesmo que o gol n\u00e3o saia, afinal.<\/p>\n<p>Falta, enfim, um pouco daquele Brasil inzoneiro, nost\u00e1lgico, dos velhos tempos. Mas, isso n\u00e3o \u00e9 exclusividade do Corinthians, n\u00e3o. Infelizmente.<\/p>\n","protected":false},"excerpt":{"rendered":"<p>O S\u00e3o Paulo, sem Pato, Ganso e \u00c1lvaro Pereira, tenta manter-se na vice-lideran\u00e7a, ocupada temporariamente pelo Inter, enquanto o Corinthians quer se manter engatilhado no <a class=\"read-more\" href=\"https:\/\/blogs.gazetaesportiva.com\/albertohelena\/2014\/08\/30\/732\/\">leia mais<\/a><\/p>\n","protected":false},"author":46,"featured_media":736,"comment_status":"open","ping_status":"open","sticky":false,"template":"","format":"standard","meta":{"_jetpack_newsletter_access":"","_jetpack_dont_email_post_to_subs":false,"_jetpack_newsletter_tier_id":0,"_jetpack_memberships_contains_paywalled_content":false,"_jetpack_memberships_contains_paid_content":false,"footnotes":""},"categories":[1],"tags":[],"class_list":["post-732","post","type-post","status-publish","format-standard","has-post-thumbnail","hentry","category-sem-categoria"],"jetpack_featured_media_url":"https:\/\/blogs.gazetaesportiva.com\/albertohelena\/files\/2014\/08\/kaka_sb.jpg","jetpack_sharing_enabled":true,"jetpack_shortlink":"https:\/\/wp.me\/sekB7q-732","_links":{"self":[{"href":"https:\/\/blogs.gazetaesportiva.com\/albertohelena\/wp-json\/wp\/v2\/posts\/732","targetHints":{"allow":["GET"]}}],"collection":[{"href":"https:\/\/blogs.gazetaesportiva.com\/albertohelena\/wp-json\/wp\/v2\/posts"}],"about":[{"href":"https:\/\/blogs.gazetaesportiva.com\/albertohelena\/wp-json\/wp\/v2\/types\/post"}],"author":[{"embeddable":true,"href":"https:\/\/blogs.gazetaesportiva.com\/albertohelena\/wp-json\/wp\/v2\/users\/46"}],"replies":[{"embeddable":true,"href":"https:\/\/blogs.gazetaesportiva.com\/albertohelena\/wp-json\/wp\/v2\/comments?post=732"}],"version-history":[{"count":0,"href":"https:\/\/blogs.gazetaesportiva.com\/albertohelena\/wp-json\/wp\/v2\/posts\/732\/revisions"}],"wp:featuredmedia":[{"embeddable":true,"href":"https:\/\/blogs.gazetaesportiva.com\/albertohelena\/wp-json\/wp\/v2\/media\/736"}],"wp:attachment":[{"href":"https:\/\/blogs.gazetaesportiva.com\/albertohelena\/wp-json\/wp\/v2\/media?parent=732"}],"wp:term":[{"taxonomy":"category","embeddable":true,"href":"https:\/\/blogs.gazetaesportiva.com\/albertohelena\/wp-json\/wp\/v2\/categories?post=732"},{"taxonomy":"post_tag","embeddable":true,"href":"https:\/\/blogs.gazetaesportiva.com\/albertohelena\/wp-json\/wp\/v2\/tags?post=732"}],"curies":[{"name":"wp","href":"https:\/\/api.w.org\/{rel}","templated":true}]}}