{"id":730,"date":"2014-08-30T21:25:09","date_gmt":"2014-08-31T00:25:09","guid":{"rendered":"https:\/\/blogs.gazetaesportiva.com\/albertohelena\/?p=730"},"modified":"2014-08-30T22:25:23","modified_gmt":"2014-08-31T01:25:23","slug":"negro-para-o-verdao-azul-para-os-azuis","status":"publish","type":"post","link":"https:\/\/blogs.gazetaesportiva.com\/albertohelena\/2014\/08\/30\/negro-para-o-verdao-azul-para-os-azuis\/","title":{"rendered":"Negro, para o Verd\u00e3o; azul, para os azuis"},"content":{"rendered":"<figure id=\"attachment_738\" aria-describedby=\"caption-attachment-738\" style=\"width: 640px\" class=\"wp-caption aligncenter\"><a href=\"https:\/\/blogs.gazetaesportiva.com\/albertohelena\/files\/2014\/08\/moreno_640x350_div.jpg\"><img loading=\"lazy\" decoding=\"async\" data-attachment-id=\"738\" data-permalink=\"https:\/\/blogs.gazetaesportiva.com\/albertohelena\/2014\/08\/30\/negro-para-o-verdao-azul-para-os-azuis\/moreno_640x350_div\/\" data-orig-file=\"https:\/\/blogs.gazetaesportiva.com\/albertohelena\/files\/2014\/08\/moreno_640x350_div.jpg\" data-orig-size=\"640,350\" data-comments-opened=\"1\" data-image-meta=\"{&quot;aperture&quot;:&quot;0&quot;,&quot;credit&quot;:&quot;&quot;,&quot;camera&quot;:&quot;&quot;,&quot;caption&quot;:&quot;&quot;,&quot;created_timestamp&quot;:&quot;0&quot;,&quot;copyright&quot;:&quot;&quot;,&quot;focal_length&quot;:&quot;0&quot;,&quot;iso&quot;:&quot;0&quot;,&quot;shutter_speed&quot;:&quot;0&quot;,&quot;title&quot;:&quot;&quot;}\" data-image-title=\"Cr\u00e9dito: Gualter Naves\/Light Press\" data-image-description=\"\" data-image-caption=\"&lt;p&gt;Cr\u00e9dito: Gualter Naves\/Light Press&lt;\/p&gt;\n\" data-medium-file=\"https:\/\/blogs.gazetaesportiva.com\/albertohelena\/files\/2014\/08\/moreno_640x350_div.jpg\" data-large-file=\"https:\/\/blogs.gazetaesportiva.com\/albertohelena\/files\/2014\/08\/moreno_640x350_div.jpg\" class=\"size-full wp-image-738\" alt=\"Cr\u00e9dito: Gualter Naves\/Light Press\" src=\"https:\/\/blogs.gazetaesportiva.com\/albertohelena\/files\/2014\/08\/moreno_640x350_div.jpg\" width=\"640\" height=\"350\" \/><\/a><figcaption id=\"caption-attachment-738\" class=\"wp-caption-text\">Cr\u00e9dito: Gualter Naves\/Light Press<\/figcaption><\/figure>\n<p>O s\u00e1bado amanheceu nublado em Manchester, onde o United, com uma forma\u00e7\u00e3o esdr\u00faxula, na estreia de Di Maria, n\u00e3o conseguiu sair do zero diante do pequeno Burnley, que, por sinal, criou mais chances no primeiro tempo do que os Diabos Vermelhos.<\/p>\n<p>Pior ainda foi o outro Manchester, o City, que perdeu do Stoke por 1 a 0, deixando para mais um dos candidatos ao t\u00edtulo, o Chelsea, a cereja do bolo.<\/p>\n<p>Sim, porque Chelsea e Everton protagonizaram um espet\u00e1culo de se ver repetidas vezes. Um jogo lancinante, l\u00e1 e c\u00e1 o tempo todo, sob o del\u00edrio da torcida do Everton, que terminou com o placar apontando 6 a 3 para os azuis londrinos. E olhe que poderia ter sido algo por volta de 8 a 5, sem exagero.<\/p>\n<p>Desconfio que o Cruzeiro se inspirou nesse jogo para virar sobre o Chapecoense, no Mineir\u00e3o, por 4 a 2, depois de um primeiro tempo angustiante, em que o l\u00edder sofreu um gol por acaso \u2013 chute fraco que desviou em Zezinho e deslocou F\u00e1bio -, e passou o resto do tempo al\u00e7ando bolas perigosas mas in\u00fateis \u00e0 \u00e1rea inimiga.<\/p>\n<p>E \u00e9 aqui que entra o dedo do t\u00e9cnico Marcelo Oliveira. No intervalo, sacou William e colocou em seu lugar o menino Alisson. Na primeira bola, Alisson meteu-a na cabe\u00e7a de L\u00e9o: 1 a 1. Um minuto depois, Marcelo Moreno, de cabe\u00e7a, desempatou. E, logo em seguida, o mesmo Alisson ampliou para tranquilizar a Raposa, que nem tomou conhecimento do gol de Bruno Rangel e acabou emplacando a goleada final, pois Marcelo Moreno, novamente, guardou a bichinha nas redes de Chapec\u00f3.<\/p>\n<p>Por falar em goleada, esta, do Cruzeiro, apesar das dificuldades iniciais, era esperada. Inesperada mesmo foi aquela que, pouco antes, o Ava\u00ed impingiu no Vasco, pela S\u00e9rie B: 5 a 0, sem susto nem piedade. Foi o que bastou para decretar a queda de Ad\u00edlson Batista, um cara inteligente que n\u00e3o d\u00e1 sorte h\u00e1 um bocado de tempo.<\/p>\n<p>J\u00e1 no Pacaembu, o Palmeiras segue sua via prova\u00e7\u00e3o em pleno ano de seu centen\u00e1rio. At\u00e9 que vinha jogando bem, de in\u00edcio, apertando o Inter e tal e cousa e lousa e maripousa. Mas, num bal\u00e3o de Dida, Rafael Moura desvia de cabe\u00e7a para Jorge Henrique entrar livre, na cara de um hesitante F\u00e1bio e sob as vistas perplexas de L\u00facio e Juninho, que mal se mexeram: 1 a 0, placar final.<\/p>\n<p>Final porque o Inter ainda desperdi\u00e7ou duas chances incr\u00edveis, com Ar\u00e1nguiz, em providencial defesa de F\u00e1bio, e de Jorge Henrique. Isso, s\u00f3 no primeiro tempo. No segundo, ficamos naquele chove e n\u00e3o molha at\u00e9 que Allione, no momento de press\u00e3o descontrolada do Verd\u00e3o, chutasse por cima a chance do empate.<\/p>\n<p>Noite fria e nublada na Mooca e no Bexiga, \u00faltimos redutos italianos de S\u00e3o Paulo. E, claro, estrelado com o Cruzeiro do Sul brilhando nos c\u00e9us de Minas e do resto do Brasil.<\/p>\n","protected":false},"excerpt":{"rendered":"<p>O s\u00e1bado amanheceu nublado em Manchester, onde o United, com uma forma\u00e7\u00e3o esdr\u00faxula, na estreia de Di Maria, n\u00e3o conseguiu sair do zero diante do <a class=\"read-more\" href=\"https:\/\/blogs.gazetaesportiva.com\/albertohelena\/2014\/08\/30\/negro-para-o-verdao-azul-para-os-azuis\/\">leia mais<\/a><\/p>\n","protected":false},"author":46,"featured_media":738,"comment_status":"open","ping_status":"open","sticky":false,"template":"","format":"standard","meta":{"_jetpack_newsletter_access":"","_jetpack_dont_email_post_to_subs":false,"_jetpack_newsletter_tier_id":0,"_jetpack_memberships_contains_paywalled_content":false,"_jetpack_memberships_contains_paid_content":false,"footnotes":""},"categories":[1],"tags":[],"class_list":["post-730","post","type-post","status-publish","format-standard","has-post-thumbnail","hentry","category-sem-categoria"],"jetpack_featured_media_url":"https:\/\/blogs.gazetaesportiva.com\/albertohelena\/files\/2014\/08\/moreno_640x350_div.jpg","jetpack_sharing_enabled":true,"jetpack_shortlink":"https:\/\/wp.me\/pekB7q-bM","_links":{"self":[{"href":"https:\/\/blogs.gazetaesportiva.com\/albertohelena\/wp-json\/wp\/v2\/posts\/730","targetHints":{"allow":["GET"]}}],"collection":[{"href":"https:\/\/blogs.gazetaesportiva.com\/albertohelena\/wp-json\/wp\/v2\/posts"}],"about":[{"href":"https:\/\/blogs.gazetaesportiva.com\/albertohelena\/wp-json\/wp\/v2\/types\/post"}],"author":[{"embeddable":true,"href":"https:\/\/blogs.gazetaesportiva.com\/albertohelena\/wp-json\/wp\/v2\/users\/46"}],"replies":[{"embeddable":true,"href":"https:\/\/blogs.gazetaesportiva.com\/albertohelena\/wp-json\/wp\/v2\/comments?post=730"}],"version-history":[{"count":0,"href":"https:\/\/blogs.gazetaesportiva.com\/albertohelena\/wp-json\/wp\/v2\/posts\/730\/revisions"}],"wp:featuredmedia":[{"embeddable":true,"href":"https:\/\/blogs.gazetaesportiva.com\/albertohelena\/wp-json\/wp\/v2\/media\/738"}],"wp:attachment":[{"href":"https:\/\/blogs.gazetaesportiva.com\/albertohelena\/wp-json\/wp\/v2\/media?parent=730"}],"wp:term":[{"taxonomy":"category","embeddable":true,"href":"https:\/\/blogs.gazetaesportiva.com\/albertohelena\/wp-json\/wp\/v2\/categories?post=730"},{"taxonomy":"post_tag","embeddable":true,"href":"https:\/\/blogs.gazetaesportiva.com\/albertohelena\/wp-json\/wp\/v2\/tags?post=730"}],"curies":[{"name":"wp","href":"https:\/\/api.w.org\/{rel}","templated":true}]}}