{"id":720,"date":"2014-08-29T22:23:31","date_gmt":"2014-08-30T01:23:31","guid":{"rendered":"https:\/\/blogs.gazetaesportiva.com\/albertohelena\/?p=720"},"modified":"2014-08-30T01:11:31","modified_gmt":"2014-08-30T04:11:31","slug":"720","status":"publish","type":"post","link":"https:\/\/blogs.gazetaesportiva.com\/albertohelena\/2014\/08\/29\/720\/","title":{"rendered":"Cumpra-se a lei"},"content":{"rendered":"<figure id=\"attachment_716\" aria-describedby=\"caption-attachment-716\" style=\"width: 640px\" class=\"wp-caption aligncenter\"><a href=\"https:\/\/blogs.gazetaesportiva.com\/albertohelena\/files\/2014\/08\/aranha_MAT.jpg\"><img loading=\"lazy\" decoding=\"async\" data-attachment-id=\"716\" data-permalink=\"https:\/\/blogs.gazetaesportiva.com\/albertohelena\/2014\/08\/28\/aranha-na-teia-do-racismo\/aranha_mat\/\" data-orig-file=\"https:\/\/blogs.gazetaesportiva.com\/albertohelena\/files\/2014\/08\/aranha_MAT.jpg\" data-orig-size=\"640,427\" data-comments-opened=\"1\" data-image-meta=\"{&quot;aperture&quot;:&quot;0&quot;,&quot;credit&quot;:&quot;&quot;,&quot;camera&quot;:&quot;&quot;,&quot;caption&quot;:&quot;&quot;,&quot;created_timestamp&quot;:&quot;0&quot;,&quot;copyright&quot;:&quot;&quot;,&quot;focal_length&quot;:&quot;0&quot;,&quot;iso&quot;:&quot;0&quot;,&quot;shutter_speed&quot;:&quot;0&quot;,&quot;title&quot;:&quot;&quot;}\" data-image-title=\"Roberto Vin\u00edcius \/ Ag\u00eancia Eleven\/Gazeta Press\" data-image-description=\"\" data-image-caption=\"\" data-medium-file=\"https:\/\/blogs.gazetaesportiva.com\/albertohelena\/files\/2014\/08\/aranha_MAT.jpg\" data-large-file=\"https:\/\/blogs.gazetaesportiva.com\/albertohelena\/files\/2014\/08\/aranha_MAT.jpg\" class=\"size-full wp-image-716\" alt=\"Roberto Vin\u00edcius \/ Ag\u00eancia Eleven\/Gazeta Press\" src=\"https:\/\/blogs.gazetaesportiva.com\/albertohelena\/files\/2014\/08\/aranha_MAT.jpg\" width=\"640\" height=\"427\" \/><\/a><figcaption id=\"caption-attachment-716\" class=\"wp-caption-text\">Roberto Vin\u00edcius \/ Ag\u00eancia Eleven\/Gazeta Press<\/figcaption><\/figure>\n<p>O STJD anunciou que o segundo jogo pela Copa do Brasil entre Santos e Gr\u00eamio est\u00e1 suspenso at\u00e9 que o caso Aranha seja julgado.<\/p>\n<p>H\u00e1 quem defenda a tese de que o clube n\u00e3o merece puni\u00e7\u00e3o por ato deste ou daquele torcedor mais tresloucado, a n\u00e3o ser quando se trata de quest\u00e3o de seguran\u00e7a. E, seguran\u00e7a, aqui, quer dizer agress\u00f5es f\u00edsicas, seja por envio de objetos ao campo de jogo, seja por briga de torcidas, essas coisas.<\/p>\n<p>S\u00f3 o corpo? E a alma, esse sutil e complexo conjunto de sentimentos, sensa\u00e7\u00f5es e percep\u00e7\u00f5es que alguns creem nosso \u00fanico v\u00ednculo com a imortalidade, essa n\u00e3o mereceria ainda maior prote\u00e7\u00e3o? Sim, porque o que a atinge n\u00e3o \u00e9 o gesto f\u00edsico, um soco, um pontap\u00e9, uma cabe\u00e7ada, cuja dor dura o tempo de o calombo regredir, o nariz parar de sangrar, o galo conter suas pulsa\u00e7\u00f5es.<\/p>\n<p>\u00c9 a ins\u00eddia que se instala na alma agredida e ali fica para sempre, manifestando-se nos pesadelos, nos acanhamentos ou atitudes agressivas da v\u00edtima, at\u00e9 mesmo na sua maneira de ver o mundo, com um olhar desconfiado, quando n\u00e3o carregado de \u00f3dio. E a\u00ed a v\u00edtima passa a ser mais um elo na corrente do \u00f3dio, porque vai descontar naquele outro, que, por sua vez, repica num quarto e assim segue o racismo destilando veneno por todas as vertentes.<\/p>\n<p>Ora, n\u00e3o s\u00e3o esses mesmos cartolas, seu antecessores e certamente seus sucessores, que vivem repetindo o mesmo mantra, s\u00f3 pra ado\u00e7ar o bico da mo\u00e7ada: &#8220;Ah, nosso maior patrim\u00f4nio \u00e9 a nossa torcida!&#8221;<\/p>\n<p>Se a torcida \u00e9 o maior patrim\u00f4nio do clube, ent\u00e3o o clube \u00e9 o maior respons\u00e1vel pela torcida, l\u00f3gico.<\/p>\n<p>O mais l\u00f3gico, por\u00e9m, nessa hist\u00f3ria toda \u00e9 que se cumpra a lei, gostemos ou n\u00e3o dela. Porque num estado de direito, a lei \u00e9 que rege as a\u00e7\u00f5es dos homens, embora a meu ver, devesse ser a consci\u00eancia. Mas, quem sou eu? Afinal, o pr\u00f3prio Criador deu-nos o livre-arb\u00edtrio (a consci\u00eancia), mas, desconfiado, foi logo estabelecendo as dez leis b\u00e1sicas a Mois\u00e9s, por tr\u00e1s das sar\u00e7as em fogo.<\/p>\n<p>E, se a lei diz que o clube deve ser punido por atos de racismo de sua torcida, cumpra-se a lei, ora bolas.<\/p>\n<p>Ah, mas neste pa\u00eds, n\u00e3o se cumpre a lei nem em casos mais graves, dir\u00e1 o amigo c\u00e9tico.<\/p>\n<p>Essa sensa\u00e7\u00e3o de impunidade, \u00e9 verdade, permeia nossa sociedade em todas as latitudes. Mas, n\u00e3o \u00e9 bem assim: os que costumam escapar pela tangente s\u00e3o os mais poderosos, os mais ricos, aqueles que t\u00eam um lobby mais eficiente. E, mesmo alguns deles t\u00eam ca\u00eddo de cara no ch\u00e3o. Os demais pagam caro por suas infra\u00e7\u00f5es.<\/p>\n<p>Por fim, que diabo!, se nem no futebol, uma atividade de import\u00e2ncia relativa, se pode aplicar a lei em sua plenitude, a\u00ed, ent\u00e3o, \u00e9 que estamos definitivamente ferrados.<\/p>\n","protected":false},"excerpt":{"rendered":"<p>O STJD anunciou que o segundo jogo pela Copa do Brasil entre Santos e Gr\u00eamio est\u00e1 suspenso at\u00e9 que o caso Aranha seja julgado. H\u00e1 <a class=\"read-more\" href=\"https:\/\/blogs.gazetaesportiva.com\/albertohelena\/2014\/08\/29\/720\/\">leia mais<\/a><\/p>\n","protected":false},"author":46,"featured_media":729,"comment_status":"open","ping_status":"open","sticky":false,"template":"","format":"standard","meta":{"_jetpack_newsletter_access":"","_jetpack_dont_email_post_to_subs":false,"_jetpack_newsletter_tier_id":0,"_jetpack_memberships_contains_paywalled_content":false,"_jetpack_memberships_contains_paid_content":false,"footnotes":""},"categories":[1],"tags":[],"class_list":["post-720","post","type-post","status-publish","format-standard","has-post-thumbnail","hentry","category-sem-categoria"],"jetpack_featured_media_url":"https:\/\/blogs.gazetaesportiva.com\/albertohelena\/files\/2014\/08\/aranha2.jpg","jetpack_sharing_enabled":true,"jetpack_shortlink":"https:\/\/wp.me\/sekB7q-720","_links":{"self":[{"href":"https:\/\/blogs.gazetaesportiva.com\/albertohelena\/wp-json\/wp\/v2\/posts\/720","targetHints":{"allow":["GET"]}}],"collection":[{"href":"https:\/\/blogs.gazetaesportiva.com\/albertohelena\/wp-json\/wp\/v2\/posts"}],"about":[{"href":"https:\/\/blogs.gazetaesportiva.com\/albertohelena\/wp-json\/wp\/v2\/types\/post"}],"author":[{"embeddable":true,"href":"https:\/\/blogs.gazetaesportiva.com\/albertohelena\/wp-json\/wp\/v2\/users\/46"}],"replies":[{"embeddable":true,"href":"https:\/\/blogs.gazetaesportiva.com\/albertohelena\/wp-json\/wp\/v2\/comments?post=720"}],"version-history":[{"count":0,"href":"https:\/\/blogs.gazetaesportiva.com\/albertohelena\/wp-json\/wp\/v2\/posts\/720\/revisions"}],"wp:featuredmedia":[{"embeddable":true,"href":"https:\/\/blogs.gazetaesportiva.com\/albertohelena\/wp-json\/wp\/v2\/media\/729"}],"wp:attachment":[{"href":"https:\/\/blogs.gazetaesportiva.com\/albertohelena\/wp-json\/wp\/v2\/media?parent=720"}],"wp:term":[{"taxonomy":"category","embeddable":true,"href":"https:\/\/blogs.gazetaesportiva.com\/albertohelena\/wp-json\/wp\/v2\/categories?post=720"},{"taxonomy":"post_tag","embeddable":true,"href":"https:\/\/blogs.gazetaesportiva.com\/albertohelena\/wp-json\/wp\/v2\/tags?post=720"}],"curies":[{"name":"wp","href":"https:\/\/api.w.org\/{rel}","templated":true}]}}