{"id":714,"date":"2014-08-28T23:12:39","date_gmt":"2014-08-29T02:12:39","guid":{"rendered":"https:\/\/blogs.gazetaesportiva.com\/albertohelena\/?p=714"},"modified":"2014-08-28T23:36:54","modified_gmt":"2014-08-29T02:36:54","slug":"aranha-na-teia-do-racismo","status":"publish","type":"post","link":"https:\/\/blogs.gazetaesportiva.com\/albertohelena\/2014\/08\/28\/aranha-na-teia-do-racismo\/","title":{"rendered":"Aranha, na teia do racismo"},"content":{"rendered":"<figure id=\"attachment_718\" aria-describedby=\"caption-attachment-718\" style=\"width: 640px\" class=\"wp-caption aligncenter\"><a href=\"https:\/\/blogs.gazetaesportiva.com\/albertohelena\/files\/2014\/08\/aranha_MAT1.jpg\"><img loading=\"lazy\" decoding=\"async\" data-attachment-id=\"718\" data-permalink=\"https:\/\/blogs.gazetaesportiva.com\/albertohelena\/2014\/08\/28\/aranha-na-teia-do-racismo\/aranha_mat-2\/\" data-orig-file=\"https:\/\/blogs.gazetaesportiva.com\/albertohelena\/files\/2014\/08\/aranha_MAT1.jpg\" data-orig-size=\"640,427\" data-comments-opened=\"1\" data-image-meta=\"{&quot;aperture&quot;:&quot;0&quot;,&quot;credit&quot;:&quot;&quot;,&quot;camera&quot;:&quot;&quot;,&quot;caption&quot;:&quot;&quot;,&quot;created_timestamp&quot;:&quot;0&quot;,&quot;copyright&quot;:&quot;&quot;,&quot;focal_length&quot;:&quot;0&quot;,&quot;iso&quot;:&quot;0&quot;,&quot;shutter_speed&quot;:&quot;0&quot;,&quot;title&quot;:&quot;&quot;}\" data-image-title=\"aranha_MAT\" data-image-description=\"\" data-image-caption=\"&lt;p&gt;Roberto Vin&amp;iacute;cius\/Ag&amp;ecirc;ncia Eleven\/Gazeta Press&lt;\/p&gt;\n\" data-medium-file=\"https:\/\/blogs.gazetaesportiva.com\/albertohelena\/files\/2014\/08\/aranha_MAT1.jpg\" data-large-file=\"https:\/\/blogs.gazetaesportiva.com\/albertohelena\/files\/2014\/08\/aranha_MAT1.jpg\" class=\"size-full wp-image-718\" alt=\"Roberto Vin\u00edcius\/Ag\u00eancia Eleven\/Gazeta Press\" src=\"https:\/\/blogs.gazetaesportiva.com\/albertohelena\/files\/2014\/08\/aranha_MAT1.jpg\" width=\"640\" height=\"427\" \/><\/a><figcaption id=\"caption-attachment-718\" class=\"wp-caption-text\">Roberto Vin\u00edcius\/Ag\u00eancia Eleven\/Gazeta Press<\/figcaption><\/figure>\n<p>Desde os tempos da Ponte Preta admiro o futebol do goleiro Aranha: bom porte f\u00edsico, reflexos apurados e muita seguran\u00e7a quando vai na bola &#8211; um dos poucos goleiros brasileiros atuais, por sinal, que agarra a bichinha de primeira. Pois, \u00e0 admira\u00e7\u00e3o soma-se a minha solidariedade naquele vil epis\u00f3dio proporcionado por alguns torcedores do Gr\u00eamio &#8211; inclusive, uma senhora aloirada que soletra na c\u00e2mera lenta da tv: MA-CA-CO, com todas as letras e torpeza que a palavra, assim dita, encerra.<\/p>\n<p>E n\u00e3o me venham com aquela leni\u00eancia bem brasileira de que isso \u00e9 coisa de torcedor, no auge da paix\u00e3o cega. N\u00e3o \u00e9, n\u00e3o. \u00c9 a deforma\u00e7\u00e3o t\u00edpica de certas classes sociais &#8211; justamente aquelas que t\u00eam maior acesso \u00e0 educa\u00e7\u00e3o -, que veem no pobre e no negro uma esp\u00e9cie inferior, detest\u00e1vel, ainda mais se num campo qualquer destaca-se acima de seus pares. E, lamento muito que o t\u00e9cnico Felip\u00e3o, um l\u00edder inconteste de todos os gremistas, quase deificado no clube, n\u00e3o aproveitasse a oportunidade para deplor\u00e1vel tais atitudes e apontar o caminho de luz a seus seguidores.<\/p>\n<p>Ao contr\u00e1rio: foi expulso por reclamar do juiz, a quem xingou no intervalo, segundo os relatos de quem l\u00e1 estava, e, na entrevistya coletiva, limitou-se a cogitar da possibilidade de acionar na justi\u00e7a o \u00e1rbitro por perdas e danos.<\/p>\n<p>Mas, que esperar que quem j\u00e1 declarou publicamente que o general Pinochet, sanguin\u00e1rio ditador chileno, fez muita coisa boa para seu pa\u00eds?<\/p>\n<p>Voltando \u00e0 Aranha, aprovo com louvor sua revolta diante das ofensas criminosas de que foi v\u00edtima. Sim, porque, no Brasil, racismo \u00e9 crime inafian\u00e7\u00e1vel, e aquela mulher flagrada pelas c\u00e2meras de tv deveria ser indiciada pelo Minist\u00e9rio P\u00fablico e passar seus pr\u00f3ximos anos atr\u00e1s das grades, que \u00e9 onde devem ficar os animais mais perigosos ao conv\u00edvio humano.<\/p>\n<p>Assim como suas defesas providenciais quando o Gr\u00eamio mais pressionou, com as combina\u00e7\u00f5es espertas entre Giuliano, Dudu e Luan.<\/p>\n<p>O Peixe, por\u00e9m, foi mais incisivo e preciso nas chegadas \u00e0 meta tricolor. Primeiro, com o gol de cabe\u00e7a de David Braz; depois, com Robinho, no ricochete no beque, em jogada lancinante de Lucas Lima, que, diga-se, deveria ter sido abortada pelo juiz no seus nascedouro, quando o meia santista dominou a bola com o bra\u00e7o esquerdo esticado.<\/p>\n<p>E, pouco antes do final, Rildo, que substitu\u00edra Robinho, machucado, perdeu o terceiro (e talvez decisivo no mata-mata), cara a cara com o goleiro.<\/p>\n<p>Placar que deixa o Santos com um p\u00e9 na vaga para as quartas de final da Copa do Brasil. E todas as pessoas de bem entre envergonhadas e indignadas com o que aconteceu nesta noite em Porto Alegre.<\/p>\n<p>&nbsp;<\/p>\n<p>E aplaudo sua atua\u00e7\u00e3o, assim como seus demais companheiros, na bola rolando, j\u00e1 que n\u00e3o \u00e9 nada f\u00e1cil passar pelo Gr\u00eamio, na Arena (neste caso, o t\u00edtulo \u00e9 exato).<\/p>\n<p>&nbsp;<\/p>\n","protected":false},"excerpt":{"rendered":"<p>Desde os tempos da Ponte Preta admiro o futebol do goleiro Aranha: bom porte f\u00edsico, reflexos apurados e muita seguran\u00e7a quando vai na bola &#8211; <a class=\"read-more\" href=\"https:\/\/blogs.gazetaesportiva.com\/albertohelena\/2014\/08\/28\/aranha-na-teia-do-racismo\/\">leia mais<\/a><\/p>\n","protected":false},"author":46,"featured_media":718,"comment_status":"open","ping_status":"open","sticky":false,"template":"","format":"standard","meta":{"_jetpack_newsletter_access":"","_jetpack_dont_email_post_to_subs":false,"_jetpack_newsletter_tier_id":0,"_jetpack_memberships_contains_paywalled_content":false,"_jetpack_memberships_contains_paid_content":false,"footnotes":""},"categories":[1],"tags":[],"class_list":["post-714","post","type-post","status-publish","format-standard","has-post-thumbnail","hentry","category-sem-categoria"],"jetpack_featured_media_url":"https:\/\/blogs.gazetaesportiva.com\/albertohelena\/files\/2014\/08\/aranha_MAT1.jpg","jetpack_sharing_enabled":true,"jetpack_shortlink":"https:\/\/wp.me\/pekB7q-bw","_links":{"self":[{"href":"https:\/\/blogs.gazetaesportiva.com\/albertohelena\/wp-json\/wp\/v2\/posts\/714","targetHints":{"allow":["GET"]}}],"collection":[{"href":"https:\/\/blogs.gazetaesportiva.com\/albertohelena\/wp-json\/wp\/v2\/posts"}],"about":[{"href":"https:\/\/blogs.gazetaesportiva.com\/albertohelena\/wp-json\/wp\/v2\/types\/post"}],"author":[{"embeddable":true,"href":"https:\/\/blogs.gazetaesportiva.com\/albertohelena\/wp-json\/wp\/v2\/users\/46"}],"replies":[{"embeddable":true,"href":"https:\/\/blogs.gazetaesportiva.com\/albertohelena\/wp-json\/wp\/v2\/comments?post=714"}],"version-history":[{"count":0,"href":"https:\/\/blogs.gazetaesportiva.com\/albertohelena\/wp-json\/wp\/v2\/posts\/714\/revisions"}],"wp:featuredmedia":[{"embeddable":true,"href":"https:\/\/blogs.gazetaesportiva.com\/albertohelena\/wp-json\/wp\/v2\/media\/718"}],"wp:attachment":[{"href":"https:\/\/blogs.gazetaesportiva.com\/albertohelena\/wp-json\/wp\/v2\/media?parent=714"}],"wp:term":[{"taxonomy":"category","embeddable":true,"href":"https:\/\/blogs.gazetaesportiva.com\/albertohelena\/wp-json\/wp\/v2\/categories?post=714"},{"taxonomy":"post_tag","embeddable":true,"href":"https:\/\/blogs.gazetaesportiva.com\/albertohelena\/wp-json\/wp\/v2\/tags?post=714"}],"curies":[{"name":"wp","href":"https:\/\/api.w.org\/{rel}","templated":true}]}}