{"id":7137,"date":"2015-12-17T18:41:01","date_gmt":"2015-12-17T20:41:01","guid":{"rendered":"https:\/\/blogs.gazetaesportiva.com\/albertohelena\/?p=7137"},"modified":"2015-12-17T19:03:59","modified_gmt":"2015-12-17T21:03:59","slug":"tricolor-tenemos-profe","status":"publish","type":"post","link":"https:\/\/blogs.gazetaesportiva.com\/albertohelena\/2015\/12\/17\/tricolor-tenemos-profe\/","title":{"rendered":"Tricolor: tenemos profe!"},"content":{"rendered":"<figure id=\"attachment_7141\" aria-describedby=\"caption-attachment-7141\" style=\"width: 1000px\" class=\"wp-caption aligncenter\"><a href=\"https:\/\/blogs.gazetaesportiva.com\/albertohelena\/files\/2015\/12\/bauza_dv.jpg\"><img loading=\"lazy\" decoding=\"async\" data-attachment-id=\"7141\" data-permalink=\"https:\/\/blogs.gazetaesportiva.com\/albertohelena\/2015\/12\/17\/tricolor-tenemos-profe\/bauza_dv\/\" data-orig-file=\"https:\/\/blogs.gazetaesportiva.com\/albertohelena\/files\/2015\/12\/bauza_dv.jpg\" data-orig-size=\"1000,665\" data-comments-opened=\"1\" data-image-meta=\"{&quot;aperture&quot;:&quot;0&quot;,&quot;credit&quot;:&quot;&quot;,&quot;camera&quot;:&quot;&quot;,&quot;caption&quot;:&quot;&quot;,&quot;created_timestamp&quot;:&quot;0&quot;,&quot;copyright&quot;:&quot;&quot;,&quot;focal_length&quot;:&quot;0&quot;,&quot;iso&quot;:&quot;0&quot;,&quot;shutter_speed&quot;:&quot;0&quot;,&quot;title&quot;:&quot;&quot;,&quot;orientation&quot;:&quot;0&quot;}\" data-image-title=\"bauza_dv\" data-image-description=\"\" data-image-caption=\"&lt;p&gt;Foto: Djalma Vass\u00e3o\/Gazeta Press&lt;\/p&gt;\n\" data-medium-file=\"https:\/\/blogs.gazetaesportiva.com\/albertohelena\/files\/2015\/12\/bauza_dv-300x200.jpg\" data-large-file=\"https:\/\/blogs.gazetaesportiva.com\/albertohelena\/files\/2015\/12\/bauza_dv.jpg\" class=\"size-full wp-image-7141\" src=\"https:\/\/blogs.gazetaesportiva.com\/albertohelena\/files\/2015\/12\/bauza_dv.jpg\" alt=\"Foto: Djalma Vass\u00e3o\/Gazeta Press\" width=\"1000\" height=\"665\" srcset=\"https:\/\/blogs.gazetaesportiva.com\/albertohelena\/files\/2015\/12\/bauza_dv.jpg 1000w, https:\/\/blogs.gazetaesportiva.com\/albertohelena\/files\/2015\/12\/bauza_dv-300x200.jpg 300w, https:\/\/blogs.gazetaesportiva.com\/albertohelena\/files\/2015\/12\/bauza_dv-120x80.jpg 120w\" sizes=\"auto, (max-width: 1000px) 100vw, 1000px\" \/><\/a><figcaption id=\"caption-attachment-7141\" class=\"wp-caption-text\">Foto: Djalma Vass\u00e3o\/Gazeta Press<\/figcaption><\/figure>\n<p>Nos tempos dos festivais, o argentino Marcos L\u00e1zaro era o empres\u00e1rio que contratava a maioria dos artistas que se apresentavam nos programas da Record dos Carvalhos. E, como a coisa ia de vento em popa, chamou seu irm\u00e3o Z\u00e9 L\u00e1zaro para lhe ajudar.<\/p>\n<p>Mal desembarcado na rua da Consola\u00e7\u00e3o, com Marcos em viagem, Z\u00e9 foi acuado na parede do teatro por um dos diretores do <em>Fino da<\/em> <em>Bossa<\/em>, o meu querido Nilton Travesso, desesperado pela falta de artistas minutos antes de o programa entrar no ar.<\/p>\n<p>&#8211; Z\u00e9! Quem temos, Z\u00e9?<\/p>\n<p>E o Z\u00e9, no seu <em>espanhogu\u00eas<\/em> iniciante:<\/p>\n<p>&#8211; Tenemos&#8230; tenemos&#8230; tenemos Ca\u00e7ulinha. Tenemos&#8230; tenemos Ca\u00e7ulinha&#8230;<\/p>\n<p>O apelido pegou na hora, e o Z\u00e9 passou a ser chamado de Tenemos. (Hoje, recebeu outros ep\u00edtetos por conta das maracutaias de J. Hawilla).<\/p>\n<p>Pois, o S\u00e3o Paulo, finalmente, anunciou nesta tarde: &#8220;Tenemos maestro!&#8221;.<\/p>\n<p>Trata-se do argentino Edgardo Bauza, que ganhou fama levantando duas vezes a Libertadores, uma com a LDU e outra com o San Lorenzo.<\/p>\n<p>Dizem maravilhas do maestro, que \u00e9 como os <em>hermanos<\/em> chamam os treinadores de futebol, embora ultimamente essa qualifica\u00e7\u00e3o esteja perdendo para o popular <em>profe<\/em>, de professor.<\/p>\n<p>Confesso que n\u00e3o tenho elementos para julgar o trabalho de Bauza, mas os t\u00edtulos conquistados devem dizer muito.<\/p>\n<p>O fato \u00e9 que Ata\u00edde Guerreiro j\u00e1 havia anunciado antes mesmo de trazer Don Osorio, que s\u00f3 tinha olhos para t\u00e9cnicos estrangeiros.<\/p>\n<p>Por mim, s\u00f3 resta torcer que o maestro seja t\u00e3o bom de<em> bandone\u00f3n<\/em> como o meu querido Ca\u00e7ulinha o \u00e9 com sua sanfona m\u00e1gica.<\/p>\n","protected":false},"excerpt":{"rendered":"<p>Nos tempos dos festivais, o argentino Marcos L\u00e1zaro era o empres\u00e1rio que contratava a maioria dos artistas que se apresentavam nos programas da Record dos <a class=\"read-more\" href=\"https:\/\/blogs.gazetaesportiva.com\/albertohelena\/2015\/12\/17\/tricolor-tenemos-profe\/\">leia mais<\/a><\/p>\n","protected":false},"author":46,"featured_media":7141,"comment_status":"open","ping_status":"open","sticky":false,"template":"","format":"standard","meta":{"_jetpack_newsletter_access":"","_jetpack_dont_email_post_to_subs":false,"_jetpack_newsletter_tier_id":0,"_jetpack_memberships_contains_paywalled_content":false,"_jetpack_memberships_contains_paid_content":false,"footnotes":""},"categories":[1],"tags":[],"class_list":["post-7137","post","type-post","status-publish","format-standard","has-post-thumbnail","hentry","category-sem-categoria"],"jetpack_featured_media_url":"https:\/\/blogs.gazetaesportiva.com\/albertohelena\/files\/2015\/12\/bauza_dv.jpg","jetpack_sharing_enabled":true,"jetpack_shortlink":"https:\/\/wp.me\/pekB7q-1R7","_links":{"self":[{"href":"https:\/\/blogs.gazetaesportiva.com\/albertohelena\/wp-json\/wp\/v2\/posts\/7137","targetHints":{"allow":["GET"]}}],"collection":[{"href":"https:\/\/blogs.gazetaesportiva.com\/albertohelena\/wp-json\/wp\/v2\/posts"}],"about":[{"href":"https:\/\/blogs.gazetaesportiva.com\/albertohelena\/wp-json\/wp\/v2\/types\/post"}],"author":[{"embeddable":true,"href":"https:\/\/blogs.gazetaesportiva.com\/albertohelena\/wp-json\/wp\/v2\/users\/46"}],"replies":[{"embeddable":true,"href":"https:\/\/blogs.gazetaesportiva.com\/albertohelena\/wp-json\/wp\/v2\/comments?post=7137"}],"version-history":[{"count":0,"href":"https:\/\/blogs.gazetaesportiva.com\/albertohelena\/wp-json\/wp\/v2\/posts\/7137\/revisions"}],"wp:featuredmedia":[{"embeddable":true,"href":"https:\/\/blogs.gazetaesportiva.com\/albertohelena\/wp-json\/wp\/v2\/media\/7141"}],"wp:attachment":[{"href":"https:\/\/blogs.gazetaesportiva.com\/albertohelena\/wp-json\/wp\/v2\/media?parent=7137"}],"wp:term":[{"taxonomy":"category","embeddable":true,"href":"https:\/\/blogs.gazetaesportiva.com\/albertohelena\/wp-json\/wp\/v2\/categories?post=7137"},{"taxonomy":"post_tag","embeddable":true,"href":"https:\/\/blogs.gazetaesportiva.com\/albertohelena\/wp-json\/wp\/v2\/tags?post=7137"}],"curies":[{"name":"wp","href":"https:\/\/api.w.org\/{rel}","templated":true}]}}