{"id":7119,"date":"2015-12-17T16:49:07","date_gmt":"2015-12-17T18:49:07","guid":{"rendered":"https:\/\/blogs.gazetaesportiva.com\/albertohelena\/?p=7119"},"modified":"2015-12-17T17:04:22","modified_gmt":"2015-12-17T19:04:22","slug":"vergonha-em-tres-cores","status":"publish","type":"post","link":"https:\/\/blogs.gazetaesportiva.com\/albertohelena\/2015\/12\/17\/vergonha-em-tres-cores\/","title":{"rendered":"Vergonha em tr\u00eas cores"},"content":{"rendered":"<figure id=\"attachment_7133\" aria-describedby=\"caption-attachment-7133\" style=\"width: 640px\" class=\"wp-caption aligncenter\"><a href=\"https:\/\/blogs.gazetaesportiva.com\/albertohelena\/files\/2015\/12\/ataideaidar_sb.jpg\"><img loading=\"lazy\" decoding=\"async\" data-attachment-id=\"7133\" data-permalink=\"https:\/\/blogs.gazetaesportiva.com\/albertohelena\/2015\/12\/17\/vergonha-em-tres-cores\/ataideaidar_sb\/\" data-orig-file=\"https:\/\/blogs.gazetaesportiva.com\/albertohelena\/files\/2015\/12\/ataideaidar_sb.jpg\" data-orig-size=\"1024,682\" data-comments-opened=\"1\" data-image-meta=\"{&quot;aperture&quot;:&quot;0&quot;,&quot;credit&quot;:&quot;&quot;,&quot;camera&quot;:&quot;&quot;,&quot;caption&quot;:&quot;&quot;,&quot;created_timestamp&quot;:&quot;0&quot;,&quot;copyright&quot;:&quot;&quot;,&quot;focal_length&quot;:&quot;0&quot;,&quot;iso&quot;:&quot;0&quot;,&quot;shutter_speed&quot;:&quot;0&quot;,&quot;title&quot;:&quot;&quot;,&quot;orientation&quot;:&quot;0&quot;}\" data-image-title=\"ataideaidar_sb\" data-image-description=\"\" data-image-caption=\"&lt;p&gt;Foto: Sergio Barzaghi\/Gazeta Press&lt;\/p&gt;\n\" data-medium-file=\"https:\/\/blogs.gazetaesportiva.com\/albertohelena\/files\/2015\/12\/ataideaidar_sb-300x200.jpg\" data-large-file=\"https:\/\/blogs.gazetaesportiva.com\/albertohelena\/files\/2015\/12\/ataideaidar_sb-1024x682.jpg\" class=\"size-large wp-image-7133\" src=\"https:\/\/blogs.gazetaesportiva.com\/albertohelena\/files\/2015\/12\/ataideaidar_sb-1024x682.jpg\" alt=\"Foto: Sergio Barzaghi\/Gazeta Press\" width=\"640\" height=\"426\" srcset=\"https:\/\/blogs.gazetaesportiva.com\/albertohelena\/files\/2015\/12\/ataideaidar_sb.jpg 1024w, https:\/\/blogs.gazetaesportiva.com\/albertohelena\/files\/2015\/12\/ataideaidar_sb-300x200.jpg 300w, https:\/\/blogs.gazetaesportiva.com\/albertohelena\/files\/2015\/12\/ataideaidar_sb-120x80.jpg 120w\" sizes=\"auto, (max-width: 640px) 100vw, 640px\" \/><\/a><figcaption id=\"caption-attachment-7133\" class=\"wp-caption-text\">Foto: Sergio Barzaghi\/Gazeta Press<\/figcaption><\/figure>\n<p>Antes tarde do que nunca, a tal grava\u00e7\u00e3o do papo sinistro entre Ata\u00edde e Aidar veio a p\u00fablico. O \u00e1udio \u00e9 ruim, mas uma pequena restaura\u00e7\u00e3o permitiu que fosse refor\u00e7ado por legendas altamente comprometedoras ao ex-presidente do S\u00e3o Paulo.<\/p>\n<p>A baixaria \u00e9 de fazer corar no t\u00famulo o saudoso presidente Henry Aidar, pai do renunciante da v\u00e9spera. Vergonha em tr\u00eas cores: vermelho, de decoro; negro, de sombrio e o branco da lividez do estupor.<\/p>\n<p>A que ponto essa turma, que vem desde a gest\u00e3o Juvenal Juv\u00eancio, enlameou o glorioso escudo tricolor&#8230;.<\/p>\n<p>Enquanto isso, a menos de vinte dias da estreia na Libertadores e no Paulist\u00e3o, com um elenco desfalcado de alguns de seus principais jogadores, nem t\u00e9cnico ainda tem.<\/p>\n<p>Mergulhado em d\u00edvida atroz, como o S\u00e3o Paulo vai se remontar a tempo de fazer boa figura na temporada que se avizinha?<\/p>\n<p>S\u00f3 mesmo por um milagre do santo que lhe d\u00e1 o nome.<\/p>\n<p><strong>NA LINHA DO GOL<\/strong><\/p>\n<p><em>E Mourinho, por fim, foi escorra\u00e7ado do Chelsea, clube que ele, num passado recente e montado na grana inexplic\u00e1vel do russo Abramovic havia elevado \u00e0 condi\u00e7\u00e3o de um dos grandes da Europa. De campe\u00e3o ingl\u00eas a candidato ao descenso, foi assim, \u00f3, num vapt-vupt, a queda era vertiginosa e inevit\u00e1vel. Bom treinador, embora arrogante e provocador diante das c\u00e2meras e microfones, \u00e9 adorado pela torcida do Chelsea, mas foi deixando um rastro de antipatia entre jogadores e cartolas por onde passou. Seu destino \u00e9 incerto, mas h\u00e1 duas vagas em perspectiva por l\u00e1: a de Rafa Benitez, na marca de p\u00eanalti no Real, onde Mourinho teve conturbada passagem, e Van Gaal, muito criticado no Manchester United.\u00a0 <\/em><\/p>\n<p><strong>O Palmeiras acaba de contratar um meia que andava fora da grande cena do nosso futebol, mas que tem uma bola redonda e muita combatividade. Falo de Mois\u00e9s, que vi em a\u00e7\u00e3o na Lusa. N\u00e3o sei se chega no Parque para ser titular, sobretudo se Cleiton Xavier, finalmente, entrar em campo com a frequ\u00eancia normal. Mas, se tiver chance e jogar aquilo que jogava no Canind\u00e9, ser\u00e1 um golpe perfeito do Verd\u00e3o, na base do bom e barato numa posi\u00e7\u00e3o t\u00e3o carente no futebol brasileiro. \u00a0 <\/strong><\/p>\n","protected":false},"excerpt":{"rendered":"<p>Antes tarde do que nunca, a tal grava\u00e7\u00e3o do papo sinistro entre Ata\u00edde e Aidar veio a p\u00fablico. O \u00e1udio \u00e9 ruim, mas uma pequena <a class=\"read-more\" href=\"https:\/\/blogs.gazetaesportiva.com\/albertohelena\/2015\/12\/17\/vergonha-em-tres-cores\/\">leia mais<\/a><\/p>\n","protected":false},"author":46,"featured_media":7133,"comment_status":"open","ping_status":"open","sticky":false,"template":"","format":"standard","meta":{"_jetpack_newsletter_access":"","_jetpack_dont_email_post_to_subs":false,"_jetpack_newsletter_tier_id":0,"_jetpack_memberships_contains_paywalled_content":false,"_jetpack_memberships_contains_paid_content":false,"footnotes":""},"categories":[1],"tags":[],"class_list":["post-7119","post","type-post","status-publish","format-standard","has-post-thumbnail","hentry","category-sem-categoria"],"jetpack_featured_media_url":"https:\/\/blogs.gazetaesportiva.com\/albertohelena\/files\/2015\/12\/ataideaidar_sb.jpg","jetpack_sharing_enabled":true,"jetpack_shortlink":"https:\/\/wp.me\/pekB7q-1QP","_links":{"self":[{"href":"https:\/\/blogs.gazetaesportiva.com\/albertohelena\/wp-json\/wp\/v2\/posts\/7119","targetHints":{"allow":["GET"]}}],"collection":[{"href":"https:\/\/blogs.gazetaesportiva.com\/albertohelena\/wp-json\/wp\/v2\/posts"}],"about":[{"href":"https:\/\/blogs.gazetaesportiva.com\/albertohelena\/wp-json\/wp\/v2\/types\/post"}],"author":[{"embeddable":true,"href":"https:\/\/blogs.gazetaesportiva.com\/albertohelena\/wp-json\/wp\/v2\/users\/46"}],"replies":[{"embeddable":true,"href":"https:\/\/blogs.gazetaesportiva.com\/albertohelena\/wp-json\/wp\/v2\/comments?post=7119"}],"version-history":[{"count":0,"href":"https:\/\/blogs.gazetaesportiva.com\/albertohelena\/wp-json\/wp\/v2\/posts\/7119\/revisions"}],"wp:featuredmedia":[{"embeddable":true,"href":"https:\/\/blogs.gazetaesportiva.com\/albertohelena\/wp-json\/wp\/v2\/media\/7133"}],"wp:attachment":[{"href":"https:\/\/blogs.gazetaesportiva.com\/albertohelena\/wp-json\/wp\/v2\/media?parent=7119"}],"wp:term":[{"taxonomy":"category","embeddable":true,"href":"https:\/\/blogs.gazetaesportiva.com\/albertohelena\/wp-json\/wp\/v2\/categories?post=7119"},{"taxonomy":"post_tag","embeddable":true,"href":"https:\/\/blogs.gazetaesportiva.com\/albertohelena\/wp-json\/wp\/v2\/tags?post=7119"}],"curies":[{"name":"wp","href":"https:\/\/api.w.org\/{rel}","templated":true}]}}