{"id":7115,"date":"2015-12-17T12:17:13","date_gmt":"2015-12-17T14:17:13","guid":{"rendered":"https:\/\/blogs.gazetaesportiva.com\/albertohelena\/?p=7115"},"modified":"2015-12-17T16:54:50","modified_gmt":"2015-12-17T18:54:50","slug":"barca-3-felipao-0-em-ritmo-de-treino","status":"publish","type":"post","link":"https:\/\/blogs.gazetaesportiva.com\/albertohelena\/2015\/12\/17\/barca-3-felipao-0-em-ritmo-de-treino\/","title":{"rendered":"Bar\u00e7a 3, Felip\u00e3o 0, em ritmo de treino."},"content":{"rendered":"<figure id=\"attachment_7121\" aria-describedby=\"caption-attachment-7121\" style=\"width: 1000px\" class=\"wp-caption aligncenter\"><a href=\"https:\/\/blogs.gazetaesportiva.com\/albertohelena\/files\/2015\/12\/barcelona_helena.jpg\"><img loading=\"lazy\" decoding=\"async\" data-attachment-id=\"7121\" data-permalink=\"https:\/\/blogs.gazetaesportiva.com\/albertohelena\/2015\/12\/17\/barca-3-felipao-0-em-ritmo-de-treino\/fbl-wclub-2015-evergrande-barcelona\/\" data-orig-file=\"https:\/\/blogs.gazetaesportiva.com\/albertohelena\/files\/2015\/12\/barcelona_helena.jpg\" data-orig-size=\"1000,610\" data-comments-opened=\"1\" data-image-meta=\"{&quot;aperture&quot;:&quot;0&quot;,&quot;credit&quot;:&quot;AFP&quot;,&quot;camera&quot;:&quot;&quot;,&quot;caption&quot;:&quot;Barcelona head coach Luis Enrique (R) and Guangzhou Evergrande head coach Luiz Felipe Scolari (L) speak with each other prior to their Club World Cup semi-final football match against Guangzhou Evergrande in Yokohama on December 17, 2015.  AFP PHOTO \\\/ KAZUHIRO NOGI \\\/ AFP \\\/ KAZUHIRO NOGI&quot;,&quot;created_timestamp&quot;:&quot;1450347924&quot;,&quot;copyright&quot;:&quot;&quot;,&quot;focal_length&quot;:&quot;0&quot;,&quot;iso&quot;:&quot;0&quot;,&quot;shutter_speed&quot;:&quot;0&quot;,&quot;title&quot;:&quot;FBL-WCLUB-2015-EVERGRANDE-BARCELONA&quot;,&quot;orientation&quot;:&quot;0&quot;}\" data-image-title=\"FBL-WCLUB-2015-EVERGRANDE-BARCELONA\" data-image-description=\"\" data-image-caption=\"&lt;p&gt;(Foto: KAZUHIRO NOGI \/ AFP)&lt;\/p&gt;\n\" data-medium-file=\"https:\/\/blogs.gazetaesportiva.com\/albertohelena\/files\/2015\/12\/barcelona_helena-300x183.jpg\" data-large-file=\"https:\/\/blogs.gazetaesportiva.com\/albertohelena\/files\/2015\/12\/barcelona_helena.jpg\" class=\"size-full wp-image-7121\" src=\"https:\/\/blogs.gazetaesportiva.com\/albertohelena\/files\/2015\/12\/barcelona_helena.jpg\" alt=\"(Foto: KAZUHIRO NOGI \/ AFP)\" width=\"1000\" height=\"610\" srcset=\"https:\/\/blogs.gazetaesportiva.com\/albertohelena\/files\/2015\/12\/barcelona_helena.jpg 1000w, https:\/\/blogs.gazetaesportiva.com\/albertohelena\/files\/2015\/12\/barcelona_helena-300x183.jpg 300w\" sizes=\"auto, (max-width: 1000px) 100vw, 1000px\" \/><\/a><figcaption id=\"caption-attachment-7121\" class=\"wp-caption-text\">Foto: KAZUHIRO NOGI \/ AFP<\/figcaption><\/figure>\n<p>Para o Bar\u00e7a, apesar das bravatas de v\u00e9spera do Felip\u00e3o, foi apenas um treino recreativo antes do embate final com o River, pela ta\u00e7a do mundo de clubes. Um treino sem Messi e Neymar, diga-se. Mas, com Iniesta e Su\u00e1rez, que construiram o placar de 3 a 0 sem sofrer um arranh\u00e3o sequer l\u00e1 atr\u00e1s: Iniesta, organizando o time; Su\u00e1rez, marcando os tr\u00eas gols de sua equipe &#8211; um, no rebote do goleiro, em disparo de Rakitic; outro, num passe magistral de Iniesta, que o uruguaio matou no peito e girou para as redes; e o terceiro, na cobran\u00e7a de p\u00eanalti um tanto mandrake em Munir.<\/p>\n<p>Esse terceiro gol ocorreu l\u00e1 pelos 20 minutos do segundo tempo, e, como os chineses de Felip\u00e3o refor\u00e7ados por alguns brasileiros, n\u00e3o se dispunham a atacar nem a pau, o Bar\u00e7a ficou ali naquele nheconheco, trocando passes, com 75 por cento de posse de bola, at\u00e9 o apito final.<\/p>\n<p>Qual a novidade?<\/p>\n<p>&nbsp;<\/p>\n","protected":false},"excerpt":{"rendered":"<p>Para o Bar\u00e7a, apesar das bravatas de v\u00e9spera do Felip\u00e3o, foi apenas um treino recreativo antes do embate final com o River, pela ta\u00e7a do <a class=\"read-more\" href=\"https:\/\/blogs.gazetaesportiva.com\/albertohelena\/2015\/12\/17\/barca-3-felipao-0-em-ritmo-de-treino\/\">leia mais<\/a><\/p>\n","protected":false},"author":46,"featured_media":7121,"comment_status":"open","ping_status":"open","sticky":false,"template":"","format":"standard","meta":{"_jetpack_newsletter_access":"","_jetpack_dont_email_post_to_subs":false,"_jetpack_newsletter_tier_id":0,"_jetpack_memberships_contains_paywalled_content":false,"_jetpack_memberships_contains_paid_content":false,"footnotes":""},"categories":[1],"tags":[],"class_list":["post-7115","post","type-post","status-publish","format-standard","has-post-thumbnail","hentry","category-sem-categoria"],"jetpack_featured_media_url":"https:\/\/blogs.gazetaesportiva.com\/albertohelena\/files\/2015\/12\/barcelona_helena.jpg","jetpack_sharing_enabled":true,"jetpack_shortlink":"https:\/\/wp.me\/pekB7q-1QL","_links":{"self":[{"href":"https:\/\/blogs.gazetaesportiva.com\/albertohelena\/wp-json\/wp\/v2\/posts\/7115","targetHints":{"allow":["GET"]}}],"collection":[{"href":"https:\/\/blogs.gazetaesportiva.com\/albertohelena\/wp-json\/wp\/v2\/posts"}],"about":[{"href":"https:\/\/blogs.gazetaesportiva.com\/albertohelena\/wp-json\/wp\/v2\/types\/post"}],"author":[{"embeddable":true,"href":"https:\/\/blogs.gazetaesportiva.com\/albertohelena\/wp-json\/wp\/v2\/users\/46"}],"replies":[{"embeddable":true,"href":"https:\/\/blogs.gazetaesportiva.com\/albertohelena\/wp-json\/wp\/v2\/comments?post=7115"}],"version-history":[{"count":0,"href":"https:\/\/blogs.gazetaesportiva.com\/albertohelena\/wp-json\/wp\/v2\/posts\/7115\/revisions"}],"wp:featuredmedia":[{"embeddable":true,"href":"https:\/\/blogs.gazetaesportiva.com\/albertohelena\/wp-json\/wp\/v2\/media\/7121"}],"wp:attachment":[{"href":"https:\/\/blogs.gazetaesportiva.com\/albertohelena\/wp-json\/wp\/v2\/media?parent=7115"}],"wp:term":[{"taxonomy":"category","embeddable":true,"href":"https:\/\/blogs.gazetaesportiva.com\/albertohelena\/wp-json\/wp\/v2\/categories?post=7115"},{"taxonomy":"post_tag","embeddable":true,"href":"https:\/\/blogs.gazetaesportiva.com\/albertohelena\/wp-json\/wp\/v2\/tags?post=7115"}],"curies":[{"name":"wp","href":"https:\/\/api.w.org\/{rel}","templated":true}]}}