{"id":7107,"date":"2015-12-16T21:43:46","date_gmt":"2015-12-16T23:43:46","guid":{"rendered":"https:\/\/blogs.gazetaesportiva.com\/albertohelena\/?p=7107"},"modified":"2015-12-16T22:08:59","modified_gmt":"2015-12-17T00:08:59","slug":"sem-luz-no-fim-do-tunel","status":"publish","type":"post","link":"https:\/\/blogs.gazetaesportiva.com\/albertohelena\/2015\/12\/16\/sem-luz-no-fim-do-tunel\/","title":{"rendered":"Sem luz no fim do t\u00fanel"},"content":{"rendered":"<figure id=\"attachment_6573\" aria-describedby=\"caption-attachment-6573\" style=\"width: 900px\" class=\"wp-caption aligncenter\"><a href=\"https:\/\/blogs.gazetaesportiva.com\/albertohelena\/files\/2015\/11\/delnero1.jpg\"><img loading=\"lazy\" decoding=\"async\" data-attachment-id=\"6573\" data-permalink=\"https:\/\/blogs.gazetaesportiva.com\/albertohelena\/2015\/11\/12\/cbf-chama-os-bombeiros\/delnero1\/\" data-orig-file=\"https:\/\/blogs.gazetaesportiva.com\/albertohelena\/files\/2015\/11\/delnero1.jpg\" data-orig-size=\"900,599\" data-comments-opened=\"1\" data-image-meta=\"{&quot;aperture&quot;:&quot;0&quot;,&quot;credit&quot;:&quot;&quot;,&quot;camera&quot;:&quot;&quot;,&quot;caption&quot;:&quot;&quot;,&quot;created_timestamp&quot;:&quot;0&quot;,&quot;copyright&quot;:&quot;&quot;,&quot;focal_length&quot;:&quot;0&quot;,&quot;iso&quot;:&quot;0&quot;,&quot;shutter_speed&quot;:&quot;0&quot;,&quot;title&quot;:&quot;&quot;,&quot;orientation&quot;:&quot;0&quot;}\" data-image-title=\"delnero1\" data-image-description=\"\" data-image-caption=\"&lt;p&gt;(Foto: Sergio Barzaghi\/Gazeta Press)&lt;\/p&gt;\n\" data-medium-file=\"https:\/\/blogs.gazetaesportiva.com\/albertohelena\/files\/2015\/11\/delnero1-300x200.jpg\" data-large-file=\"https:\/\/blogs.gazetaesportiva.com\/albertohelena\/files\/2015\/11\/delnero1.jpg\" class=\"size-full wp-image-6573\" src=\"https:\/\/blogs.gazetaesportiva.com\/albertohelena\/files\/2015\/11\/delnero1.jpg\" alt=\"(Foto: Sergio Barzaghi\/Gazeta Press)\" width=\"900\" height=\"599\" srcset=\"https:\/\/blogs.gazetaesportiva.com\/albertohelena\/files\/2015\/11\/delnero1.jpg 900w, https:\/\/blogs.gazetaesportiva.com\/albertohelena\/files\/2015\/11\/delnero1-300x200.jpg 300w, https:\/\/blogs.gazetaesportiva.com\/albertohelena\/files\/2015\/11\/delnero1-120x80.jpg 120w\" sizes=\"auto, (max-width: 900px) 100vw, 900px\" \/><\/a><figcaption id=\"caption-attachment-6573\" class=\"wp-caption-text\">(Foto: Sergio Barzaghi\/Gazeta Press)<\/figcaption><\/figure>\n<p>O amigo, por acaso, tinha alguma esperan\u00e7a de que a CPI sobre a CBF no Congresso Nacional levaria a algum lugar? Quanta ingenuidade! Como j\u00e1 ocorrera naquela armada anos atr\u00e1s que acabou por inocentar Ricardo Teixeira e ningu\u00e9m menos do que J. Hawila, o delator que detonou toda a investiga\u00e7\u00e3o do FBI capaz de levar \u00e0s grades um enorme contingente de cartolas mundiais, inclusive Marin, unha e carne de Del Nero, essas CPIs n\u00e3o passam de mero jogo de cena.<\/p>\n<p>A come\u00e7ar pelo fato de que Del Nero optou para ser inquirido na CPI como suspeito e n\u00e3o como testemunha. Por qu\u00ea? Simplesmente porque, como suspeito, teria o direito de mentir e calar-se quando considerasse conveniente.<\/p>\n<p>Assim, todas as respostas dadas por ele est\u00e3o sob suspeita, no m\u00ednimo. O que facilitou a a\u00e7\u00e3o dos parlamentares ligados \u00e0 Bancada da Bola, dispostos a aliviar a situa\u00e7\u00e3o do cartola.<\/p>\n<p>Enquanto isso, o projeto de Del Nero na CBF seguia de vento em popa: o Coronel Nunes, tamb\u00e9m sob suspeitas de irregularidades cometidas na Federa\u00e7\u00e3o Paraense,\u00a0 foi eleito como substituto de Marin, na vice-presid\u00eancia, garantindo o <em>status quo, <\/em>posto que passou a ser o vice mais velho em idade, regra para substituir o presidente licenciado, caso sobrevenha a ren\u00fancia do titular.<\/p>\n<p>O menos pior: aquele que levou o chap\u00e9u, o presidente da federa\u00e7\u00e3o catarinense, tem curr\u00edculo ainda mais amea\u00e7ador.<\/p>\n<p>Como venho repetindo h\u00e1 tempos, n\u00e3o h\u00e1 luz no fim do t\u00fanel.<\/p>\n<p>&nbsp;<\/p>\n","protected":false},"excerpt":{"rendered":"<p>O amigo, por acaso, tinha alguma esperan\u00e7a de que a CPI sobre a CBF no Congresso Nacional levaria a algum lugar? Quanta ingenuidade! Como j\u00e1 <a class=\"read-more\" href=\"https:\/\/blogs.gazetaesportiva.com\/albertohelena\/2015\/12\/16\/sem-luz-no-fim-do-tunel\/\">leia mais<\/a><\/p>\n","protected":false},"author":46,"featured_media":6573,"comment_status":"open","ping_status":"open","sticky":false,"template":"","format":"standard","meta":{"_jetpack_newsletter_access":"","_jetpack_dont_email_post_to_subs":false,"_jetpack_newsletter_tier_id":0,"_jetpack_memberships_contains_paywalled_content":false,"_jetpack_memberships_contains_paid_content":false,"footnotes":""},"categories":[1],"tags":[],"class_list":["post-7107","post","type-post","status-publish","format-standard","has-post-thumbnail","hentry","category-sem-categoria"],"jetpack_featured_media_url":"https:\/\/blogs.gazetaesportiva.com\/albertohelena\/files\/2015\/11\/delnero1.jpg","jetpack_sharing_enabled":true,"jetpack_shortlink":"https:\/\/wp.me\/pekB7q-1QD","_links":{"self":[{"href":"https:\/\/blogs.gazetaesportiva.com\/albertohelena\/wp-json\/wp\/v2\/posts\/7107","targetHints":{"allow":["GET"]}}],"collection":[{"href":"https:\/\/blogs.gazetaesportiva.com\/albertohelena\/wp-json\/wp\/v2\/posts"}],"about":[{"href":"https:\/\/blogs.gazetaesportiva.com\/albertohelena\/wp-json\/wp\/v2\/types\/post"}],"author":[{"embeddable":true,"href":"https:\/\/blogs.gazetaesportiva.com\/albertohelena\/wp-json\/wp\/v2\/users\/46"}],"replies":[{"embeddable":true,"href":"https:\/\/blogs.gazetaesportiva.com\/albertohelena\/wp-json\/wp\/v2\/comments?post=7107"}],"version-history":[{"count":0,"href":"https:\/\/blogs.gazetaesportiva.com\/albertohelena\/wp-json\/wp\/v2\/posts\/7107\/revisions"}],"wp:featuredmedia":[{"embeddable":true,"href":"https:\/\/blogs.gazetaesportiva.com\/albertohelena\/wp-json\/wp\/v2\/media\/6573"}],"wp:attachment":[{"href":"https:\/\/blogs.gazetaesportiva.com\/albertohelena\/wp-json\/wp\/v2\/media?parent=7107"}],"wp:term":[{"taxonomy":"category","embeddable":true,"href":"https:\/\/blogs.gazetaesportiva.com\/albertohelena\/wp-json\/wp\/v2\/categories?post=7107"},{"taxonomy":"post_tag","embeddable":true,"href":"https:\/\/blogs.gazetaesportiva.com\/albertohelena\/wp-json\/wp\/v2\/tags?post=7107"}],"curies":[{"name":"wp","href":"https:\/\/api.w.org\/{rel}","templated":true}]}}