{"id":7091,"date":"2015-12-15T21:28:21","date_gmt":"2015-12-15T23:28:21","guid":{"rendered":"https:\/\/blogs.gazetaesportiva.com\/albertohelena\/?p=7091"},"modified":"2015-12-16T01:19:54","modified_gmt":"2015-12-16T03:19:54","slug":"7091","status":"publish","type":"post","link":"https:\/\/blogs.gazetaesportiva.com\/albertohelena\/2015\/12\/15\/7091\/","title":{"rendered":"Um dia, a casa cai"},"content":{"rendered":"<figure id=\"attachment_189\" aria-describedby=\"caption-attachment-189\" style=\"width: 640px\" class=\"wp-caption aligncenter\"><a href=\"https:\/\/blogs.gazetaesportiva.com\/albertohelena\/files\/2014\/07\/manutencao_640_fd.jpg\"><img loading=\"lazy\" decoding=\"async\" data-attachment-id=\"189\" data-permalink=\"https:\/\/blogs.gazetaesportiva.com\/albertohelena\/2014\/07\/15\/importa-ou-nao-importa-pouco-importa\/manutencao_640_fd\/\" data-orig-file=\"https:\/\/blogs.gazetaesportiva.com\/albertohelena\/files\/2014\/07\/manutencao_640_fd.jpg\" data-orig-size=\"640,420\" data-comments-opened=\"1\" data-image-meta=\"{&quot;aperture&quot;:&quot;0&quot;,&quot;credit&quot;:&quot;&quot;,&quot;camera&quot;:&quot;&quot;,&quot;caption&quot;:&quot;&quot;,&quot;created_timestamp&quot;:&quot;0&quot;,&quot;copyright&quot;:&quot;&quot;,&quot;focal_length&quot;:&quot;0&quot;,&quot;iso&quot;:&quot;0&quot;,&quot;shutter_speed&quot;:&quot;0&quot;,&quot;title&quot;:&quot;&quot;}\" data-image-title=\"Foto: Fernando Dantas\/Gazeta Press\" data-image-description=\"\" data-image-caption=\"&lt;p&gt;Foto: Fernando Dantas\/Gazeta Press&lt;\/p&gt;\n\" data-medium-file=\"https:\/\/blogs.gazetaesportiva.com\/albertohelena\/files\/2014\/07\/manutencao_640_fd.jpg\" data-large-file=\"https:\/\/blogs.gazetaesportiva.com\/albertohelena\/files\/2014\/07\/manutencao_640_fd.jpg\" class=\"size-full wp-image-189\" src=\"https:\/\/blogs.gazetaesportiva.com\/albertohelena\/files\/2014\/07\/manutencao_640_fd.jpg\" alt=\"Foto: Fernando Dantas\/Gazeta Press\" width=\"640\" height=\"420\" \/><\/a><figcaption id=\"caption-attachment-189\" class=\"wp-caption-text\">Foto: Fernando Dantas\/Gazeta Press<\/figcaption><\/figure>\n<p>A manifesta\u00e7\u00e3o regida pelo bom Senso FC diante da sede da CBF, embasada no abaixo-assinado firmado por cidad\u00e3os de v\u00e1rios segmentos da sociedade brasileira, pedindo a ren\u00fancia de Del Nero, foi simp\u00e1tica, ordeira, procedente e oportuna. Mas, nem fez cosquinha nos atuais donos do poder, que enviaram \u00e0 frente dos microfones seu secret\u00e1rio-geral, Walter Feldman, pol\u00edtico do PSB (ah, que saudade do Partido Socialista Brasileiro de Aur\u00e9lio Viana, Jo\u00e3o Mangabeira, Rog\u00ea Ferreira, F\u00falvio Abramo&#8230;) para dar uma resposta.<\/p>\n<p>O pol\u00edtico, como tal, desfiou um nhenhenh\u00e9m daqueles, contou historinhas pra boi dormir e, no fim da tarde, foi tomar ch\u00e1 com seus parceiros celebrando a cassa\u00e7\u00e3o da liminar que impedia a elei\u00e7\u00e3o do vice substituto de Marin, preso nos Estados Unidos. Certamente, aquele mesmo Coronel Nunes, do Par\u00e1, escalado pela idade e subservi\u00eancia a Del Nero para suced\u00ea-lo, no caso de o presidente licenciado n\u00e3o escapar \u00e0s grades da justi\u00e7a.<\/p>\n<p>Para os advogados do advogado Del Nero, por\u00e9m, o escape ser\u00e1 f\u00e1cil. Afinal, segundo deixaram transparecer, os crimes pelos quais \u00e9 acusado nos EUA, aqui, na Terra de Pindorama, nem crimes s\u00e3o. N\u00e3o duvido nada disso. Afinal, esse emaranhado de leis brasileiras vem sendo tecido desde os tempos das Capitanias Heredit\u00e1rias justamente para oferecer abrigo e fuga aos poderosos de plant\u00e3o.<\/p>\n<p>O fato \u00e9 que segue o jogo sujo na c\u00fapula do nosso futebol. Assim como deve seguir a press\u00e3o da sociedade brasileira para que esse cen\u00e1rio se transfigure um dia. De tanto martelar, quem sabe? Afinal, \u00e9 assim que funciona a democracia, segundo Churchill, o pior sistema pol\u00edtico, embora n\u00e3o se tenha inventado nenhum outro melhor.<\/p>\n<p><strong>NA LINHA DO GOL<\/strong><\/p>\n<p><em>E que gola\u00e7o! exclamaria meu querido Osmar Santos diante desse petardo de trinta metros de Xabi Alonso que deu a apertada vit\u00f3ria por 1 a 0 sobre o modesto Darmstadt, pela Copa da Alemanha. A bola veio alta, rebatida da defesa em cobran\u00e7a de corner, quicou \u00e0 frente do volante espanhol que esperou a bichinha descer pra desferir um tiro certeiro no \u00e2ngulo, de p\u00e9 direito. S\u00f3 deu Bayern, de cabo a rabo, mas que falta andam fazendo Robben e Douglas Costa, sem falar em Rib\u00e9ry sempre machucado&#8230; Sem eles, os b\u00e1varos perdem a for\u00e7a pelos lados, apesar dos ingentes esfor\u00e7os do menino franc\u00eas, Coman.\u00a0 <\/em><\/p>\n<p>&nbsp;<\/p>\n<p>&nbsp;<\/p>\n","protected":false},"excerpt":{"rendered":"<p>A manifesta\u00e7\u00e3o regida pelo bom Senso FC diante da sede da CBF, embasada no abaixo-assinado firmado por cidad\u00e3os de v\u00e1rios segmentos da sociedade brasileira, pedindo <a class=\"read-more\" href=\"https:\/\/blogs.gazetaesportiva.com\/albertohelena\/2015\/12\/15\/7091\/\">leia mais<\/a><\/p>\n","protected":false},"author":46,"featured_media":189,"comment_status":"open","ping_status":"open","sticky":false,"template":"","format":"standard","meta":{"_jetpack_newsletter_access":"","_jetpack_dont_email_post_to_subs":false,"_jetpack_newsletter_tier_id":0,"_jetpack_memberships_contains_paywalled_content":false,"_jetpack_memberships_contains_paid_content":false,"footnotes":""},"categories":[1],"tags":[],"class_list":["post-7091","post","type-post","status-publish","format-standard","has-post-thumbnail","hentry","category-sem-categoria"],"jetpack_featured_media_url":"https:\/\/blogs.gazetaesportiva.com\/albertohelena\/files\/2014\/07\/manutencao_640_fd.jpg","jetpack_sharing_enabled":true,"jetpack_shortlink":"https:\/\/wp.me\/sekB7q-7091","_links":{"self":[{"href":"https:\/\/blogs.gazetaesportiva.com\/albertohelena\/wp-json\/wp\/v2\/posts\/7091","targetHints":{"allow":["GET"]}}],"collection":[{"href":"https:\/\/blogs.gazetaesportiva.com\/albertohelena\/wp-json\/wp\/v2\/posts"}],"about":[{"href":"https:\/\/blogs.gazetaesportiva.com\/albertohelena\/wp-json\/wp\/v2\/types\/post"}],"author":[{"embeddable":true,"href":"https:\/\/blogs.gazetaesportiva.com\/albertohelena\/wp-json\/wp\/v2\/users\/46"}],"replies":[{"embeddable":true,"href":"https:\/\/blogs.gazetaesportiva.com\/albertohelena\/wp-json\/wp\/v2\/comments?post=7091"}],"version-history":[{"count":0,"href":"https:\/\/blogs.gazetaesportiva.com\/albertohelena\/wp-json\/wp\/v2\/posts\/7091\/revisions"}],"wp:featuredmedia":[{"embeddable":true,"href":"https:\/\/blogs.gazetaesportiva.com\/albertohelena\/wp-json\/wp\/v2\/media\/189"}],"wp:attachment":[{"href":"https:\/\/blogs.gazetaesportiva.com\/albertohelena\/wp-json\/wp\/v2\/media?parent=7091"}],"wp:term":[{"taxonomy":"category","embeddable":true,"href":"https:\/\/blogs.gazetaesportiva.com\/albertohelena\/wp-json\/wp\/v2\/categories?post=7091"},{"taxonomy":"post_tag","embeddable":true,"href":"https:\/\/blogs.gazetaesportiva.com\/albertohelena\/wp-json\/wp\/v2\/tags?post=7091"}],"curies":[{"name":"wp","href":"https:\/\/api.w.org\/{rel}","templated":true}]}}